{"id":86418,"date":"2024-01-08T11:04:47","date_gmt":"2024-01-08T14:04:47","guid":{"rendered":"https:\/\/catolicanet.net\/wp-cnet\/?p=86418"},"modified":"2024-01-08T11:04:47","modified_gmt":"2024-01-08T14:04:47","slug":"poulides-os-cenarios-mundiais-relancam-os-valores-da-diplomacia-multilateral","status":"publish","type":"post","link":"https:\/\/catolicanet.net\/wp-cnet\/poulides-os-cenarios-mundiais-relancam-os-valores-da-diplomacia-multilateral\/","title":{"rendered":"Poulides: os cen\u00e1rios mundiais relan\u00e7am os valores da diplomacia multilateral"},"content":{"rendered":"<figure class=\"article__image\" style=\"text-align: justify;\"><span class=\"didascalia_img\">O Papa sa\u00fada Georgios Poulides, decano do Corpo Diplom\u00e1tico credenciado junto \u00e0 Santa S\u00e9\u00a0 (VATICAN MEDIA Divisione Foto)<\/span><\/figure>\n<div class=\"article__meta \" data-mediatype=\"\">\n<div class=\"article__subTitle\" style=\"text-align: justify;\">Diante das crises humanit\u00e1rias, clim\u00e1ticas, econ\u00f4micas e b\u00e9licas, s\u00e3o necess\u00e1rias reflex\u00f5es comuns, disse o Decano do Corpo Diplom\u00e1tico credenciado junto \u00e0 Santa S\u00e9 em sua sauda\u00e7\u00e3o ao Papa por ocasi\u00e3o dos cumprimentos de Ano Novo. \u00c9 necess\u00e1rio tamb\u00e9m um di\u00e1logo intergeracional.<\/div>\n<div class=\"title__separator\" style=\"text-align: justify;\"><\/div>\n<div class=\"article__text\">\n<p style=\"text-align: justify;\"><b>Tiziana Campisi &#8211; Cidade do Vaticano<\/b><\/p>\n<p style=\"text-align: justify;\">Em nome de todo o corpo diplom\u00e1tico credenciado junto \u00e0 Santa S\u00e9, na reuni\u00e3o de sauda\u00e7\u00e3o de Ano Novo, o Decano Georgios Poulides, Embaixador do Chipre, dirigiu uma sauda\u00e7\u00e3o ao Papa com um pensamento voltado, em primeiro lugar, &#8220;a todas as pessoas, idosos, mulheres e crian\u00e7as do mundo que est\u00e3o sofrendo por causa de guerras e conflitos&#8221;, e acrescentou que &#8220;a Terceira Guerra Mundial em peda\u00e7os&#8221;, repetidamente mencionada por Francisco, &#8220;\u00e9 uma realidade cada vez mais evidente diante de nossos olhos consternados e de nossas m\u00e3os impotentes&#8221;. &#8220;Mais de uma vez&#8221;, disse o diplomata dirigindo-se ao Papa, &#8220;pediu-nos para sermos artes\u00e3os da paz, a servi\u00e7o dos povos e do bem comum, superando nossos particularismos e trabalhando em uma diplomacia do di\u00e1logo, capaz de buscar o que une e afastar o que divide&#8221;. Em seguida, Poulides agradeceu ao Pont\u00edfice por sua sugest\u00e3o de &#8220;caminhos e a\u00e7\u00f5es para resolver os muitos problemas do mundo contempor\u00e2neo&#8221; e seu convite para enfrentar os &#8220;desafios do amanh\u00e3&#8221;, para os quais devemos estar preparados.<\/p>\n<h2 style=\"text-align: justify;\">Promover o di\u00e1logo entre gera\u00e7\u00f5es<\/h2>\n<p style=\"text-align: justify;\">O embaixador do Chipre tamb\u00e9m lembrou o apelo por &#8220;respostas comuns e multilaterais&#8221; que Francisco pediu, considerando as &#8220;crises humanit\u00e1rias, clim\u00e1ticas, econ\u00f4micas e de guerra&#8221;, e destacou que &#8220;o mundo global em que vivemos hoje nos imp\u00f5e reflex\u00f5es comuns e nos convida a acreditar novamente nos valores da diplomacia multilateral&#8221;. Por fim, com um olhar para as novas gera\u00e7\u00f5es, Poulides destacou que precisamos de &#8220;um di\u00e1logo intergeracional&#8221; que leve em conta o passado e incentive o confronto entre jovens e idosos, pois &#8220;s\u00f3 assim h\u00e1 esperan\u00e7a de gerar uma boa pol\u00edtica&#8221; que possa corrigir os desequil\u00edbrios econ\u00f4micos e investir no futuro.<\/p>\n<\/div>\n<\/div>\n","protected":false},"excerpt":{"rendered":"<p>O Papa sa\u00fada Georgios Poulides, decano do Corpo Diplom\u00e1tico credenciado junto \u00e0 Santa S\u00e9\u00a0 (VATICAN MEDIA Divisione Foto) Diante das crises humanit\u00e1rias, clim\u00e1ticas, econ\u00f4micas e b\u00e9licas, s\u00e3o necess\u00e1rias reflex\u00f5es comuns, disse o Decano do Corpo Diplom\u00e1tico credenciado junto \u00e0 Santa S\u00e9 em sua sauda\u00e7\u00e3o ao Papa por ocasi\u00e3o dos cumprimentos de Ano Novo. \u00c9 necess\u00e1rio [&hellip;]<\/p>\n","protected":false},"author":1,"featured_media":86419,"comment_status":"open","ping_status":"closed","sticky":false,"template":"","format":"standard","meta":{"footnotes":""},"categories":[3],"tags":[],"class_list":["post-86418","post","type-post","status-publish","format-standard","has-post-thumbnail","hentry","category-vaticano"],"_links":{"self":[{"href":"https:\/\/catolicanet.net\/wp-cnet\/wp-json\/wp\/v2\/posts\/86418","targetHints":{"allow":["GET"]}}],"collection":[{"href":"https:\/\/catolicanet.net\/wp-cnet\/wp-json\/wp\/v2\/posts"}],"about":[{"href":"https:\/\/catolicanet.net\/wp-cnet\/wp-json\/wp\/v2\/types\/post"}],"author":[{"embeddable":true,"href":"https:\/\/catolicanet.net\/wp-cnet\/wp-json\/wp\/v2\/users\/1"}],"replies":[{"embeddable":true,"href":"https:\/\/catolicanet.net\/wp-cnet\/wp-json\/wp\/v2\/comments?post=86418"}],"version-history":[{"count":1,"href":"https:\/\/catolicanet.net\/wp-cnet\/wp-json\/wp\/v2\/posts\/86418\/revisions"}],"predecessor-version":[{"id":86421,"href":"https:\/\/catolicanet.net\/wp-cnet\/wp-json\/wp\/v2\/posts\/86418\/revisions\/86421"}],"wp:featuredmedia":[{"embeddable":true,"href":"https:\/\/catolicanet.net\/wp-cnet\/wp-json\/wp\/v2\/media\/86419"}],"wp:attachment":[{"href":"https:\/\/catolicanet.net\/wp-cnet\/wp-json\/wp\/v2\/media?parent=86418"}],"wp:term":[{"taxonomy":"category","embeddable":true,"href":"https:\/\/catolicanet.net\/wp-cnet\/wp-json\/wp\/v2\/categories?post=86418"},{"taxonomy":"post_tag","embeddable":true,"href":"https:\/\/catolicanet.net\/wp-cnet\/wp-json\/wp\/v2\/tags?post=86418"}],"curies":[{"name":"wp","href":"https:\/\/api.w.org\/{rel}","templated":true}]}}