{"id":86414,"date":"2024-01-08T09:00:57","date_gmt":"2024-01-08T12:00:57","guid":{"rendered":"https:\/\/catolicanet.net\/wp-cnet\/?p=86414"},"modified":"2024-01-08T11:03:22","modified_gmt":"2024-01-08T14:03:22","slug":"papa-a-paz-esta-ameacada-e-o-ano-jubilar-se-faz-necessario-a-guerra-e-um-massacre-inutil","status":"publish","type":"post","link":"https:\/\/catolicanet.net\/wp-cnet\/papa-a-paz-esta-ameacada-e-o-ano-jubilar-se-faz-necessario-a-guerra-e-um-massacre-inutil\/","title":{"rendered":"Papa: a paz est\u00e1 amea\u00e7ada e o Ano jubilar se faz necess\u00e1rio. A guerra \u00e9 um &#8220;massacre in\u00fatil&#8221;"},"content":{"rendered":"<div class=\"article__subTitle\" style=\"text-align: justify;\">Francisco recebeu em audi\u00eancia os embaixadores acreditados junto \u00e0 Santa S\u00e9 e alertou para &#8220;a terceira guerra mundial em peda\u00e7os&#8221;, que est\u00e1 se tornando um verdadeiro conflito global.<\/div>\n<div class=\"title__separator\" style=\"text-align: justify;\"><\/div>\n<div class=\"article__text\">\n<p style=\"text-align: justify;\"><b>Bianca Fraccalvieri \u2013 Vatican News<\/b><\/p>\n<p><iframe loading=\"lazy\" title=\"Audi\u00eancia aos membros do Corpo Diplom\u00e1tico 08 de janeiro de 2024 Papa Francisco\" width=\"696\" height=\"392\" src=\"https:\/\/www.youtube.com\/embed\/iR4RHPQjzms?feature=oembed\" frameborder=\"0\" allow=\"accelerometer; autoplay; clipboard-write; encrypted-media; gyroscope; picture-in-picture; web-share\" allowfullscreen><\/iframe><\/p>\n<p style=\"text-align: justify;\">O discurso do Papa ao corpo diplom\u00e1tico acreditado junto \u00e0 Santa S\u00e9 \u00e9 um dos mais tradicionais e importantes do ano e n\u00e3o foi diferente neste 2024. Francisco recebeu na manh\u00e3 desta segunda-feira, 8 de janeiro, os embaixadores de 184 pa\u00edses e passou em resenha os principais desafios da comunidade internacional. Falou de tecnologia e intelig\u00eancia artificial, migra\u00e7\u00e3o, barrigas de aluguel, mudan\u00e7as clim\u00e1ticas, educa\u00e7\u00e3o, liberdade religiosa, democracia e desigualdade. Mas o fio condutor de seu discurso foi a paz:<\/p>\n<div style=\"text-align: justify;\">\n<div class=\"article__embed article__embed--border embed_style\">\n<blockquote><p>\u201cTrabalhar pela paz. Uma palavra t\u00e3o fr\u00e1gil, que, ao mesmo tempo, se revela exigente e densa de significado. A ela quero dedicar a nossa reflex\u00e3o de hoje, num momento hist\u00f3rico em que a mesma est\u00e1 cada vez mais amea\u00e7ada, fragilizada e parcialmente perdida. Ali\u00e1s \u00e9 dever da Santa S\u00e9, no seio da comunidade internacional, ser voz prof\u00e9tica e apelo \u00e0 consci\u00eancia.\u201d<\/p><\/blockquote>\n<\/div>\n<\/div>\n<p style=\"text-align: justify;\">Francisco citou o discurso do seu predecessor Pio XII oitenta anos atr\u00e1s, perto do fim da II Guerra Mundial, em que a humanidade sentia o impulso para uma &#8220;renova\u00e7\u00e3o profunda&#8221;. Este impulso, afirmou o Pont\u00edfice, parece ter-se esgotado e &#8220;terceira guerra mundial aos peda\u00e7os&#8221; est\u00e1 se tornando um verdadeiro conflito global.<\/p>\n<div style=\"text-align: justify;\">\n<div class=\"article__embed article__embed--unwrap article__embed--photo\">\n<figure><picture><source srcset=\"\/content\/dam\/vaticannews\/agenzie\/images\/srv\/2024\/01\/08\/2024-01-08-auguri-del-corpo-diplomatico\/1704705479269.JPG\/_jcr_content\/renditions\/cq5dam.thumbnail.cropped.1500.844.jpeg 2x, \/content\/dam\/vaticannews\/agenzie\/images\/srv\/2024\/01\/08\/2024-01-08-auguri-del-corpo-diplomatico\/1704705479269.JPG\/_jcr_content\/renditions\/cq5dam.thumbnail.cropped.750.422.jpeg 1x\" media=\"(min-width: 1024px)\" data-original-set=\"\/content\/dam\/vaticannews\/agenzie\/images\/srv\/2024\/01\/08\/2024-01-08-auguri-del-corpo-diplomatico\/1704705479269.JPG\/_jcr_content\/renditions\/cq5dam.thumbnail.cropped.1500.844.jpeg 2x, \/content\/dam\/vaticannews\/agenzie\/images\/srv\/2024\/01\/08\/2024-01-08-auguri-del-corpo-diplomatico\/1704705479269.JPG\/_jcr_content\/renditions\/cq5dam.thumbnail.cropped.750.422.jpeg 1x\" \/><source srcset=\"\/content\/dam\/vaticannews\/agenzie\/images\/srv\/2024\/01\/08\/2024-01-08-auguri-del-corpo-diplomatico\/1704705479269.JPG\/_jcr_content\/renditions\/cq5dam.thumbnail.cropped.1000.563.jpeg 2x, \/content\/dam\/vaticannews\/agenzie\/images\/srv\/2024\/01\/08\/2024-01-08-auguri-del-corpo-diplomatico\/1704705479269.JPG\/_jcr_content\/renditions\/cq5dam.thumbnail.cropped.500.281.jpeg 1x\" media=\"(min-width: 768px)\" data-original-set=\"\/content\/dam\/vaticannews\/agenzie\/images\/srv\/2024\/01\/08\/2024-01-08-auguri-del-corpo-diplomatico\/1704705479269.JPG\/_jcr_content\/renditions\/cq5dam.thumbnail.cropped.1000.563.jpeg 2x, \/content\/dam\/vaticannews\/agenzie\/images\/srv\/2024\/01\/08\/2024-01-08-auguri-del-corpo-diplomatico\/1704705479269.JPG\/_jcr_content\/renditions\/cq5dam.thumbnail.cropped.500.281.jpeg 1x\" \/><source srcset=\"\/content\/dam\/vaticannews\/agenzie\/images\/srv\/2024\/01\/08\/2024-01-08-auguri-del-corpo-diplomatico\/1704705479269.JPG\/_jcr_content\/renditions\/cq5dam.thumbnail.cropped.500.281.jpeg\" data-original-set=\"\/content\/dam\/vaticannews\/agenzie\/images\/srv\/2024\/01\/08\/2024-01-08-auguri-del-corpo-diplomatico\/1704705479269.JPG\/_jcr_content\/renditions\/cq5dam.thumbnail.cropped.500.281.jpeg\" \/><img decoding=\"async\" class=\"loaded\" src=\"https:\/\/www.vaticannews.va\/content\/dam\/vaticannews\/agenzie\/images\/srv\/2024\/01\/08\/2024-01-08-auguri-del-corpo-diplomatico\/1704705479269.JPG\/_jcr_content\/renditions\/cq5dam.thumbnail.cropped.750.422.jpeg\" alt=\"Papa sa\u00fada o decano do Corpo Diplom\u00e1tico, o embaixador de Chipre Georgios F. Poulides\" data-original=\"\/content\/dam\/vaticannews\/agenzie\/images\/srv\/2024\/01\/08\/2024-01-08-auguri-del-corpo-diplomatico\/1704705479269.JPG\/_jcr_content\/renditions\/cq5dam.thumbnail.cropped.750.422.jpeg\" data-was-processed=\"true\" \/><\/picture><\/figure>\n<div class=\"photo_embed--Title\">Papa sa\u00fada o decano do Corpo Diplom\u00e1tico, o embaixador de Chipre Georgios F. Poulides<\/div>\n<\/div>\n<\/div>\n<h2 style=\"text-align: justify;\">Os conflitos atuais<\/h2>\n<p style=\"text-align: justify;\">A primeira guerra citada pelo Papa foi entre Israel e na Palestina. O ataque terrorista de 7 de outubro deixou todos \u201cchocados\u201d e provocou uma forte resposta militar israelense em Gaza. \u201cRepito a minha condena\u00e7\u00e3o\u201d e \u201crenovo o meu apelo para um cessar-fogo\u201d, disse Francisco, apoiando a \u201csolu\u00e7\u00e3o de dois Estados\u201d, e um estatuto especial, garantido internacionalmente, para a Cidade de Jerusal\u00e9m.<\/p>\n<p style=\"text-align: justify;\">As guerras hodiernas, notou o Papa, n\u00e3o se combatem somente entre soldados, e os civis acabam sendo envolvidos. Al\u00e9m disso, a viola\u00e7\u00e3o do o direito internacional humanit\u00e1rio \u00e9 considerado crime de guerra. \u201cSe consegu\u00edssemos fixar cada uma das v\u00edtimas nos olhos, disse, ver\u00edamos a guerra como ela \u00e9: nada mais que uma enorme trag\u00e9dia e \u2018um massacre in\u00fatil\u2019, que fere a dignidade de toda a pessoa nesta terra.\u201d<\/p>\n<p style=\"text-align: justify;\">E se as guerras existem, devem-se tamb\u00e9m \u00e0 enorme disponibilidade de armas. \u201cQuantas vidas se poderiam salvar com os recursos atualmente destinados aos armamentos? N\u00e3o seria melhor investi-los a favor de uma verdadeira seguran\u00e7a global?\u201d, questionou. E renovou a sua proposta de constituir um Fundo mundial para eliminar finalmente a fome e promover um desenvolvimento sustent\u00e1vel de todo o planeta. Francisco reiterou mais uma vez \u201ca imoralidade de fabricar e possuir armas nucleares\u201d.<\/p>\n<p style=\"text-align: justify;\">O Santo Padre ent\u00e3o mencionou todas as outras regi\u00f5es em conflito: Ucr\u00e2nia, L\u00edbano, S\u00edria, Miamar, Arzeibaj\u00e3o, Arm\u00eania, Chifre da \u00c1frica, Rep\u00fablica Democr\u00e1tica do Congo, Venezuela e Guiana.<\/p>\n<h2 style=\"text-align: justify;\">O continente americano e a Amaz\u00f4nia<\/h2>\n<p style=\"text-align: justify;\">Ali\u00e1s, quanto ao continente americano, o Papa manifestou sua preocupa\u00e7\u00e3o com os fen\u00f4menos de polariza\u00e7\u00e3o que comprometem a harmonia social e enfraquecem as institui\u00e7\u00f5es democr\u00e1ticas, como vem ocorrendo no Peru. E como fez em sua mensagem em 1\u00ba de janeiro, mencionou a Nicar\u00e1gua, onde uma crise provoca \u201camargas consequ\u00eancias\u201d para toda a sociedade e para a Igreja Cat\u00f3lica. \u201cA Santa S\u00e9 n\u00e3o cessa de convidar a um di\u00e1logo diplom\u00e1tico respeitoso pelo bem dos cat\u00f3licos e de toda a popula\u00e7\u00e3o.<\/p>\n<p style=\"text-align: justify;\">Tamb\u00e9m causam guerras a fome, a explora\u00e7\u00e3o dos recursos naturais e a explora\u00e7\u00e3o das pessoas, assim como as cat\u00e1strofes naturais e ambientais. A esse ponto, aprofundou o tema da crise clim\u00e1tica e deu como exemplo a desfloresta\u00e7\u00e3o da Amaz\u00f4nia, o \u201cpulm\u00e3o verde\u201d da Terra. Sobre a COP28, realizada em Dubai, aprovou a ado\u00e7\u00e3o do documento final, que \u201cconstitui um passo encorajador e revela que, perante as in\u00fameras crises que estamos a viver, h\u00e1 a possibilidade de revitalizar o multilateralismo\u201d.<\/p>\n<p style=\"text-align: justify;\">Fome, desigualdade e desastres naturais provocam ainda migra\u00e7\u00e3o for\u00e7ada. O deserto do Saara, as fronteiras da Am\u00e9rica Central e do Norte e, sobretudo, o Mar Mediterr\u00e2neo, s\u00e3o as regi\u00f5es mais sens\u00edveis, e muitas delas se tornaram \u201ccemit\u00e9rios\u201d. \u00c9 f\u00e1cil fechar o cora\u00e7\u00e3o, disse o Papa, mas nenhum pa\u00eds pode ser deixado sozinho.<\/p>\n<h2 style=\"text-align: justify;\">A vida e as barrigas de aluguel<\/h2>\n<p style=\"text-align: justify;\">O caminho da paz, acrescentou Francisco, exige o respeito pela vida humana, a come\u00e7ar pela do nascituro no ventre da m\u00e3e. O Papa definiu como \u201cdeprimente\u201d a pr\u00e1tica da chamada barriga de aluguel, pedindo um esfor\u00e7o da comunidade internacional para proibir tal pr\u00e1tica em n\u00edvel universal. \u201cUm filho \u00e9 sempre um dom, e nunca o objeto de um contrato\u201d.<\/p>\n<p style=\"text-align: justify;\">O caminho da paz exige ainda o respeito pelos direitos humanos, e o Papa lamentou as tentativas para introduzir novos direitos, como a teoria do\u00a0<i>gender<\/i>. O caminho da paz passa tamb\u00e9m pelo di\u00e1logo pol\u00edtico e social, e mencionou as elei\u00e7\u00f5es em 2024 em muitos pa\u00edses, enaltecendo a democracia. Outro di\u00e1logo importante \u00e9 o inter-religioso. Francisco manifestou sua preocupa\u00e7\u00e3o com a tutela da liberdade religiosa e o respeito das minorias. Condenou o antissemitismo e a persegui\u00e7\u00e3o e a discrimina\u00e7\u00e3o contra cerca de 360 milh\u00f5es de crist\u00e3os.<\/p>\n<p style=\"text-align: justify;\">O Papa recordou ainda todas as suas viagens internacionais de 2023: Rep\u00fablica Democr\u00e1tica do Congo, Sud\u00e3o do Sul, Hungria, Portugal,\u00a0Mong\u00f3lia e Marselha. Ao falar da Jornada Mundial da Juventude, adentrou no desafio da educa\u00e7\u00e3o, \u201co principal investimento no futuro e nas gera\u00e7\u00f5es jovens\u201d. \u201cConservo no cora\u00e7\u00e3o aquele encontro com mais de um milh\u00e3o de jovens, provenientes de todas as partes do mundo, cheios de entusiasmo e vontade de viver. A sua presen\u00e7a foi um grande hino \u00e0 paz.\u201d<\/p>\n<p style=\"text-align: justify;\">Falar de edu\u00e7\u00e3o engloba tamb\u00e9m a utiliza\u00e7\u00e3o \u00e9tica das novas tecnologias e o perigo das\u00a0<i>fake news<\/i>, motivo pelo qual a\u00a0<i>Mensagem<\/i>\u00a0<i>para o Dia Mundial da Paz<\/i>\u00a0foi dedicada \u00e0 intelig\u00eancia artificial, \u201cum dos desafios mais importantes dos pr\u00f3ximos anos\u201d.<\/p>\n<h2 style=\"text-align: justify;\">O Jubileu e o an\u00fancio do Reino<\/h2>\n<p style=\"text-align: justify;\">O Papa concluiu o seu discurso com o Jubileu, que ter\u00e1 in\u00edcio neste Natal de 2024:<\/p>\n<p style=\"text-align: justify;\">\u201cTalvez hoje, mais do que nunca, tenhamos necessidade do ano jubilar.\u201d Perante tantos sofrimentos e face \u00e0 obscuridade deste mundo, \u201co Jubileu \u00e9 o an\u00fancio de que Deus nunca abandona o seu povo e mant\u00e9m sempre abertas as portas do seu Reino\u201d.<\/p>\n<div style=\"text-align: justify;\">\n<div class=\"article__embed article__embed--border embed_style\">\n<blockquote><p>\u201c\u00c9 um tempo de justi\u00e7a, em que os pecados s\u00e3o perdoados, a reconcilia\u00e7\u00e3o permite superar a injusti\u00e7a e a terra repousa. Pode ser para todos \u2013 crist\u00e3os e n\u00e3o-crist\u00e3os \u2013 o tempo para quebrar as espadas e delas fazer arados; o tempo em que uma na\u00e7\u00e3o n\u00e3o mais levantar\u00e1 a espada contra outra na\u00e7\u00e3o, nem se aprender\u00e1 mais a arte da guerra (cf. Is 2, 4).\u201d<\/p><\/blockquote>\n<\/div>\n<\/div>\n<p style=\"text-align: justify;\">Francisco se despediu dos embaixadores desejando a eles e aos povos que representam \u201cum ano feliz para todos\u201d.<\/p>\n<\/div>\n","protected":false},"excerpt":{"rendered":"<p>Francisco recebeu em audi\u00eancia os embaixadores acreditados junto \u00e0 Santa S\u00e9 e alertou para &#8220;a terceira guerra mundial em peda\u00e7os&#8221;, que est\u00e1 se tornando um verdadeiro conflito global. Bianca Fraccalvieri \u2013 Vatican News O discurso do Papa ao corpo diplom\u00e1tico acreditado junto \u00e0 Santa S\u00e9 \u00e9 um dos mais tradicionais e importantes do ano e [&hellip;]<\/p>\n","protected":false},"author":1,"featured_media":86415,"comment_status":"open","ping_status":"closed","sticky":false,"template":"","format":"standard","meta":{"footnotes":""},"categories":[13,3],"tags":[],"class_list":["post-86414","post","type-post","status-publish","format-standard","has-post-thumbnail","hentry","category-featured","category-vaticano"],"_links":{"self":[{"href":"https:\/\/catolicanet.net\/wp-cnet\/wp-json\/wp\/v2\/posts\/86414","targetHints":{"allow":["GET"]}}],"collection":[{"href":"https:\/\/catolicanet.net\/wp-cnet\/wp-json\/wp\/v2\/posts"}],"about":[{"href":"https:\/\/catolicanet.net\/wp-cnet\/wp-json\/wp\/v2\/types\/post"}],"author":[{"embeddable":true,"href":"https:\/\/catolicanet.net\/wp-cnet\/wp-json\/wp\/v2\/users\/1"}],"replies":[{"embeddable":true,"href":"https:\/\/catolicanet.net\/wp-cnet\/wp-json\/wp\/v2\/comments?post=86414"}],"version-history":[{"count":1,"href":"https:\/\/catolicanet.net\/wp-cnet\/wp-json\/wp\/v2\/posts\/86414\/revisions"}],"predecessor-version":[{"id":86417,"href":"https:\/\/catolicanet.net\/wp-cnet\/wp-json\/wp\/v2\/posts\/86414\/revisions\/86417"}],"wp:featuredmedia":[{"embeddable":true,"href":"https:\/\/catolicanet.net\/wp-cnet\/wp-json\/wp\/v2\/media\/86415"}],"wp:attachment":[{"href":"https:\/\/catolicanet.net\/wp-cnet\/wp-json\/wp\/v2\/media?parent=86414"}],"wp:term":[{"taxonomy":"category","embeddable":true,"href":"https:\/\/catolicanet.net\/wp-cnet\/wp-json\/wp\/v2\/categories?post=86414"},{"taxonomy":"post_tag","embeddable":true,"href":"https:\/\/catolicanet.net\/wp-cnet\/wp-json\/wp\/v2\/tags?post=86414"}],"curies":[{"name":"wp","href":"https:\/\/api.w.org\/{rel}","templated":true}]}}