{"id":86405,"date":"2024-01-07T09:56:09","date_gmt":"2024-01-07T12:56:09","guid":{"rendered":"https:\/\/catolicanet.net\/wp-cnet\/?p=86405"},"modified":"2024-01-08T10:57:17","modified_gmt":"2024-01-08T13:57:17","slug":"solenidade-da-epifania-do-senhor-2","status":"publish","type":"post","link":"https:\/\/catolicanet.net\/wp-cnet\/solenidade-da-epifania-do-senhor-2\/","title":{"rendered":"Solenidade da Epifania do Senhor"},"content":{"rendered":"<p style=\"text-align: center;\">\u201c<em>As na\u00e7\u00f5es de toda a terra, h\u00e3o de adorar-vos, \u00f3 Senhor\u201d. (Sl 71\/72)<\/em><\/p>\n<p style=\"text-align: justify;\">Celebramos neste domingo a Solenidade da Epifania do Senhor, transferida do dia 6. A Igreja vive o tempo do Natal que se encerra na Segunda-Feira, dia 8 de janeiro, com a festa do Batismo do Senhor. A partir da ter\u00e7a-feira, dia 9, inicia a primeira parte do Tempo Comum. Dessa forma, a Igreja vai caminhando ao longo de seu ano lit\u00fargico e cada fiel participa desse mist\u00e9rio.<\/p>\n<p style=\"text-align: justify;\">A festa da Epifania do Senhor \u00e9 conhecida popularmente como \u201cdia de reis\u201d, celebrada em 6 de janeiro, mas a Igreja no Brasil transfere a celebra\u00e7\u00e3o para o Domingo seguinte possibilitando dessa forma uma maior participa\u00e7\u00e3o dos fi\u00e9is. A solenidade da Epifania do Senhor \u00e9 quando os tr\u00eas reis magos chegam at\u00e9 onde est\u00e3o Maria, Jos\u00e9 e o Menino Jesus e lhe oferecem presentes: Ouro, Incenso e Mirra. Por isso, em alguns lugares do mundo nesse dia acontece a troca de presentes entre os familiares, que aqui no Brasil ocorre na noite de Natal.<\/p>\n<p style=\"text-align: justify;\">A solenidade da Epifania \u00e9 a manifesta\u00e7\u00e3o de Deus a humanidade, ou seja, Deus revela a humanidade o seu Filho, e no seu Filho, Ele manifesta o seu amor por toda a humanidade. Ao nascer, Jesus n\u00e3o se manifesta somente a Israel, mas a humanidade inteira. O desejo de salva\u00e7\u00e3o de Deus \u00e9 para todos os povos e n\u00e3o somente para um povo. Todos os povos devem se unir diante do pres\u00e9pio e adorar o menino Deus.<\/p>\n<p style=\"text-align: justify;\">Neste dia da Solenidade da Epifania do Senhor, fa\u00e7amos como os tr\u00eas reis magos e ajoelhemo-nos diante do pres\u00e9pio e adoremos o menino Deus. Hoje em dia n\u00e3o ofereceremos mais ouro, incenso e mirra, mas devemos oferecer ao Senhor o nosso cora\u00e7\u00e3o. Que nesse dia possamos fazer um pedido especial ao menino Jesus: a paz entre todos os povos.<\/p>\n<p style=\"text-align: justify;\">Os tr\u00eas reis magos s\u00e3o: Baltasar, Melchior e Gaspar e oferecem presentes ao menino: Ouro, Incenso e Mirra. O ouro representa a realeza daquele menino, ou seja, veio para ser rei de todos os povos; o incenso representa a humanidade; e a Mirra era um \u00f3leo muito fino entre os judeus, utilizado para passar nos mortos. Os magos ofereceram a Jesus aquilo que eles tinham de mais precioso, ofere\u00e7amos ao Senhor tamb\u00e9m aquilo que temos de mais precioso.<\/p>\n<p style=\"text-align: justify;\">Para finalizar o tempo do Natal participemos das celebra\u00e7\u00f5es das missas da Solenidade da Epifania nesse Domingo dia 7 de janeiro e da festa do Batismo do Senhor na Segunda-feira dia 08.<\/p>\n<p style=\"text-align: justify;\">A primeira leitura da missa da solenidade da Epifania \u00e9 do profeta Isa\u00edas <em>(Is 60, 1-6),<\/em> Isa\u00edas viveu h\u00e1 cerca de quatrocentos anos a.C. Isa\u00edas tinha a miss\u00e3o de animar o povo de Deus que andava triste e desanimado, pois estavam regressando do ex\u00edlio da Babil\u00f4nia. Estavam tristes devido a acharem que Deus estava triste com eles devido aos seus in\u00fameros pecados. Ele exorta para o povo que levantem, pois acendeu-se a luz, a luz chegou e apareceu sobre Israel a gl\u00f3ria do Senhor. Esse mesmo contexto serve para aquilo que estamos celebrando hoje, o povo que andava na escurid\u00e3o viu uma grande luz. Essa Luz \u00e9 Jesus que nasceu, e veio para iluminar as trevas do pecado, e de uma vez por todas Deus sela a alian\u00e7a com a humanidade.<\/p>\n<p style=\"text-align: justify;\">Todos os povos ir\u00e3o adorar o Senhor e se curvar diante dele, sobretudo no momento de sua morte na Cruz, no alto do Monte Calv\u00e1rio, Ele se entrega e todos os povos se prostram diante dele, e o Senhor mostra o seu poderio salvador, o seu Filho n\u00e3o fica na Cruz, mas ressuscita e nos d\u00e1 a garantia da vida eterna.<\/p>\n<p style=\"text-align: justify;\">O salmo responsorial \u00e9 o <em>71 (72),<\/em> que diz em seu refr\u00e3o: \u201c<em>As na\u00e7\u00f5es de toda a terra, h\u00e3o de adorar-vos, \u00f3 Senhor\u201d. <\/em>Jesus \u00e9 o Emanuel, o Deus conosco, o pr\u00edncipe da paz, e toda a humanidade deve curvar-se diante D\u2019ele para ador\u00e1-lo. A exemplo dos reis magos, primeiramente o adoramos na manjedoura, como o menino Deus, depois o adoraremos na cruz e por hora o adoramos na eucaristia. Ele se fez Corpo e Sangue e vem at\u00e9 n\u00f3s, que todos os povos se voltem ao Senhor e pe\u00e7am a paz.<\/p>\n<p style=\"text-align: justify;\">A segunda leitura \u00e9 da carta de S\u00e3o Paulo aos Ef\u00e9sios <em>(Ef 3, 2 -3a. 5-6), <\/em>Paulo diz que \u00e9 por gra\u00e7a de Deus que lhe foi revelado o mist\u00e9rio da encarna\u00e7\u00e3o do Filho de Deus. Jesus morreu e ressuscitou para nos salvar. Deus continua a se revelar at\u00e9 nos dias de hoje, gra\u00e7as a a\u00e7\u00e3o do Esp\u00edrito Santo. Os padres, bispos e di\u00e1conos s\u00e3o intermediadores da gra\u00e7a. At\u00e9 os pag\u00e3os s\u00e3o admitidos \u00e0 mesma gra\u00e7a, por meio do Evangelho. A salva\u00e7\u00e3o \u00e9 para todos e sobretudo para aqueles que de cora\u00e7\u00e3o sincero buscam o Senhor.<\/p>\n<p style=\"text-align: justify;\">O Evangelho desse Domingo \u00e9 de Mateus <em>(Mt 2, 1-12), <\/em>esse trecho do Evangelho de Mateus retrata quando os reis do oriente foram at\u00e9 Jerusal\u00e9m buscar informa\u00e7\u00f5es sobre onde deveria nascer o rei dos Judeus. Eles explicam que viram a sua estrela no Oriente e queriam ador\u00e1-lo. Herodes fica muito perturbado e nervoso, pois achava que Jesus iria ocupar o lugar dele e diz que somente ele era rei em Israel. Mas, o reinado de Jesus n\u00e3o se trata disso, \u00e9 um reinado voltado para o amor e a miseric\u00f3rdia e longe dos poderes desse mundo. O reinado de Jesus n\u00e3o \u00e9 daqui, mas \u00e9 eterno.<\/p>\n<p style=\"text-align: justify;\">Os mestres da Lei come\u00e7aram a procurar entre os escritos e encontram a passagem da escritura que diz que o menino Jesus deveria nascer em Bel\u00e9m de Jud\u00e1, conforme havia sido prescrito pelo profeta. Herodes chama os magos em particular e quer saber deles quando a estrela havia aparecido no Oriente, depois ele os envia a Bel\u00e9m e pede que assim que tivessem not\u00edcias sobre o menino voltassem at\u00e9 l\u00e1 para contar, para que ele tamb\u00e9m fosse ador\u00e1-lo.<\/p>\n<p style=\"text-align: justify;\">\u00a0A inten\u00e7\u00e3o de Herodes n\u00e3o era adorar o Menino Deus, mas sim mat\u00e1-lo por conta de inveja. Por isso, quando os magos retornam o anjo aparece e diz para eles fazerem outro caminho e n\u00e3o retornem a Herodes. Por isso, Herodes fica revoltado e se sente tra\u00eddo pelos magos, d\u00e1 ordem para matar todas as crian\u00e7as do sexo masculino de 0 a 2 anos, esperando encontrar Jesus em uma delas, s\u00e3o os Santos Inocentes que celebramos dia 28 de dezembro.<\/p>\n<p style=\"text-align: justify;\">Hoje n\u00e3o oferecemos mais ao Senhor ouro, incenso e mirra, mas oferecemos a Ele o dom da nossa vida e de nossa fam\u00edlia. Na missa desse Domingo agrade\u00e7amos primeiramente a Deus por ter revelado o seu Filho a n\u00f3s, e permitido que Ele morresse na cruz para nos salvar. Agrade\u00e7amos a oportunidade que temos de adorar Jesus todos os dias na Santa Eucaristia.<\/p>\n<p style=\"text-align: justify;\">Pe\u00e7amos a Deus muita paz para todos n\u00f3s, e que o mundo inteiro compreenda que somente o di\u00e1logo e o amor \u00e9 o caminho para se construir a paz. Que a luz de Deus continue iluminando aqueles que vivem em meio as trevas e de todos aqueles que lideram uma na\u00e7\u00e3o. Am\u00e9m.<\/p>\n","protected":false},"excerpt":{"rendered":"<p>\u201cAs na\u00e7\u00f5es de toda a terra, h\u00e3o de adorar-vos, \u00f3 Senhor\u201d. (Sl 71\/72) Celebramos neste domingo a Solenidade da Epifania do Senhor, transferida do dia 6. A Igreja vive o tempo do Natal que se encerra na Segunda-Feira, dia 8 de janeiro, com a festa do Batismo do Senhor. A partir da ter\u00e7a-feira, dia 9, [&hellip;]<\/p>\n","protected":false},"author":5,"featured_media":55819,"comment_status":"open","ping_status":"closed","sticky":false,"template":"","format":"standard","meta":{"footnotes":""},"categories":[9],"tags":[],"class_list":["post-86405","post","type-post","status-publish","format-standard","has-post-thumbnail","hentry","category-artigos"],"_links":{"self":[{"href":"https:\/\/catolicanet.net\/wp-cnet\/wp-json\/wp\/v2\/posts\/86405","targetHints":{"allow":["GET"]}}],"collection":[{"href":"https:\/\/catolicanet.net\/wp-cnet\/wp-json\/wp\/v2\/posts"}],"about":[{"href":"https:\/\/catolicanet.net\/wp-cnet\/wp-json\/wp\/v2\/types\/post"}],"author":[{"embeddable":true,"href":"https:\/\/catolicanet.net\/wp-cnet\/wp-json\/wp\/v2\/users\/5"}],"replies":[{"embeddable":true,"href":"https:\/\/catolicanet.net\/wp-cnet\/wp-json\/wp\/v2\/comments?post=86405"}],"version-history":[{"count":1,"href":"https:\/\/catolicanet.net\/wp-cnet\/wp-json\/wp\/v2\/posts\/86405\/revisions"}],"predecessor-version":[{"id":86407,"href":"https:\/\/catolicanet.net\/wp-cnet\/wp-json\/wp\/v2\/posts\/86405\/revisions\/86407"}],"wp:featuredmedia":[{"embeddable":true,"href":"https:\/\/catolicanet.net\/wp-cnet\/wp-json\/wp\/v2\/media\/55819"}],"wp:attachment":[{"href":"https:\/\/catolicanet.net\/wp-cnet\/wp-json\/wp\/v2\/media?parent=86405"}],"wp:term":[{"taxonomy":"category","embeddable":true,"href":"https:\/\/catolicanet.net\/wp-cnet\/wp-json\/wp\/v2\/categories?post=86405"},{"taxonomy":"post_tag","embeddable":true,"href":"https:\/\/catolicanet.net\/wp-cnet\/wp-json\/wp\/v2\/tags?post=86405"}],"curies":[{"name":"wp","href":"https:\/\/api.w.org\/{rel}","templated":true}]}}