{"id":86399,"date":"2024-01-08T09:52:31","date_gmt":"2024-01-08T12:52:31","guid":{"rendered":"https:\/\/catolicanet.net\/wp-cnet\/?p=86399"},"modified":"2024-01-08T10:54:08","modified_gmt":"2024-01-08T13:54:08","slug":"festa-do-batismo-de-jesus-mc-1-7-11","status":"publish","type":"post","link":"https:\/\/catolicanet.net\/wp-cnet\/festa-do-batismo-de-jesus-mc-1-7-11\/","title":{"rendered":"Festa do Batismo de Jesus (Mc 1, 7-11)"},"content":{"rendered":"<p style=\"text-align: center;\"><em>Texto referencial: \u201cE, logo ao subir da \u00e1gua, Ele (Jesus) viu os c\u00e9us se rasgando e o Esp\u00edrito, como uma pomba, descer sobre Ele. E, uma voz vindo do c\u00e9u: \u201cTu \u00e9s meu Filho amado, em Ti me comprazo\u201d.\u201d<\/em><\/p>\n<p style=\"text-align: justify;\">Jesus nem precisava ser batizado. Trata-se do Filho de Deus: o salvador. Mas Ele quis, assim, assumir sua miss\u00e3o evangelizadora, sendo exemplo para n\u00f3s. 1.1: N\u00f3s (cat\u00f3licos) batizamos crian\u00e7as, porque vemos no batismo uma gra\u00e7a de Deus, um sacramento da Igreja: o nascimento do alto, ou seja, de Deus, como Jesus falou a Nicodemos. (Jo 3, 3-8). 1.2: Jesus assumiu seu batismo, evangelizando e cumprindo com a sua miss\u00e3o, sendo modelo para n\u00f3s, enfrentando as tenta\u00e7\u00f5es do dem\u00f4nio: vencendo-o. 1.3: O que se tornou o batismo, hoje? Muitas vezes, apenas um ato social, pois os pais n\u00e3o vivem seu batismo e at\u00e9 os padrinhos, que deveriam ser testemunhas da f\u00e9, como os pr\u00f3prios pais, n\u00e3o s\u00e3o praticantes. A cerim\u00f4nia se tornou um ato social, o momento para fazer festa, e o batizando, receber presentes. 1.4: \u00c9 preciso rever, urgentemente, esta pr\u00e1tica. Ele (o batismo), deveria ser ocasi\u00e3o de demonstra\u00e7\u00e3o da f\u00e9 dos pais e padrinhos, de participa\u00e7\u00e3o da vida da comunidade. Jesus viveu fielmente sua miss\u00e3o prof\u00e9tica at\u00e9 a morte. E n\u00f3s, hoje, n\u00e3o agimos, \u00e0s vezes, como fariseus? Por que tantas igrejas, hoje em dia? Quem as autorizou? Quem s\u00e3o os fundadores? Certamente, n\u00e3o Cristo, pois Este, instituiu o Reino de Deus, e depois a Igreja, como instrumento da difus\u00e3o do Reino. (Cf. Mt16, 18-19; Jo 21, 15-19). Lembro, ent\u00e3o, que para todos os crist\u00e3os o Evangelho e a tradi\u00e7\u00e3o s\u00e3o referenciais. Possa, ent\u00e3o, a festa da Epifania ser o momento de aprofundamento da f\u00e9, assumindo melhor, n\u00f3s \u2013 os adultos \u2013, nossa viv\u00eancia religiosa.<\/p>\n<p>&nbsp;<\/p>\n","protected":false},"excerpt":{"rendered":"<p>Texto referencial: \u201cE, logo ao subir da \u00e1gua, Ele (Jesus) viu os c\u00e9us se rasgando e o Esp\u00edrito, como uma pomba, descer sobre Ele. E, uma voz vindo do c\u00e9u: \u201cTu \u00e9s meu Filho amado, em Ti me comprazo\u201d.\u201d Jesus nem precisava ser batizado. Trata-se do Filho de Deus: o salvador. Mas Ele quis, assim, [&hellip;]<\/p>\n","protected":false},"author":119,"featured_media":77698,"comment_status":"open","ping_status":"closed","sticky":false,"template":"","format":"standard","meta":{"footnotes":""},"categories":[9],"tags":[],"class_list":["post-86399","post","type-post","status-publish","format-standard","has-post-thumbnail","hentry","category-artigos"],"_links":{"self":[{"href":"https:\/\/catolicanet.net\/wp-cnet\/wp-json\/wp\/v2\/posts\/86399","targetHints":{"allow":["GET"]}}],"collection":[{"href":"https:\/\/catolicanet.net\/wp-cnet\/wp-json\/wp\/v2\/posts"}],"about":[{"href":"https:\/\/catolicanet.net\/wp-cnet\/wp-json\/wp\/v2\/types\/post"}],"author":[{"embeddable":true,"href":"https:\/\/catolicanet.net\/wp-cnet\/wp-json\/wp\/v2\/users\/119"}],"replies":[{"embeddable":true,"href":"https:\/\/catolicanet.net\/wp-cnet\/wp-json\/wp\/v2\/comments?post=86399"}],"version-history":[{"count":1,"href":"https:\/\/catolicanet.net\/wp-cnet\/wp-json\/wp\/v2\/posts\/86399\/revisions"}],"predecessor-version":[{"id":86401,"href":"https:\/\/catolicanet.net\/wp-cnet\/wp-json\/wp\/v2\/posts\/86399\/revisions\/86401"}],"wp:featuredmedia":[{"embeddable":true,"href":"https:\/\/catolicanet.net\/wp-cnet\/wp-json\/wp\/v2\/media\/77698"}],"wp:attachment":[{"href":"https:\/\/catolicanet.net\/wp-cnet\/wp-json\/wp\/v2\/media?parent=86399"}],"wp:term":[{"taxonomy":"category","embeddable":true,"href":"https:\/\/catolicanet.net\/wp-cnet\/wp-json\/wp\/v2\/categories?post=86399"},{"taxonomy":"post_tag","embeddable":true,"href":"https:\/\/catolicanet.net\/wp-cnet\/wp-json\/wp\/v2\/tags?post=86399"}],"curies":[{"name":"wp","href":"https:\/\/api.w.org\/{rel}","templated":true}]}}