{"id":86341,"date":"2023-12-22T10:11:41","date_gmt":"2023-12-22T13:11:41","guid":{"rendered":"https:\/\/catolicanet.net\/wp-cnet\/?p=86341"},"modified":"2024-01-03T10:14:11","modified_gmt":"2024-01-03T13:14:11","slug":"a-luz-de-jesus-ilumina-a-nossa-vida","status":"publish","type":"post","link":"https:\/\/catolicanet.net\/wp-cnet\/a-luz-de-jesus-ilumina-a-nossa-vida\/","title":{"rendered":"A luz de Jesus ilumina a nossa vida!"},"content":{"rendered":"<p>&nbsp;<\/p>\n<p style=\"text-align: justify;\">Queridos irm\u00e3os e irm\u00e3s em Cristo,<\/p>\n<p style=\"text-align: justify;\">Hoje, nesta noite aben\u00e7oada, nossos cora\u00e7\u00f5es se enchem de alegria ao celebrar o nascimento de Jesus Cristo, nosso Salvador. A luz brilha nas trevas e a esperan\u00e7a renasce, pois h\u00e1 muitos s\u00e9culos, o pr\u00f3prio amor de Deus se fez carne e habitou entre n\u00f3s.<\/p>\n<p style=\"text-align: justify;\">Recordemos as palavras do profeta Isa\u00edas: <em>\u201cPorque um menino nos nasceu, um filho nos foi dado, e o governo est\u00e1 sobre os seus ombros. E ele ser\u00e1 chamado Maravilhoso Conselheiro, Deus Poderoso, Pai Eterno, Pr\u00edncipe da Paz\u201d<\/em> <em>(Isa\u00edas 9,6)<\/em>. Essa profecia se cumpriu naquele humilde est\u00e1bulo em Bel\u00e9m, onde Jesus nasceu como um presente divino \u00e0 humanidade.<\/p>\n<p style=\"text-align: justify;\">O Evangelho de Jo\u00e3o nos ensina sobre a vinda de Jesus como a encarna\u00e7\u00e3o da pr\u00f3pria luz<em>: \u201cA luz resplandece nas trevas, e as trevas n\u00e3o prevaleceram contra ela\u201d (Jo\u00e3o 1,5)<\/em>. A chegada de Cristo \u00e9 a irrup\u00e7\u00e3o da luz divina no mundo, dissipando as sombras do pecado e oferecendo-nos o caminho da salva\u00e7\u00e3o.<\/p>\n<p style=\"text-align: justify;\">O Natal \u00e9 muito mais do que uma data no calend\u00e1rio; \u00e9 o momento em que somos convidados a contemplar o verdadeiro significado do amor de Deus por cada um de n\u00f3s. Ele se fez homem para compartilhar nossa humanidade, como nos diz S\u00e3o Paulo em <em>Filipenses 2,7: \u201cMas esvaziou-se a si mesmo, vindo a ser servo, tornando-se semelhante aos homens.\u201d<\/em><\/p>\n<p style=\"text-align: justify;\">O nascimento de Jesus nos oferece um modelo de humildade, amor e servi\u00e7o desinteressado. Em Mateus 1,21, o anjo diz a Jos\u00e9: <em>\u201cEla dar\u00e1 \u00e0 luz um filho, e voc\u00ea dever\u00e1 dar-lhe o nome de Jesus, porque ele salvar\u00e1 o seu povo dos seus pecados.\u201d<\/em> Jesus veio ao mundo para nos ensinar sobre amor incondicional, humildade, perd\u00e3o e compaix\u00e3o.<\/p>\n<p style=\"text-align: justify;\">Contemplando o pres\u00e9pio, n\u00e3o apenas vemos a cena do nascimento de um Menino, mas testemunhamos o amor divino que mudou o curso da hist\u00f3ria. Somos desafiados a seguir o exemplo de Jesus, a ser luz no mundo, a estender a m\u00e3o aos necessitados e a viver em comunh\u00e3o e amor com todos ao nosso redor.<\/p>\n<p style=\"text-align: justify;\">Que neste Natal possamos renovar nosso compromisso com os ensinamentos de Jesus Cristo. Que a luz que nasceu nesta noite ilumine nossos cora\u00e7\u00f5es, trazendo esperan\u00e7a, paz e alegria a todos os cantos da Terra.<\/p>\n<p style=\"text-align: justify;\">Esta noite Santa tem que ser de estupor pelo mist\u00e9rio de Deus que se fez crian\u00e7a em Bel\u00e9m! Jesus deve nascer em todos os nossos cora\u00e7\u00f5es! Que Deus aben\u00e7oe cada um de n\u00f3s e que o esp\u00edrito do Natal permane\u00e7a em nossos cora\u00e7\u00f5es n\u00e3o apenas hoje, mas durante todo o ano. Am\u00e9m.<\/p>\n<p style=\"text-align: center;\"><strong>+Anuar Battisti<\/strong><br \/>\n<strong>Arcebispo Em\u00e9rito de Maring\u00e1 (PR)<\/strong><\/p>\n","protected":false},"excerpt":{"rendered":"<p>&nbsp; Queridos irm\u00e3os e irm\u00e3s em Cristo, Hoje, nesta noite aben\u00e7oada, nossos cora\u00e7\u00f5es se enchem de alegria ao celebrar o nascimento de Jesus Cristo, nosso Salvador. A luz brilha nas trevas e a esperan\u00e7a renasce, pois h\u00e1 muitos s\u00e9culos, o pr\u00f3prio amor de Deus se fez carne e habitou entre n\u00f3s. Recordemos as palavras do [&hellip;]<\/p>\n","protected":false},"author":1,"featured_media":55814,"comment_status":"open","ping_status":"closed","sticky":false,"template":"","format":"standard","meta":{"footnotes":""},"categories":[9],"tags":[],"class_list":["post-86341","post","type-post","status-publish","format-standard","has-post-thumbnail","hentry","category-artigos"],"_links":{"self":[{"href":"https:\/\/catolicanet.net\/wp-cnet\/wp-json\/wp\/v2\/posts\/86341","targetHints":{"allow":["GET"]}}],"collection":[{"href":"https:\/\/catolicanet.net\/wp-cnet\/wp-json\/wp\/v2\/posts"}],"about":[{"href":"https:\/\/catolicanet.net\/wp-cnet\/wp-json\/wp\/v2\/types\/post"}],"author":[{"embeddable":true,"href":"https:\/\/catolicanet.net\/wp-cnet\/wp-json\/wp\/v2\/users\/1"}],"replies":[{"embeddable":true,"href":"https:\/\/catolicanet.net\/wp-cnet\/wp-json\/wp\/v2\/comments?post=86341"}],"version-history":[{"count":1,"href":"https:\/\/catolicanet.net\/wp-cnet\/wp-json\/wp\/v2\/posts\/86341\/revisions"}],"predecessor-version":[{"id":86343,"href":"https:\/\/catolicanet.net\/wp-cnet\/wp-json\/wp\/v2\/posts\/86341\/revisions\/86343"}],"wp:featuredmedia":[{"embeddable":true,"href":"https:\/\/catolicanet.net\/wp-cnet\/wp-json\/wp\/v2\/media\/55814"}],"wp:attachment":[{"href":"https:\/\/catolicanet.net\/wp-cnet\/wp-json\/wp\/v2\/media?parent=86341"}],"wp:term":[{"taxonomy":"category","embeddable":true,"href":"https:\/\/catolicanet.net\/wp-cnet\/wp-json\/wp\/v2\/categories?post=86341"},{"taxonomy":"post_tag","embeddable":true,"href":"https:\/\/catolicanet.net\/wp-cnet\/wp-json\/wp\/v2\/tags?post=86341"}],"curies":[{"name":"wp","href":"https:\/\/api.w.org\/{rel}","templated":true}]}}