{"id":86242,"date":"2023-12-20T10:24:33","date_gmt":"2023-12-20T13:24:33","guid":{"rendered":"https:\/\/catolicanet.net\/wp-cnet\/?p=86242"},"modified":"2023-12-20T16:26:52","modified_gmt":"2023-12-20T19:26:52","slug":"prepare-seu-coracao-para-o-natal-com-a-ajuda-de-santa-teresinha","status":"publish","type":"post","link":"https:\/\/catolicanet.net\/wp-cnet\/prepare-seu-coracao-para-o-natal-com-a-ajuda-de-santa-teresinha\/","title":{"rendered":"Prepare seu cora\u00e7\u00e3o para o Natal com a ajuda de Santa Teresinha"},"content":{"rendered":"<p style=\"text-align: justify;\"><span class=\"subtitle\">O Natal \u00e9 uma celebra\u00e7\u00e3o que enche de alegria e de esperan\u00e7a, mas que tamb\u00e9m convida \u00e0 convers\u00e3o e \u00e0 santidade. O que Santa Teresinha do Menino Jesus pode nos ensinar sobre o verdadeiro significado desta festa crist\u00e3?<br \/>\n<\/span><\/p>\n<p style=\"text-align: justify;\">Em\u00a0<em>Hist\u00f3ria de uma alma<\/em>, Santa Teresinha do Menino Jesus\u00a0conta que, no dia 25 de dezembro de 1886, aos 13 anos, recebeu uma gra\u00e7a de convers\u00e3o que a tirou da inf\u00e2ncia e a levou \u00e0 maturidade espiritual. A partir da\u00ed, seu amor por Jesus\u00a0torna-se mais forte e ardente, e ela decide dedicar toda a sua vida a ele.<\/p>\n<p style=\"text-align: justify;\">Seguindo o exemplo de Santa Teresinha, prepare seu cora\u00e7\u00e3o para o\u00a0Natal com as seguintes dicas:<\/p>\n<h2 class=\"wp-block-aleteia-rich-list\" style=\"text-align: justify;\"><strong>1 VIVA O ADVENTO COM ESPERAN\u00c7A E CONFIAN\u00c7A<\/strong><\/h2>\n<p style=\"text-align: justify;\">O Advento\u00a0\u00e9 um tempo de espera e prepara\u00e7\u00e3o para a vinda do Senhor. Santa Teresinha viveu-o com esperan\u00e7a e confian\u00e7a, sabendo que Deus a amava e a esperava de bra\u00e7os abertos. Ela sabia que Deus ama a todos e que n\u00e3o veio para condenar, mas para perdoar. Que neste Advento estejamos particularmente conscientes deste amor incomensur\u00e1vel de Deus que se fez crian\u00e7a numa manjedoura para a salva\u00e7\u00e3o de todos os homens.<\/p>\n<h2 class=\"wp-block-aleteia-rich-list\" style=\"text-align: justify;\"><strong>2 MONTE UM PRES\u00c9PIO<\/strong><\/h2>\n<p style=\"text-align: justify;\">Uma das mais belas tradi\u00e7\u00f5es do Natal \u00e9 o pres\u00e9pio, que\u00a0representa o nascimento de Jesus na manjedoura. Santa Teresinha e as suas irm\u00e3s prepararam-no com amor, expressando a sua f\u00e9 no mist\u00e9rio da Encarna\u00e7\u00e3o. Para Teresinha, foi uma forma de se aproximar de Jesus, de contempl\u00e1-lo e ador\u00e1-lo. Ela tamb\u00e9m gostava de colocar muitos detalhes, personagens, animais, flores e luzes. Todos os anos ela criava cenas diferentes e ficava feliz que outras pessoas vissem, se emocionassem e se convertessem.<\/p>\n<h2 class=\"wp-block-aleteia-rich-list\" style=\"text-align: justify;\"><strong>3 OFERE\u00c7A PEQUENOS SACRIF\u00cdCIOS E ATOS DE AMOR<\/strong><\/h2>\n<p style=\"text-align: justify;\">O Natal \u00e9 tamb\u00e9m um momento de oferta e generosidade, onde podemos oferecer a Jesus pequenos sacrif\u00edcios e atos de amor, que Lhe agradam mais do que grandes presentes. Santa Teresinha aprendeu a praticar o seu \u201cjeitinho\u201d, que consiste em fazer tudo por amor a Deus, com simplicidade e humildade, sem buscar o aplauso ou o reconhecimento dos outros. Todas estas ren\u00fancias, estes pequenos atos de amor, estes pequenos servi\u00e7os, estas aten\u00e7\u00f5es, estas fidelidades, estes sil\u00eancios, estas tristezas e estas alegrias, ela os ofereceu a Jesus como um ramo de flores que embalsama e alegra o seu cora\u00e7\u00e3o.<\/p>\n<h2 class=\"wp-block-aleteia-rich-list\" style=\"text-align: justify;\"><strong>4 PARTICIPE DA MISSA COM F\u00c9 E ALEGRIA<\/strong><\/h2>\n<p style=\"text-align: justify;\">A Missa de 24 de dezembro \u00e9\u00a0a mais esperada e a mais alegre\u00a0para os crist\u00e3os, que celebram o nascimento de Jesus naquela noite. Santa Teresinha participou com f\u00e9 e alegria, sabendo que Jesus est\u00e1 presente na Eucaristia, que \u00e9 o verdadeiro p\u00e3o da vida. A Missa \u00e9 o culminar do Natal, onde cada crist\u00e3o se une a toda a Igreja para adorar o Menino Deus, presente na Eucaristia. \u00c9 uma celebra\u00e7\u00e3o muito solene, com belos cantos, mas \u00e9 tamb\u00e9m uma celebra\u00e7\u00e3o muito \u00edntima e pessoal, onde podemos receber Jesus em comunh\u00e3o, que \u00e9 o verdadeiro presente do Natal.<\/p>\n<h2 class=\"wp-block-aleteia-rich-list\" style=\"text-align: justify;\"><strong>5 VIVA O NATAL COM SIMPLICIDADE E HUMILDADE<\/strong><\/h2>\n<p style=\"text-align: justify;\">Durante a sua vida, Santa Teresinha imitou Jesus, que se fez pequeno e humilde por amor a todos. Atrav\u00e9s da sua vida, ela encorajava as pessoas a terem um esp\u00edrito de pobreza e a n\u00e3o se deixarem levar pelo materialismo que distorce o significado do Natal. Com efeito, o verdadeiro sentido do Natal \u00e9 Jesus, que nasceu para salvar cada homem por amor. O Natal n\u00e3o \u00e9 apenas uma celebra\u00e7\u00e3o externa, feita de belas refei\u00e7\u00f5es e de in\u00fameros presentes: \u00e9 sobretudo uma realidade interna que muda a vida. O Natal \u00e9 uma boa not\u00edcia para toda a terra e para todas as pessoas.<\/p>\n<p style=\"text-align: justify;\">Seguindo o exemplo de Santa Teresinha do Menino Jesus e da sua intercess\u00e3o, cada crist\u00e3o viva esta celebra\u00e7\u00e3o com maior profundidade e alegria, e procure aproximar-se de Jesus, que \u00e9 o verdadeiro sentido do Natal.<\/p>\n","protected":false},"excerpt":{"rendered":"<p>O Natal \u00e9 uma celebra\u00e7\u00e3o que enche de alegria e de esperan\u00e7a, mas que tamb\u00e9m convida \u00e0 convers\u00e3o e \u00e0 santidade. O que Santa Teresinha do Menino Jesus pode nos ensinar sobre o verdadeiro significado desta festa crist\u00e3? Em\u00a0Hist\u00f3ria de uma alma, Santa Teresinha do Menino Jesus\u00a0conta que, no dia 25 de dezembro de 1886, [&hellip;]<\/p>\n","protected":false},"author":1,"featured_media":86243,"comment_status":"open","ping_status":"closed","sticky":false,"template":"","format":"standard","meta":{"footnotes":""},"categories":[4],"tags":[],"class_list":["post-86242","post","type-post","status-publish","format-standard","has-post-thumbnail","hentry","category-cotidiano"],"_links":{"self":[{"href":"https:\/\/catolicanet.net\/wp-cnet\/wp-json\/wp\/v2\/posts\/86242","targetHints":{"allow":["GET"]}}],"collection":[{"href":"https:\/\/catolicanet.net\/wp-cnet\/wp-json\/wp\/v2\/posts"}],"about":[{"href":"https:\/\/catolicanet.net\/wp-cnet\/wp-json\/wp\/v2\/types\/post"}],"author":[{"embeddable":true,"href":"https:\/\/catolicanet.net\/wp-cnet\/wp-json\/wp\/v2\/users\/1"}],"replies":[{"embeddable":true,"href":"https:\/\/catolicanet.net\/wp-cnet\/wp-json\/wp\/v2\/comments?post=86242"}],"version-history":[{"count":1,"href":"https:\/\/catolicanet.net\/wp-cnet\/wp-json\/wp\/v2\/posts\/86242\/revisions"}],"predecessor-version":[{"id":86245,"href":"https:\/\/catolicanet.net\/wp-cnet\/wp-json\/wp\/v2\/posts\/86242\/revisions\/86245"}],"wp:featuredmedia":[{"embeddable":true,"href":"https:\/\/catolicanet.net\/wp-cnet\/wp-json\/wp\/v2\/media\/86243"}],"wp:attachment":[{"href":"https:\/\/catolicanet.net\/wp-cnet\/wp-json\/wp\/v2\/media?parent=86242"}],"wp:term":[{"taxonomy":"category","embeddable":true,"href":"https:\/\/catolicanet.net\/wp-cnet\/wp-json\/wp\/v2\/categories?post=86242"},{"taxonomy":"post_tag","embeddable":true,"href":"https:\/\/catolicanet.net\/wp-cnet\/wp-json\/wp\/v2\/tags?post=86242"}],"curies":[{"name":"wp","href":"https:\/\/api.w.org\/{rel}","templated":true}]}}