{"id":86202,"date":"2023-12-20T09:05:48","date_gmt":"2023-12-20T12:05:48","guid":{"rendered":"https:\/\/catolicanet.net\/wp-cnet\/?p=86202"},"modified":"2023-12-20T16:07:40","modified_gmt":"2023-12-20T19:07:40","slug":"as-dores-do-haiti-na-cruz-entregue-ao-papa","status":"publish","type":"post","link":"https:\/\/catolicanet.net\/wp-cnet\/as-dores-do-haiti-na-cruz-entregue-ao-papa\/","title":{"rendered":"As dores do Haiti na cruz entregue ao Papa"},"content":{"rendered":"<figure class=\"article__image\" style=\"text-align: justify;\"><span class=\"didascalia_img\">Jovens da associa\u00e7\u00e3o Aksyon Gasmy, do Haiti, deram uma cruz de presente ao Papa. Jeff, o jovem com o len\u00e7o vermelho, a fez\u00a0 (Vatican Media)<\/span><\/figure>\n<div class=\"article__meta \" data-mediatype=\"\">\n<div class=\"article__subTitle\" style=\"text-align: justify;\">A Audi\u00eancia Geral contou com a presen\u00e7a de um grupo de jovens haitianos, que vieram \u00e0 It\u00e1lia atrav\u00e9s da mission\u00e1ria Madalena Boschetti, que vive no pa\u00eds h\u00e1 mais de 20 anos. Eles deram a Francisco uma cruz de madeira, feita por um deles, que mostra a esperan\u00e7a e o sofrimento do povo do Haiti.<\/div>\n<div class=\"title__separator\" style=\"text-align: justify;\"><\/div>\n<div class=\"article__text\">\n<p style=\"text-align: justify;\"><b>Benedetta Capelli \u2013 Vatican News<\/b><\/p>\n<p style=\"text-align: justify;\">Nos rostos de &#8220;seus meninos&#8221;, como Madalena Boschetti, mission\u00e1ria fidei donum h\u00e1 mais de 20 anos no Haiti, os chama, h\u00e1 o que o Papa Francisco chama de &#8220;a menor, por\u00e9m mais forte virtude teologal&#8221;, ou seja, a esperan\u00e7a. Em suas hist\u00f3rias, algumas de doen\u00e7a e abandono, h\u00e1 a presen\u00e7a de uma Igreja que n\u00e3o olha para o outro lado, mas escolhe caminhar junto, tornando conhecido o amor de um Pai fiel e misericordioso. A palavra que Madalena usa com mais frequ\u00eancia \u00e9 &#8220;humanidade&#8221;, ter ensinado a esses jovens o valor da vida, o respeito e a dignidade dos outros, ter tornado conhecida a import\u00e2ncia da dedica\u00e7\u00e3o e do trabalho, ter lan\u00e7ado as bases para assumir a responsabilidade no futuro pelos centros com os quais colaboram, fundados por tantos mission\u00e1rios que acreditaram incondicionalmente nessa terra, hoje ultrajada pela viol\u00eancia e pelo abuso.<\/p>\n<div style=\"text-align: justify;\">\n<div class=\"article__embed article__embed--unwrap article__embed--photo\">\n<figure><picture><img decoding=\"async\" class=\"loaded\" src=\"https:\/\/www.vaticannews.va\/content\/dam\/vaticannews\/agenzie\/images\/srv\/2023\/12\/20\/2023-12-20-udienza-generale\/1703063363386.JPG\/_jcr_content\/renditions\/cq5dam.thumbnail.cropped.750.422.jpeg\" alt=\"As bandeiras do Haiti na Sala Paulo VI\" data-original=\"\/content\/dam\/vaticannews\/agenzie\/images\/srv\/2023\/12\/20\/2023-12-20-udienza-generale\/1703063363386.JPG\/_jcr_content\/renditions\/cq5dam.thumbnail.cropped.750.422.jpeg\" data-was-processed=\"true\" \/><\/picture><\/figure>\n<div class=\"photo_embed--Title\">As bandeiras do Haiti na Sala Paulo VI<\/div>\n<\/div>\n<\/div>\n<h2 style=\"text-align: justify;\">&#8220;O c\u00eantuplo na terra&#8221;<\/h2>\n<p style=\"text-align: justify;\">Na manh\u00e3 desta quarta-feira, 20 de dezembro, na Sala Paulo VI, houve o encontro com o Papa Francisco no final da Audi\u00eancia Geral. &#8220;A primeira emo\u00e7\u00e3o&#8221;, disse Madalena ao Vatican News-R\u00e1dio Vaticano, &#8220;foi a alegria de poder encontr\u00e1-lo e n\u00e3o sozinha, mas com esses meus jovens maravilhosos que vieram \u00e0 It\u00e1lia para testemunhar a situa\u00e7\u00e3o do pa\u00eds e testemunhar com sua presen\u00e7a e amizade sua gratid\u00e3o \u00e0 Igreja. Eles cresceram comigo, ent\u00e3o, para mim, s\u00e3o minha grande fam\u00edlia haitiana, o sinal do c\u00eantuplo que o Senhor nos d\u00e1 mesmo nesta terra&#8221;. Uma gratid\u00e3o que os jovens pretendem demonstrar na noite desta quarta-feira na Bas\u00edlica de S\u00e3o Bartolomeu na Ilha Tiberina, santu\u00e1rio dos novos m\u00e1rtires, trazendo do Haiti as rel\u00edquias de Ir. Luisa Dell&#8217;Orto, assassinada em Porto Pr\u00edncipe, em 25 de junho de 2022. &#8220;Irm\u00e3 Luisa&#8221;, explicou Madalena, &#8220;\u00e9 uma nova m\u00e1rtir, mas n\u00f3s viemos de um pa\u00eds de m\u00e1rtires porque essa popula\u00e7\u00e3o \u00e9 uma v\u00edtima inocente, h\u00e1 homens e mulheres que trabalham com enorme esfor\u00e7o numa situa\u00e7\u00e3o que nem podemos imaginar aqui, eles fazem isso para alimentar seus filhos. Ent\u00e3o, s\u00e3o pessoas que simplesmente tentam viver&#8221;.<\/p>\n<h2 style=\"text-align: justify;\">O Haiti quer paz<\/h2>\n<p style=\"text-align: justify;\">A situa\u00e7\u00e3o no Haiti continua muito grave, &#8220;h\u00e1 uma enorme dificuldade em tudo o que \u00e9 cotidiano&#8221;. &#8220;O povo quer paz, quer viver com dignidade. H\u00e1 uma fuga dos jovens, h\u00e1 uma fuga de todos. Na verdade, isso \u00e9 motivado pelo fato de que n\u00e3o h\u00e1 condi\u00e7\u00f5es nem para a vida cotidiana, por exemplo, na minha \u00e1rea, no noroeste, as pessoas passam fome e n\u00e3o sabem como encontrar um prato di\u00e1rio de arroz. Na capital, as pessoas tentam se defender das gangues criminosas&#8221;.<\/p>\n<h2 style=\"text-align: justify;\">Pegar o bast\u00e3o dos mission\u00e1rios<\/h2>\n<p style=\"text-align: justify;\">At\u00e9 mesmo a chegada \u00e0 It\u00e1lia, num pa\u00eds onde n\u00e3o h\u00e1 mais uma estrutura p\u00fablica que funcione normalmente, foi um desafio com a prepara\u00e7\u00e3o dos documentos que come\u00e7ou em julho. &#8220;O valor dessa miss\u00e3o com o testemunho dos jovens era muito importante&#8221;, explicou Madalena. &#8220;S\u00e3o jovens que escolheram fazer de suas vidas obras-primas, como diria o Papa Jo\u00e3o Paulo II. Eles fazem isso com uma simplicidade extraordin\u00e1ria, pegando o bast\u00e3o dos mission\u00e1rios que plantaram obras para os mais vulner\u00e1veis, levando para o pa\u00eds as riquezas da humanidade e da f\u00e9 que os jovens sentiram deles&#8221;. &#8220;Tenho a alegria de dizer que eles s\u00e3o construtores da paz, porque num mundo e num pa\u00eds onde estamos em guerra e somos v\u00edtimas da guerra, esses jovens decidiram construir a paz e est\u00e3o fazendo isso&#8221;.<\/p>\n<div style=\"text-align: justify;\">\n<div class=\"article__embed article__embed--unwrap article__embed--photo\">\n<figure><picture><img decoding=\"async\" class=\"loaded\" src=\"https:\/\/www.vaticannews.va\/content\/dam\/vaticannews\/agenzie\/images\/srv\/2023\/12\/20\/2023-12-20-udienza-generale\/1703067569363.JPG\/_jcr_content\/renditions\/cq5dam.thumbnail.cropped.750.422.jpeg\" alt=\"O encontro entre o Papa e os jovens do Haiti\" data-original=\"\/content\/dam\/vaticannews\/agenzie\/images\/srv\/2023\/12\/20\/2023-12-20-udienza-generale\/1703067569363.JPG\/_jcr_content\/renditions\/cq5dam.thumbnail.cropped.750.422.jpeg\" data-was-processed=\"true\" \/><\/picture><\/figure>\n<div class=\"photo_embed--Title\">O encontro entre o Papa e os jovens do Haiti<\/div>\n<\/div>\n<\/div>\n<h2 style=\"text-align: justify;\">Os jovens e a cruz de Jeff<\/h2>\n<p style=\"text-align: justify;\">Madalena fez quest\u00e3o de nomear seus &#8220;filhos&#8221;: David, de 23 anos, que chegou ao hospital dos Camilianos quando tinha quase dois anos. Estava doente e abandonado. &#8220;Ele foi a primeira crian\u00e7a que conheci e por quem me afei\u00e7oei na \u00e9poca, e ele se afei\u00e7oou a mim. Eu o ensinei um pouco a falar crioulo, imagine que eu nem sabia&#8221;. Depois, Jocelyn, o bra\u00e7o direito de Madalena, Annasteel, Falou, que continua fazendo o que a irm\u00e3 Luisa fazia e, por fim, Jeff Antoine, o artista do grupo.<\/p>\n<p style=\"text-align: justify;\">Ele presenteou o Papa com uma cruz de madeira, que Francisco aceitou com palavras de gratid\u00e3o: &#8220;Linda, linda&#8221;. &#8220;Pensamos em fazer um gesto de Natal para ele proveniente do Haiti&#8221;, explicou Jeff. Na cruz domina o verde e o azul-celeste nos dois bra\u00e7os, onde &#8220;de um lado&#8221;, explicou o artista, &#8220;desenhei uma \u00e1rvore ca\u00edda, mas onde se veem as ra\u00edzes que d\u00e3o a vida&#8221;, s\u00edmbolo, entre outras coisas, da associa\u00e7\u00e3o Aksyon Gasmy, de Madalena. Do outro lado est\u00e1 a vida cotidiana do Haiti e aqui est\u00e1 o filho pr\u00f3digo, abandonado por sua fam\u00edlia&#8221;. Essa \u00e9 uma realidade cada vez mais comum para milhares de crian\u00e7as e num pa\u00eds agora em desordem. Por fim, na cruz, Jeff desenhou um Cristo de pele negra que representa o sofrido povo haitiano. No rosto desse jovem est\u00e1 a alegria de ter recebido o abra\u00e7o do Papa e da Igreja, \u00e9 uma esp\u00e9cie de restitui\u00e7\u00e3o pelo que ele recebeu desde pequeno e que o mudou profundamente. Hoje, al\u00e9m de desenhar e pintar, Jeff est\u00e1 envolvido no trabalho da Aksyon Gasmy, tentando levar al\u00edvio ao seu povo, mas tamb\u00e9m educando as pessoas a &#8220;viver com dignidade e respeito pelos direitos dos mais fr\u00e1geis&#8221;. Eu gostaria de um Natal de paz para o Haiti&#8221;, concluiu, &#8220;para que n\u00e3o seja mais ref\u00e9m das gangues&#8221;.<\/p>\n<\/div>\n<\/div>\n","protected":false},"excerpt":{"rendered":"<p>Jovens da associa\u00e7\u00e3o Aksyon Gasmy, do Haiti, deram uma cruz de presente ao Papa. Jeff, o jovem com o len\u00e7o vermelho, a fez\u00a0 (Vatican Media) A Audi\u00eancia Geral contou com a presen\u00e7a de um grupo de jovens haitianos, que vieram \u00e0 It\u00e1lia atrav\u00e9s da mission\u00e1ria Madalena Boschetti, que vive no pa\u00eds h\u00e1 mais de 20 [&hellip;]<\/p>\n","protected":false},"author":1,"featured_media":86203,"comment_status":"open","ping_status":"closed","sticky":false,"template":"","format":"standard","meta":{"footnotes":""},"categories":[3],"tags":[],"class_list":["post-86202","post","type-post","status-publish","format-standard","has-post-thumbnail","hentry","category-vaticano"],"_links":{"self":[{"href":"https:\/\/catolicanet.net\/wp-cnet\/wp-json\/wp\/v2\/posts\/86202","targetHints":{"allow":["GET"]}}],"collection":[{"href":"https:\/\/catolicanet.net\/wp-cnet\/wp-json\/wp\/v2\/posts"}],"about":[{"href":"https:\/\/catolicanet.net\/wp-cnet\/wp-json\/wp\/v2\/types\/post"}],"author":[{"embeddable":true,"href":"https:\/\/catolicanet.net\/wp-cnet\/wp-json\/wp\/v2\/users\/1"}],"replies":[{"embeddable":true,"href":"https:\/\/catolicanet.net\/wp-cnet\/wp-json\/wp\/v2\/comments?post=86202"}],"version-history":[{"count":1,"href":"https:\/\/catolicanet.net\/wp-cnet\/wp-json\/wp\/v2\/posts\/86202\/revisions"}],"predecessor-version":[{"id":86205,"href":"https:\/\/catolicanet.net\/wp-cnet\/wp-json\/wp\/v2\/posts\/86202\/revisions\/86205"}],"wp:featuredmedia":[{"embeddable":true,"href":"https:\/\/catolicanet.net\/wp-cnet\/wp-json\/wp\/v2\/media\/86203"}],"wp:attachment":[{"href":"https:\/\/catolicanet.net\/wp-cnet\/wp-json\/wp\/v2\/media?parent=86202"}],"wp:term":[{"taxonomy":"category","embeddable":true,"href":"https:\/\/catolicanet.net\/wp-cnet\/wp-json\/wp\/v2\/categories?post=86202"},{"taxonomy":"post_tag","embeddable":true,"href":"https:\/\/catolicanet.net\/wp-cnet\/wp-json\/wp\/v2\/tags?post=86202"}],"curies":[{"name":"wp","href":"https:\/\/api.w.org\/{rel}","templated":true}]}}