{"id":86168,"date":"2023-12-18T12:53:22","date_gmt":"2023-12-18T15:53:22","guid":{"rendered":"https:\/\/catolicanet.net\/wp-cnet\/?p=86168"},"modified":"2023-12-18T12:53:22","modified_gmt":"2023-12-18T15:53:22","slug":"mensagem-de-feliz-natal","status":"publish","type":"post","link":"https:\/\/catolicanet.net\/wp-cnet\/mensagem-de-feliz-natal\/","title":{"rendered":"Mensagem de Feliz Natal"},"content":{"rendered":"<p style=\"text-align: justify;\"><strong>Nada, absolutamente nada, pode apagar as luzes da bel\u00edssima Festa de Natal! Natal \u00e9 o esplendor do amor na fam\u00edlia, nos amigos e na humanidade.<\/strong><\/p>\n<p style=\"text-align: justify;\"><strong>Se encanta os cora\u00e7\u00f5es com a imensur\u00e1vel Magia do Natal! Seja o canto natalino, a \u00e1rvore de Natal, a luz, o pres\u00e9pio e a beleza do amor de Deus em Cristo.\u00a0\u00a0\u00a0\u00a0\u00a0\u00a0\u00a0\u00a0\u00a0\u00a0\u00a0\u00a0\u00a0\u00a0 <\/strong><\/p>\n<p style=\"text-align: justify;\"><strong>O Natal \u00e9 o mist\u00e9rio da encarna\u00e7\u00e3o, a revela\u00e7\u00e3o do Emanuel, o Deus sempre conosco, a gra\u00e7a de salva\u00e7\u00e3o, morada eterna no cora\u00e7\u00e3o de Jesus Cristo, da manjedoura a ressurrei\u00e7\u00e3o. <\/strong><\/p>\n<p style=\"text-align: justify;\"><strong>O Natal \u00e9 a celebra\u00e7\u00e3o da Festa do Menino Deus. \u00c9 o encontro com a Sagrada Fam\u00edlia, com os anjos, com os pastores, com os reis Magos e com todos aqueles que s\u00e3o tomados pela Boa Nova de alegria, que em suas vidas o Santo Natal ser\u00e1 sempre uma eterna poesia!<\/strong><\/p>\n<p style=\"text-align: justify;\"><strong>Que este Santo Natal, seja mais contagioso, mais amoroso, mais afetuoso, mais emo\u00e7\u00f5es e mais glorioso! Vamos fortalecer de forma mais profunda, verdadeira a nossa fraternidade, humildade, simplicidade, a felicidade seja para todos com abundante caridade e incr\u00edveis realiza\u00e7\u00f5es!<\/strong><\/p>\n<blockquote>\n<p style=\"text-align: center;\"><strong>Poesia de Natal<\/strong><\/p>\n<p style=\"text-align: center;\"><strong>Natal \u00e9 o amor de Deus, celestial poesia, luz eterna de harmonia do nascimento de Jesus!<\/strong><\/p>\n<p style=\"text-align: center;\"><strong>Natal \u00e9 de gloriosa esperan\u00e7a, f\u00e9 com seguran\u00e7a, de fam\u00edlia em uni\u00e3o, bondosa e vitoriosa.<\/strong><\/p>\n<p style=\"text-align: center;\"><strong>Natal \u00e9 a b\u00ean\u00e7\u00e3o da comunh\u00e3o do Emanuel, realiza\u00e7\u00e3o do fiel projeto de salva\u00e7\u00e3o.<\/strong><\/p>\n<p style=\"text-align: center;\"><strong>Seja seu Natal repleto de sa\u00fade, amor, paz, alegria e abund\u00e2ncia do p\u00e3o de cada dia! <\/strong><\/p>\n<p style=\"text-align: center;\"><strong>Feliz Natal para todas as fam\u00edlias do mundo inteiro, com muita f\u00e9, paz, felicidade, caridade e prosperidade e no amor bendiz. <\/strong><\/p>\n<\/blockquote>\n<p style=\"text-align: justify;\"><strong>FELIZ NATAL E ABEN\u00c7OADO ANO NOVO!<\/strong><\/p>\n<p style=\"text-align: justify;\"><strong>Glorioso Feliz Natal, repleto do AMOR DE DEUS, da F\u00c9 EM JESUS CRISTO. Abund\u00e2ncia de sa\u00fade, de paz, de humildade e de prosperidade para todos da miss\u00e3o CatolicaNet, seus leitores, seus familiares e de toda fam\u00edlia do mundo inteiro! S\u00e3o os votos de In\u00e1cio Jos\u00e9 do Vale. <\/strong><\/p>\n<p style=\"text-align: justify;\"><strong>\u00a0<\/strong><\/p>\n<p style=\"text-align: justify;\">Prof. Dr. In\u00e1cio Jos\u00e9 do Vale, Psicanalista Cl\u00ednico, PhD.<\/p>\n<p style=\"text-align: justify;\">Especialista em Psicologia Cl\u00ednica pela Faculdade Dom Alberto-RS.<\/p>\n<p style=\"text-align: justify;\">Especialista em Psicologia da Sa\u00fade pela Faculdade de Administra\u00e7\u00e3o, Ci\u00eancias e Educa\u00e7\u00e3o-MG.<\/p>\n<p style=\"text-align: justify;\">Doutorado em Psican\u00e1lise Cl\u00ednica pela Escola de Psican\u00e1lise da Sociedade Brasileira de Psican\u00e1lise Contempor\u00e2nea. Rio de Janeiro-RJ. Cadastrada na Organiza\u00e7\u00e3o das Na\u00e7\u00f5es Unidas \u2013 (ONU).<\/p>\n","protected":false},"excerpt":{"rendered":"<p>Nada, absolutamente nada, pode apagar as luzes da bel\u00edssima Festa de Natal! Natal \u00e9 o esplendor do amor na fam\u00edlia, nos amigos e na humanidade. Se encanta os cora\u00e7\u00f5es com a imensur\u00e1vel Magia do Natal! Seja o canto natalino, a \u00e1rvore de Natal, a luz, o pres\u00e9pio e a beleza do amor de Deus em [&hellip;]<\/p>\n","protected":false},"author":16,"featured_media":55822,"comment_status":"open","ping_status":"closed","sticky":false,"template":"","format":"standard","meta":{"footnotes":""},"categories":[9],"tags":[],"class_list":["post-86168","post","type-post","status-publish","format-standard","has-post-thumbnail","hentry","category-artigos"],"_links":{"self":[{"href":"https:\/\/catolicanet.net\/wp-cnet\/wp-json\/wp\/v2\/posts\/86168","targetHints":{"allow":["GET"]}}],"collection":[{"href":"https:\/\/catolicanet.net\/wp-cnet\/wp-json\/wp\/v2\/posts"}],"about":[{"href":"https:\/\/catolicanet.net\/wp-cnet\/wp-json\/wp\/v2\/types\/post"}],"author":[{"embeddable":true,"href":"https:\/\/catolicanet.net\/wp-cnet\/wp-json\/wp\/v2\/users\/16"}],"replies":[{"embeddable":true,"href":"https:\/\/catolicanet.net\/wp-cnet\/wp-json\/wp\/v2\/comments?post=86168"}],"version-history":[{"count":1,"href":"https:\/\/catolicanet.net\/wp-cnet\/wp-json\/wp\/v2\/posts\/86168\/revisions"}],"predecessor-version":[{"id":86170,"href":"https:\/\/catolicanet.net\/wp-cnet\/wp-json\/wp\/v2\/posts\/86168\/revisions\/86170"}],"wp:featuredmedia":[{"embeddable":true,"href":"https:\/\/catolicanet.net\/wp-cnet\/wp-json\/wp\/v2\/media\/55822"}],"wp:attachment":[{"href":"https:\/\/catolicanet.net\/wp-cnet\/wp-json\/wp\/v2\/media?parent=86168"}],"wp:term":[{"taxonomy":"category","embeddable":true,"href":"https:\/\/catolicanet.net\/wp-cnet\/wp-json\/wp\/v2\/categories?post=86168"},{"taxonomy":"post_tag","embeddable":true,"href":"https:\/\/catolicanet.net\/wp-cnet\/wp-json\/wp\/v2\/tags?post=86168"}],"curies":[{"name":"wp","href":"https:\/\/api.w.org\/{rel}","templated":true}]}}