{"id":86162,"date":"2023-12-18T12:49:35","date_gmt":"2023-12-18T15:49:35","guid":{"rendered":"https:\/\/catolicanet.net\/wp-cnet\/?p=86162"},"modified":"2023-12-18T12:49:35","modified_gmt":"2023-12-18T15:49:35","slug":"duas-mulheres-cristas-mortas-e-sete-feridos-por-snipers-em-ataque-a-uma-igreja-catolica-na-faixa-de-gaza","status":"publish","type":"post","link":"https:\/\/catolicanet.net\/wp-cnet\/duas-mulheres-cristas-mortas-e-sete-feridos-por-snipers-em-ataque-a-uma-igreja-catolica-na-faixa-de-gaza\/","title":{"rendered":"Duas mulheres crist\u00e3s mortas e sete feridos por snipers em ataque a uma igreja cat\u00f3lica na Faixa de Gaza"},"content":{"rendered":"<p style=\"text-align: center;\"><strong><em>As duas mulheres mortas s\u00e3o Samar Anton e sua m\u00e3e Nahida, ambas atingidas fatalmente quando tentavam chegar em um pr\u00e9dio da par\u00f3quia<\/em><\/strong><\/p>\n<p style=\"text-align: justify;\">Duas mulheres foram mortas a tiros por franco-atiradores nos jardins da par\u00f3quia cat\u00f3lica Sagrada Fam\u00edlia na Cidade de Gaza, neste s\u00e1bado, 16 de dezembro, de acordo com um comunicado de imprensa do Patriarcado Latino de Jerusal\u00e9m, enviado \u00e0 institui\u00e7\u00e3o de caridade internacional ACN &#8211; Ajuda \u00e0 Igreja que Sofre. Outras sete pessoas ficaram feridas. No mesmo dia, v\u00e1rios proj\u00e9teis atingiram o convento das Mission\u00e1rias da Caridade, que fica no mesmo complexo e abrigava mais de 50 pessoas com defici\u00eancia.<\/p>\n<p style=\"text-align: justify;\">As duas mulheres mortas s\u00e3o Samar Anton e sua m\u00e3e Nahida. Ambas foram atingidas fatalmente quando tentavam chegar em um pr\u00e9dio da par\u00f3quia. O Patriarcado Latino afirmou que os franco-atiradores eram militares israelenses. &#8220;Mais sete pessoas foram baleadas e feridas enquanto tentavam proteger outras dentro do complexo da igreja&#8221;, continua o comunicado enviado \u00e0 ACN.<strong>\u00a0<\/strong><\/p>\n<p style=\"text-align: justify;\"><strong>Sem energia para os respiradores <\/strong><\/p>\n<p style=\"text-align: justify;\">V\u00e1rios ataques com foguetes destru\u00edram, entre outras coisas, o gerador de energia no referido convento, causando um inc\u00eandio e tornando o edif\u00edcio inabit\u00e1vel. As Irm\u00e3s de Madre Teresa e as 54 pessoas com defici\u00eancia conseguiram chegar em seguran\u00e7a, mas &#8220;est\u00e3o atualmente deslocadas e sem acesso aos respiradores de que algumas delas precisam para sobreviver&#8221;, escreve o patriarcado.<\/p>\n<p style=\"text-align: justify;\">Al\u00e9m disso, na \u00faltima quinta-feira, dois trabalhadores que tentavam reparar as caixas d\u00b4\u00e1gua do edif\u00edcio da freguesia, que tinham sido danificadas por explos\u00f5es, foram baleados por franco-atiradores e morreram devido aos ferimentos. Um contato escreveu \u00e0 ACN: &#8220;Por favor, intensifiquem suas ora\u00e7\u00f5es por n\u00f3s. S\u00f3 Deus pode ajudar&#8221;.<strong>\u00a0<\/strong><\/p>\n<p style=\"text-align: justify;\"><strong>Ajuda aos crist\u00e3os em Israel e nos Territ\u00f3rios Palestinos <\/strong><\/p>\n<p style=\"text-align: justify;\">A Sagrada Fam\u00edlia \u00e9 a \u00fanica par\u00f3quia cat\u00f3lica na Faixa de Gaza, atualmente v\u00e1rias centenas de crist\u00e3os est\u00e3o abrigados nos jardins da igreja, incluindo crian\u00e7as, idosos e pessoas com defici\u00eancia. A popula\u00e7\u00e3o crist\u00e3 de Gaza antes da guerra era estimada em cerca de mil pessoas.<\/p>\n<p style=\"text-align: justify;\">Em coopera\u00e7\u00e3o com o Patriarcado Latino de Jerusal\u00e9m, a ACN apoia a comunidade crist\u00e3 em Gaza na aquisi\u00e7\u00e3o de alimentos e medicamentos. Al\u00e9m disso, a entidade est\u00e1 ajudando os crist\u00e3os em Jerusal\u00e9m Oriental e na Cisjord\u00e2nia, que tamb\u00e9m foram afetados pelas consequ\u00eancias da guerra, bem como os trabalhadores migrantes crist\u00e3os em Israel.<\/p>\n","protected":false},"excerpt":{"rendered":"<p>As duas mulheres mortas s\u00e3o Samar Anton e sua m\u00e3e Nahida, ambas atingidas fatalmente quando tentavam chegar em um pr\u00e9dio da par\u00f3quia Duas mulheres foram mortas a tiros por franco-atiradores nos jardins da par\u00f3quia cat\u00f3lica Sagrada Fam\u00edlia na Cidade de Gaza, neste s\u00e1bado, 16 de dezembro, de acordo com um comunicado de imprensa do Patriarcado [&hellip;]<\/p>\n","protected":false},"author":1,"featured_media":67995,"comment_status":"open","ping_status":"closed","sticky":false,"template":"","format":"standard","meta":{"footnotes":""},"categories":[4],"tags":[],"class_list":["post-86162","post","type-post","status-publish","format-standard","has-post-thumbnail","hentry","category-cotidiano"],"_links":{"self":[{"href":"https:\/\/catolicanet.net\/wp-cnet\/wp-json\/wp\/v2\/posts\/86162","targetHints":{"allow":["GET"]}}],"collection":[{"href":"https:\/\/catolicanet.net\/wp-cnet\/wp-json\/wp\/v2\/posts"}],"about":[{"href":"https:\/\/catolicanet.net\/wp-cnet\/wp-json\/wp\/v2\/types\/post"}],"author":[{"embeddable":true,"href":"https:\/\/catolicanet.net\/wp-cnet\/wp-json\/wp\/v2\/users\/1"}],"replies":[{"embeddable":true,"href":"https:\/\/catolicanet.net\/wp-cnet\/wp-json\/wp\/v2\/comments?post=86162"}],"version-history":[{"count":1,"href":"https:\/\/catolicanet.net\/wp-cnet\/wp-json\/wp\/v2\/posts\/86162\/revisions"}],"predecessor-version":[{"id":86164,"href":"https:\/\/catolicanet.net\/wp-cnet\/wp-json\/wp\/v2\/posts\/86162\/revisions\/86164"}],"wp:featuredmedia":[{"embeddable":true,"href":"https:\/\/catolicanet.net\/wp-cnet\/wp-json\/wp\/v2\/media\/67995"}],"wp:attachment":[{"href":"https:\/\/catolicanet.net\/wp-cnet\/wp-json\/wp\/v2\/media?parent=86162"}],"wp:term":[{"taxonomy":"category","embeddable":true,"href":"https:\/\/catolicanet.net\/wp-cnet\/wp-json\/wp\/v2\/categories?post=86162"},{"taxonomy":"post_tag","embeddable":true,"href":"https:\/\/catolicanet.net\/wp-cnet\/wp-json\/wp\/v2\/tags?post=86162"}],"curies":[{"name":"wp","href":"https:\/\/api.w.org\/{rel}","templated":true}]}}