{"id":86043,"date":"2023-12-15T10:14:54","date_gmt":"2023-12-15T13:14:54","guid":{"rendered":"https:\/\/catolicanet.net\/wp-cnet\/?p=86043"},"modified":"2023-12-15T10:14:54","modified_gmt":"2023-12-15T13:14:54","slug":"o-papa-no-concerto-de-natal-com-os-pobres-esta-a-verdadeira-mensagem-crista","status":"publish","type":"post","link":"https:\/\/catolicanet.net\/wp-cnet\/o-papa-no-concerto-de-natal-com-os-pobres-esta-a-verdadeira-mensagem-crista\/","title":{"rendered":"O Papa: no concerto de Natal com os pobres est\u00e1 a verdadeira mensagem crist\u00e3"},"content":{"rendered":"<figure class=\"article__image\"><span class=\"didascalia_img\">O Papa com os organizadores do Concerto de Natal com os Pobres e para os Pobres\u00a0 (VATICAN MEDIA Divisione Foto)<\/span><\/figure>\n<div class=\"article__meta \" data-mediatype=\"\">\n<div class=\"article__subTitle\" style=\"text-align: justify;\">O Papa encontrou-se com os organizadores do Concerto de Natal com os Pobres e para os Pobres que se realiza esta tarde, na Sala Paulo VI. Oferecer um concerto gratuito a milhares de pessoas carentes significa &#8220;fraternidade. Isso \u00e9 muito coerente com a mensagem do Natal&#8221;, disse Francisco.<\/div>\n<div class=\"title__separator\" style=\"text-align: justify;\"><\/div>\n<div class=\"article__text\">\n<p style=\"text-align: justify;\"><b>Mariangela Jaguraba \u2013 Vatican News<\/b><\/p>\n<p style=\"text-align: justify;\">O Papa Francisco recebeu audi\u00eancia, nesta sexta-feira (15\/12), na Sala Clementina, no Vaticano, os organizadores do\u00a0<i>Concerto de Natal com os Pobres e para os Pobres.<\/i><\/p>\n<p style=\"text-align: justify;\">O concerto se realiza nesta sexta-feira, na Sala Paulo VI, no Vaticano, \u00e0s 17h30 locais. Tr\u00eas mil lugares est\u00e3o reservados para os moradores em situa\u00e7\u00e3o de rua, migrantes e aqueles que vivem dificuldades sociais. Eles s\u00e3o os &#8220;convidados de honra&#8221; do evento, convidados a participar por meio do Dicast\u00e9rio para o Servi\u00e7o da Caridade e de v\u00e1rias associa\u00e7\u00f5es volunt\u00e1rias que os assistem diariamente, e para os quais ser\u00e1 distribu\u00eddo uma marmita e outros itens de necessidades b\u00e1sicas.<\/p>\n<h2 style=\"text-align: justify;\">Fraternidade, coer\u00eancia com a mensagem do Natal<\/h2>\n<p style=\"text-align: justify;\">Francisco agradeceu aos organizadores do concerto por sua contribui\u00e7\u00e3o e agradeceu ao mons. Frisina que mais uma vez soube orquestrar tudo. &#8220;\u00c9 mais f\u00e1cil criar harmonia com as notas do que com as pessoas, mas esse n\u00e3o \u00e9 o seu caso! Voc\u00eas conseguiram criar harmonia entre voc\u00eas, obrigado&#8221;, disse o Papa.<\/p>\n<p style=\"text-align: justify;\"><i>Agrade\u00e7o a voc\u00eas porque, ao envolver tantas pessoas, voc\u00eas conseguem oferecer um concerto gratuito a milhares de pessoas carentes e, com a m\u00fasica, voc\u00eas oferecem um momento de encontro, de partilha e, depois, uma refei\u00e7\u00e3o e cobertores. Em uma palavra: fraternidade. Isso \u00e9 muito coerente com a mensagem do Natal.<\/i><\/p>\n<p style=\"text-align: justify;\">&#8220;O concerto de voc\u00eas \u00e9 com os pobres&#8221;, disse ainda o Papa. Isso \u00e9 decisivo, esse\u00a0<i>com<\/i>\u00a0\u00e9 a chave. Passar do &#8220;<i>para<\/i>&#8221; para o &#8220;com&#8221;. Passar do &#8220;<i>para\u00a0<\/i>os pobres&#8221; para o &#8220;<i>com\u00a0<\/i>os pobres&#8221;. E isso \u00e9 crist\u00e3o&#8221;, frisou o Papa, que fez as seguintes perguntas: &#8220;Deus veio por n\u00f3s, mas como? De que forma?&#8221;<\/p>\n<p style=\"text-align: justify;\"><i>Vindo morar conosco, ou melhor, tornando-se como n\u00f3s. Esse mist\u00e9rio sempre nos deixa sem palavras. \u00c9 muito grande, nos ultrapassa. No entanto, podemos experiment\u00e1-lo no encontro com o outro que \u00e9 diferente de mim: quando o fato de eu dar algo para ele ou ela se torna receber, se torna partilha, se torna amizade. Do para ao com.<\/i><\/p>\n<p style=\"text-align: justify;\">&#8220;Queridos, agrade\u00e7o e pe\u00e7o que rezem para que isso aconte\u00e7a: a m\u00fasica n\u00e3o \u00e9 suficiente, as luzes e as decora\u00e7\u00f5es n\u00e3o s\u00e3o suficientes, n\u00e3o, \u00e9 preciso a ora\u00e7\u00e3o&#8221;, disse ainda Francisco, convidando a confiar tudo isso \u00e0 intercess\u00e3o de Maria, nossa M\u00e3e.<\/p>\n<p style=\"text-align: justify;\">&#8220;Rezo e aben\u00e7oo a todos voc\u00eas e seus entes queridos. Desejo-lhes um Feliz Natal! Pe\u00e7o a voc\u00eas que rezem por mim e se algum de voc\u00eas n\u00e3o reza, pelo menos me mande boas ondas que s\u00e3o necess\u00e1rias neste mundo&#8221;, concluiu.<\/p>\n<\/div>\n<\/div>\n","protected":false},"excerpt":{"rendered":"<p>O Papa com os organizadores do Concerto de Natal com os Pobres e para os Pobres\u00a0 (VATICAN MEDIA Divisione Foto) O Papa encontrou-se com os organizadores do Concerto de Natal com os Pobres e para os Pobres que se realiza esta tarde, na Sala Paulo VI. Oferecer um concerto gratuito a milhares de pessoas carentes [&hellip;]<\/p>\n","protected":false},"author":1,"featured_media":86044,"comment_status":"open","ping_status":"closed","sticky":false,"template":"","format":"standard","meta":{"footnotes":""},"categories":[3],"tags":[],"class_list":["post-86043","post","type-post","status-publish","format-standard","has-post-thumbnail","hentry","category-vaticano"],"_links":{"self":[{"href":"https:\/\/catolicanet.net\/wp-cnet\/wp-json\/wp\/v2\/posts\/86043","targetHints":{"allow":["GET"]}}],"collection":[{"href":"https:\/\/catolicanet.net\/wp-cnet\/wp-json\/wp\/v2\/posts"}],"about":[{"href":"https:\/\/catolicanet.net\/wp-cnet\/wp-json\/wp\/v2\/types\/post"}],"author":[{"embeddable":true,"href":"https:\/\/catolicanet.net\/wp-cnet\/wp-json\/wp\/v2\/users\/1"}],"replies":[{"embeddable":true,"href":"https:\/\/catolicanet.net\/wp-cnet\/wp-json\/wp\/v2\/comments?post=86043"}],"version-history":[{"count":1,"href":"https:\/\/catolicanet.net\/wp-cnet\/wp-json\/wp\/v2\/posts\/86043\/revisions"}],"predecessor-version":[{"id":86046,"href":"https:\/\/catolicanet.net\/wp-cnet\/wp-json\/wp\/v2\/posts\/86043\/revisions\/86046"}],"wp:featuredmedia":[{"embeddable":true,"href":"https:\/\/catolicanet.net\/wp-cnet\/wp-json\/wp\/v2\/media\/86044"}],"wp:attachment":[{"href":"https:\/\/catolicanet.net\/wp-cnet\/wp-json\/wp\/v2\/media?parent=86043"}],"wp:term":[{"taxonomy":"category","embeddable":true,"href":"https:\/\/catolicanet.net\/wp-cnet\/wp-json\/wp\/v2\/categories?post=86043"},{"taxonomy":"post_tag","embeddable":true,"href":"https:\/\/catolicanet.net\/wp-cnet\/wp-json\/wp\/v2\/tags?post=86043"}],"curies":[{"name":"wp","href":"https:\/\/api.w.org\/{rel}","templated":true}]}}