{"id":86039,"date":"2023-12-15T10:13:15","date_gmt":"2023-12-15T13:13:15","guid":{"rendered":"https:\/\/catolicanet.net\/wp-cnet\/?p=86039"},"modified":"2023-12-15T10:13:15","modified_gmt":"2023-12-15T13:13:15","slug":"papa-se-amarmos-a-deus-e-ao-proximo-o-mundo-encontrara-a-paz-novamente","status":"publish","type":"post","link":"https:\/\/catolicanet.net\/wp-cnet\/papa-se-amarmos-a-deus-e-ao-proximo-o-mundo-encontrara-a-paz-novamente\/","title":{"rendered":"Papa: se amarmos a Deus e ao pr\u00f3ximo, o mundo encontrar\u00e1 a paz novamente"},"content":{"rendered":"<figure class=\"article__image\"><span class=\"didascalia_img\">Francisco com as crian\u00e7as da A\u00e7\u00e3o Cat\u00f3lica italiana\u00a0 (VATICAN MEDIA Divisione Foto)<\/span><\/figure>\n<div class=\"article__meta \" data-mediatype=\"\">\n<div class=\"article__subTitle\" style=\"text-align: justify;\">Francisco recebeu em audi\u00eancia, nesta manh\u00e3 (15\/12), no Vaticano, as crian\u00e7as da A\u00e7\u00e3o Cat\u00f3lica italiana. Em uma breve sauda\u00e7\u00e3o, convidou-as a n\u00e3o perderem o entusiasmo e a alegria. No discurso entregue aos participantes, recordou-se das crian\u00e7as que morreram na guerra: \u201ca mem\u00f3ria delas nos convida a sermos luzes para o mundo, a tocarmos o cora\u00e7\u00e3o de tantas pessoas, especialmente daquelas que podem deter o turbilh\u00e3o da viol\u00eancia&#8221;.<\/div>\n<div class=\"title__separator\" style=\"text-align: justify;\"><\/div>\n<div class=\"article__text\">\n<p style=\"text-align: justify;\"><b>Thulio Fonseca &#8211; Vatican News<\/b><\/p>\n<p style=\"text-align: justify;\">Na manh\u00e3 desta sexta-feira, 15 de dezembro, Francisco recebeu as crian\u00e7as da A\u00e7\u00e3o Cat\u00f3lica italiana, ocasi\u00e3o para compartilhar os cumprimentos em vista do Natal.<\/p>\n<p style=\"text-align: justify;\">O Papa, durante a audi\u00eancia na Sala Clementina, agradeceu de forma breve e espont\u00e2nea pela alegria contagiante das crian\u00e7as e pelo incans\u00e1vel trabalho de cada um, e completou: &#8220;\u00c9 essencial mantermos o entusiasmo e preservarmos a ess\u00eancia espiritual&#8221;. Al\u00e9m disso, optou por n\u00e3o ler o texto preparado e, desse modo, cumprimentou-os individualmente.<\/p>\n<div style=\"text-align: justify;\">\n<div class=\"article__embed article__embed--unwrap article__embed--photo\">\n<figure><picture><img decoding=\"async\" class=\"loaded\" src=\"https:\/\/www.vaticannews.va\/content\/dam\/vaticannews\/agenzie\/images\/srv\/2023\/12\/15\/2023-12-15-ragazzi-dell-azione-cattolica-italiana\/1702637047058.JPG\/_jcr_content\/renditions\/cq5dam.thumbnail.cropped.750.422.jpeg\" alt=\"O Papa com as crian\u00e7as da A\u00e7\u00e3o Cat\u00f3lica italiana\" data-original=\"\/content\/dam\/vaticannews\/agenzie\/images\/srv\/2023\/12\/15\/2023-12-15-ragazzi-dell-azione-cattolica-italiana\/1702637047058.JPG\/_jcr_content\/renditions\/cq5dam.thumbnail.cropped.750.422.jpeg\" data-was-processed=\"true\" \/><\/picture><\/figure>\n<div class=\"photo_embed--Title\">O Papa com as crian\u00e7as da A\u00e7\u00e3o Cat\u00f3lica italiana<\/div>\n<\/div>\n<\/div>\n<p style=\"text-align: justify;\">Em seu discurso, entregue aos participantes, o Papa expressa sua gratid\u00e3o e reconhecimento aos l\u00edderes e educadores por seu cuidado na jornada de f\u00e9 das crian\u00e7as, enfatizando o significado do Natal como um lembrete do amor divino:<\/p>\n<p style=\"text-align: justify;\"><i>\u201cO Natal nos lembra que Deus nos ama e quer estar conosco. \u00c9 por isso que Jesus nasceu, tornou-se pequeno, viveu em uma fam\u00edlia com Maria e Jos\u00e9 e continua presente ao nosso lado e dentro de cada um de n\u00f3s: porque Ele nos ama, Ele \u00e9 nosso amigo. Esse \u00e9 um presente maravilhoso. E traz consigo outro: que n\u00f3s tamb\u00e9m podemos amar uns aos outros como irm\u00e3os. Como precisamos disso hoje! Tantas pessoas, tantas crian\u00e7as sofrem por causa da guerra!\u201d<\/i><\/p>\n<h2 style=\"text-align: justify;\">O mundo precisa de paz<\/h2>\n<p style=\"text-align: justify;\">O Pont\u00edfice se recorda das crian\u00e7as que perderam suas vidas devido aos conflitos, simbolizados pelas estrelas trazidas pelos representantes da A\u00e7\u00e3o Cat\u00f3lica, que \u201ccomo pequenas luzes, olham para n\u00f3s do c\u00e9u\u201d, e ressalta, \u201cvoc\u00eas sabem quantas crian\u00e7as morreram em Gaza nesta \u00faltima guerra? Mais de tr\u00eas mil. \u00c9 inacredit\u00e1vel, mas \u00e9 a realidade. Na Ucr\u00e2nia, mais de quinhentas, e no I\u00eamen, ap\u00f3s tantos anos de conflito, milhares\u201d.<\/p>\n<div style=\"text-align: justify;\">\n<div class=\"article__embed article__embed--border embed_style\">\n<blockquote><p>\u201cA mem\u00f3ria delas nos convida, por sua vez, a sermos luzes para o mundo, a tocarmos o cora\u00e7\u00e3o de tantas pessoas, especialmente daquelas que podem deter o turbilh\u00e3o da viol\u00eancia. Amar a Deus e amar uns aos outros: somente assim o mundo encontrar\u00e1 a luz e a paz de que precisa, como cantaram os anjos em Bel\u00e9m\u201d<\/p><\/blockquote>\n<\/div>\n<\/div>\n<p style=\"text-align: justify;\">Francisco pede aos pequeninos para que amem a Deus e ao pr\u00f3ximo, \u201cna fam\u00edlia, na par\u00f3quia, na escola e ao longo das ruas que percorrem todos os dias, para ajudar todos a acreditar que ainda \u00e9 poss\u00edvel mudar de rumo, escolher a vida e voltar a ter esperan\u00e7a\u201d.<\/p>\n<h2 style=\"text-align: justify;\">Amar a cria\u00e7\u00e3o<\/h2>\n<p style=\"text-align: justify;\">O Papa ainda sublinha \u201cum terceiro amor\u201d, e faz um convite \u00e0s crian\u00e7as para que estejam atentas \u00e0 cria\u00e7\u00e3o. Ao elogiar o lema da associa\u00e7\u00e3o escolhido para este ano, &#8220;Esta \u00e9 a sua casa!&#8221;, o Santo Padre recorda: \u201cDeus nos chama a reconhecer e respeitar a beleza que nos rodeia, na natureza e nas pessoas, e assim crescer na partilha e na fraternidade. Vivam esse caminho com empenho: nele tamb\u00e9m h\u00e1 uma mensagem de esperan\u00e7a\u201d.<\/p>\n<div style=\"text-align: justify;\">\n<div class=\"article__embed article__embed--unwrap article__embed--photo\">\n<figure><picture><img decoding=\"async\" class=\"loaded\" src=\"https:\/\/www.vaticannews.va\/content\/dam\/vaticannews\/agenzie\/images\/srv\/2023\/12\/15\/2023-12-15-ragazzi-dell-azione-cattolica-italiana\/1702637055682.JPG\/_jcr_content\/renditions\/cq5dam.thumbnail.cropped.750.422.jpeg\" alt=\"O Papa Francisco recebeu presentes das crian\u00e7as da A\u00e7\u00e3o Cat\u00f3lica italiana\" data-original=\"\/content\/dam\/vaticannews\/agenzie\/images\/srv\/2023\/12\/15\/2023-12-15-ragazzi-dell-azione-cattolica-italiana\/1702637055682.JPG\/_jcr_content\/renditions\/cq5dam.thumbnail.cropped.750.422.jpeg\" data-was-processed=\"true\" \/><\/picture><\/figure>\n<div class=\"photo_embed--Title\">O Papa Francisco recebeu presentes das crian\u00e7as da A\u00e7\u00e3o Cat\u00f3lica italiana<\/div>\n<\/div>\n<\/div>\n<p style=\"text-align: justify;\">\nPor fim, Francisco deseja um Feliz Natal a todos e lhes faz um convite:<\/p>\n<p style=\"text-align: justify;\"><i>\u201cNo Natal, Deus nos mostra seu amor e nos convida a amar: a Ele, aos outros e \u00e0 cria\u00e7\u00e3o. Vamos responder ao seu convite unindo, com nossa amizade e ternura, o c\u00e9u e a terra em \u00fanico e grande abra\u00e7o\u201d.<\/i><\/p>\n<\/div>\n<\/div>\n","protected":false},"excerpt":{"rendered":"<p>Francisco com as crian\u00e7as da A\u00e7\u00e3o Cat\u00f3lica italiana\u00a0 (VATICAN MEDIA Divisione Foto) Francisco recebeu em audi\u00eancia, nesta manh\u00e3 (15\/12), no Vaticano, as crian\u00e7as da A\u00e7\u00e3o Cat\u00f3lica italiana. Em uma breve sauda\u00e7\u00e3o, convidou-as a n\u00e3o perderem o entusiasmo e a alegria. No discurso entregue aos participantes, recordou-se das crian\u00e7as que morreram na guerra: \u201ca mem\u00f3ria delas [&hellip;]<\/p>\n","protected":false},"author":1,"featured_media":86040,"comment_status":"open","ping_status":"closed","sticky":false,"template":"","format":"standard","meta":{"footnotes":""},"categories":[13,3],"tags":[],"class_list":["post-86039","post","type-post","status-publish","format-standard","has-post-thumbnail","hentry","category-featured","category-vaticano"],"_links":{"self":[{"href":"https:\/\/catolicanet.net\/wp-cnet\/wp-json\/wp\/v2\/posts\/86039","targetHints":{"allow":["GET"]}}],"collection":[{"href":"https:\/\/catolicanet.net\/wp-cnet\/wp-json\/wp\/v2\/posts"}],"about":[{"href":"https:\/\/catolicanet.net\/wp-cnet\/wp-json\/wp\/v2\/types\/post"}],"author":[{"embeddable":true,"href":"https:\/\/catolicanet.net\/wp-cnet\/wp-json\/wp\/v2\/users\/1"}],"replies":[{"embeddable":true,"href":"https:\/\/catolicanet.net\/wp-cnet\/wp-json\/wp\/v2\/comments?post=86039"}],"version-history":[{"count":1,"href":"https:\/\/catolicanet.net\/wp-cnet\/wp-json\/wp\/v2\/posts\/86039\/revisions"}],"predecessor-version":[{"id":86042,"href":"https:\/\/catolicanet.net\/wp-cnet\/wp-json\/wp\/v2\/posts\/86039\/revisions\/86042"}],"wp:featuredmedia":[{"embeddable":true,"href":"https:\/\/catolicanet.net\/wp-cnet\/wp-json\/wp\/v2\/media\/86040"}],"wp:attachment":[{"href":"https:\/\/catolicanet.net\/wp-cnet\/wp-json\/wp\/v2\/media?parent=86039"}],"wp:term":[{"taxonomy":"category","embeddable":true,"href":"https:\/\/catolicanet.net\/wp-cnet\/wp-json\/wp\/v2\/categories?post=86039"},{"taxonomy":"post_tag","embeddable":true,"href":"https:\/\/catolicanet.net\/wp-cnet\/wp-json\/wp\/v2\/tags?post=86039"}],"curies":[{"name":"wp","href":"https:\/\/api.w.org\/{rel}","templated":true}]}}