{"id":86013,"date":"2023-12-11T10:49:44","date_gmt":"2023-12-11T13:49:44","guid":{"rendered":"https:\/\/catolicanet.net\/wp-cnet\/?p=86013"},"modified":"2023-12-11T14:50:56","modified_gmt":"2023-12-11T17:50:56","slug":"saiba-como-escrever-para-nossa-senhora-de-guadalupe","status":"publish","type":"post","link":"https:\/\/catolicanet.net\/wp-cnet\/saiba-como-escrever-para-nossa-senhora-de-guadalupe\/","title":{"rendered":"Saiba como escrever para Nossa Senhora de Guadalupe"},"content":{"rendered":"<p style=\"text-align: justify;\">Amanh\u00e3 (12), \u00e9 celebrada a festa de Nossa Senhora de Guadalupe e, por esta ocasi\u00e3o, compartilhamos um meio habilitado pela Bas\u00edlica de Santa Maria de Guadalupe, no M\u00e9xico, para que voc\u00ea possa enviar seus pedidos de ora\u00e7\u00e3o dirigidos \u00e0 Imperatriz da Am\u00e9rica de qualquer lugar do mundo.<\/p>\n<p style=\"text-align: justify;\">Para escrever seus pedidos, voc\u00ea deve entrar no\u00a0<a href=\"https:\/\/virgendeguadalupe.org.mx\/\">site da Bas\u00edlica de Santa Maria de Guadalupe<\/a>\u00a0e deslizar o cursor para a se\u00e7\u00e3o &#8220;Escribe tu petici\u00f3n a la Virgen&#8221; (Escreva o seu pedido \u00e0 Virgem). N\u00e3o \u00e9 necess\u00e1rio entrar com um usu\u00e1rio nem colocar um nome.<\/p>\n<p style=\"text-align: justify;\"><strong>A hist\u00f3ria das apari\u00e7\u00f5es<\/strong><\/p>\n<p style=\"text-align: justify;\">Em 9 de dezembro de 1531, Nossa Senhora apareceu a um humilde ind\u00edgena convertido ao cristianismo, chamado Juan Diego, na colina de Tepeyac, ao norte da Cidade do M\u00e9xico. Maria se apresentou como &#8220;a perfeita sempre Virgem Maria, m\u00e3e do verdadeiro Deus&#8221;.<\/p>\n<p style=\"text-align: justify;\">A Rainha do C\u00e9u lhe encomendou que em seu nome pedisse ao bispo, o franciscano Juan de Zum\u00e1rraga, a constru\u00e7\u00e3o de uma igreja no lugar da apari\u00e7\u00e3o.<\/p>\n<p style=\"text-align: justify;\">O bispo n\u00e3o aceitou a ideia e a Virgem pediu que ele insistisse. No dia seguinte, s\u00e3o Juan Diego encontrou o Prelado novamente, que o examinou na doutrina crist\u00e3 e pediu evid\u00eancias objetivas do prod\u00edgio.<\/p>\n<p style=\"text-align: justify;\">Na ter\u00e7a-feira, 12 de dezembro, a Virgem se apresentou a ele e o convidou a subir ao topo da colina de Tepeyac para colher flores e traz\u00ea-las.<\/p>\n<p style=\"text-align: justify;\">Apesar do inverno e da aridez do local, s\u00e3o Juan Diego encontrou rosas muito bonitas e as colocou em sua &#8220;tilma&#8221;. Nossa Senhora ent\u00e3o ordenou que fosse apresent\u00e1-las ao Bispo.<\/p>\n<p style=\"text-align: justify;\">Estando diante do bispo, o santo abriu a sua &#8220;tilma&#8221; e deixou as flores ca\u00edrem. A imagem de Nossa Senhora de Guadalupe apareceu no tecido. O bispo e outras pessoas presentes ca\u00edram de joelhos com grande espanto. Depois, dom Zum\u00e1rraga pediu desculpas.<\/p>\n<p style=\"text-align: justify;\">No dia seguinte, foram ao monte Tepeyac, onde as pessoas imediatamente se ofereceram para erguer o templo.<\/p>\n<p style=\"text-align: justify;\">Com o manto, a Virgem trouxe reconcilia\u00e7\u00e3o entre nativos e espanh\u00f3is, pois, com os s\u00edmbolos que ali aparecem, as duas culturas podiam entender perfeitamente a mensagem do C\u00e9u. Da mesma forma, ajudou-lhes a compreender que a f\u00e9 crist\u00e3 n\u00e3o \u00e9 propriedade de ningu\u00e9m, mas um presente de amor para todos.<\/p>\n","protected":false},"excerpt":{"rendered":"<p>Amanh\u00e3 (12), \u00e9 celebrada a festa de Nossa Senhora de Guadalupe e, por esta ocasi\u00e3o, compartilhamos um meio habilitado pela Bas\u00edlica de Santa Maria de Guadalupe, no M\u00e9xico, para que voc\u00ea possa enviar seus pedidos de ora\u00e7\u00e3o dirigidos \u00e0 Imperatriz da Am\u00e9rica de qualquer lugar do mundo. Para escrever seus pedidos, voc\u00ea deve entrar no\u00a0site [&hellip;]<\/p>\n","protected":false},"author":1,"featured_media":86014,"comment_status":"open","ping_status":"closed","sticky":false,"template":"","format":"standard","meta":{"footnotes":""},"categories":[4,13],"tags":[],"class_list":["post-86013","post","type-post","status-publish","format-standard","has-post-thumbnail","hentry","category-cotidiano","category-featured"],"_links":{"self":[{"href":"https:\/\/catolicanet.net\/wp-cnet\/wp-json\/wp\/v2\/posts\/86013","targetHints":{"allow":["GET"]}}],"collection":[{"href":"https:\/\/catolicanet.net\/wp-cnet\/wp-json\/wp\/v2\/posts"}],"about":[{"href":"https:\/\/catolicanet.net\/wp-cnet\/wp-json\/wp\/v2\/types\/post"}],"author":[{"embeddable":true,"href":"https:\/\/catolicanet.net\/wp-cnet\/wp-json\/wp\/v2\/users\/1"}],"replies":[{"embeddable":true,"href":"https:\/\/catolicanet.net\/wp-cnet\/wp-json\/wp\/v2\/comments?post=86013"}],"version-history":[{"count":1,"href":"https:\/\/catolicanet.net\/wp-cnet\/wp-json\/wp\/v2\/posts\/86013\/revisions"}],"predecessor-version":[{"id":86016,"href":"https:\/\/catolicanet.net\/wp-cnet\/wp-json\/wp\/v2\/posts\/86013\/revisions\/86016"}],"wp:featuredmedia":[{"embeddable":true,"href":"https:\/\/catolicanet.net\/wp-cnet\/wp-json\/wp\/v2\/media\/86014"}],"wp:attachment":[{"href":"https:\/\/catolicanet.net\/wp-cnet\/wp-json\/wp\/v2\/media?parent=86013"}],"wp:term":[{"taxonomy":"category","embeddable":true,"href":"https:\/\/catolicanet.net\/wp-cnet\/wp-json\/wp\/v2\/categories?post=86013"},{"taxonomy":"post_tag","embeddable":true,"href":"https:\/\/catolicanet.net\/wp-cnet\/wp-json\/wp\/v2\/tags?post=86013"}],"curies":[{"name":"wp","href":"https:\/\/api.w.org\/{rel}","templated":true}]}}