{"id":86001,"date":"2023-12-11T10:42:47","date_gmt":"2023-12-11T13:42:47","guid":{"rendered":"https:\/\/catolicanet.net\/wp-cnet\/?p=86001"},"modified":"2023-12-11T14:43:37","modified_gmt":"2023-12-11T17:43:37","slug":"comissao-sociotransformadora-da-cnbb-participa-do-lancamento-do-plano-nacional-ruas-visiveis","status":"publish","type":"post","link":"https:\/\/catolicanet.net\/wp-cnet\/comissao-sociotransformadora-da-cnbb-participa-do-lancamento-do-plano-nacional-ruas-visiveis\/","title":{"rendered":"COMISS\u00c3O SOCIOTRANSFORMADORA DA CNBB PARTICIPA DO LAN\u00c7AMENTO DO PLANO NACIONAL RUAS VIS\u00cdVEIS"},"content":{"rendered":"<p style=\"text-align: justify;\">A Comiss\u00e3o Episcopal para a A\u00e7\u00e3o Sociotransformadora da Confer\u00eancia Nacional dos Bispos do Brasil (Cepast-CNBB), por meio da Pastoral do Povo de Rua, participou do Lan\u00e7amento do Plano Nacional Ruas Vis\u00edveis, com pol\u00edticas para \u00e0s pessoas em situa\u00e7\u00e3o de rua, do Minist\u00e9rio dos Direitos Humanos e da Cidadania do Governo Federal.<\/p>\n<p style=\"text-align: justify;\">A atividade ocorreu nesta segunda-feira, 11 de dezembro, no Pal\u00e1cio do Planalto, em conson\u00e2ncia com a celebra\u00e7\u00e3o dos 75 anos da Declara\u00e7\u00e3o Universal dos Direitos Humanos, comemorado no dia 10 de dezembro. A Declara\u00e7\u00e3o Universal dos Direitos Humanos (DUDH) \u00e9 um documento base, n\u00e3o jur\u00eddico, que estabelece a prote\u00e7\u00e3o universal dos direitos humanos b\u00e1sicos, adotada pela Organiza\u00e7\u00e3o das Na\u00e7\u00f5es Unidas em 10 de dezembro de 1948.<\/p>\n<figure id=\"attachment_955942\" class=\"wp-caption alignleft\" style=\"text-align: justify;\" aria-describedby=\"caption-attachment-955942\"><img loading=\"lazy\" decoding=\"async\" class=\"size-medium wp-image-955942\" src=\"https:\/\/www.cnbb.org.br\/wp-content\/uploads\/2023\/12\/WhatsApp-Image-2023-12-11-at-13.02.06-1-225x300.jpeg\" sizes=\"auto, (max-width: 225px) 100vw, 225px\" srcset=\"https:\/\/www.cnbb.org.br\/wp-content\/uploads\/2023\/12\/WhatsApp-Image-2023-12-11-at-13.02.06-1-225x300.jpeg 225w, https:\/\/www.cnbb.org.br\/wp-content\/uploads\/2023\/12\/WhatsApp-Image-2023-12-11-at-13.02.06-1-768x1024.jpeg 768w, https:\/\/www.cnbb.org.br\/wp-content\/uploads\/2023\/12\/WhatsApp-Image-2023-12-11-at-13.02.06-1-1152x1536.jpeg 1152w, https:\/\/www.cnbb.org.br\/wp-content\/uploads\/2023\/12\/WhatsApp-Image-2023-12-11-at-13.02.06-1-500x667.jpeg 500w, https:\/\/www.cnbb.org.br\/wp-content\/uploads\/2023\/12\/WhatsApp-Image-2023-12-11-at-13.02.06-1.jpeg 1200w\" alt=\"\" width=\"225\" height=\"300\" \/><figcaption id=\"caption-attachment-955942\" class=\"wp-caption-text\">Ivone Perassa e pe. D\u00e1rio Bossi<\/figcaption><\/figure>\n<p style=\"text-align: justify;\">Participaram do lan\u00e7amento, o assessor da Cepast-CNBB, padre D\u00e1rio Bossi e a coordenadora do Pastoral do Povo de Rua, Ivone Maria Perassa. Padre D\u00e1rio salientou que a CNBB entende que a popula\u00e7\u00e3o de rua, protagonista nesse processo, e as organiza\u00e7\u00f5es da sociedade civil, atuantes junto \u00e0s popula\u00e7\u00f5es empobrecidas, devem ser ouvidas em todas as inst\u00e2ncias e oportunidades, pois \u201csabem o que deve ser feito para que direitos sejam garantidos e a vida seja respeitada e que or\u00e7amentos sejam destinados e garantidos para que politicas p\u00fablicas aconte\u00e7am\u201d.<\/p>\n<p style=\"text-align: justify;\">Ivone Perassa reconhece que\u00a0<span data-contrast=\"auto\">este momento \u00e9 um marco importante no pa\u00eds, pois para ela \u00e9 quando a popula\u00e7\u00e3o de rua sai da invisibilidade e passa de forma efetiva, atrav\u00e9s de or\u00e7amento p\u00fablico, a ser inclu\u00edda na pol\u00edtica nacional atrav\u00e9s de programas inclusivos e estruturantes.<\/span><span data-ccp-props=\"{&quot;201341983&quot;:0,&quot;335559739&quot;:160,&quot;335559740&quot;:259}\">\u00a0<\/span><\/p>\n<blockquote><p><span data-contrast=\"auto\">\u201c(\u2026) Temos a esperan\u00e7a de que, com o plano que hoje se apresenta, sejam extirpadas todas as formas de viol\u00eancias e as pessoas que se encontram em situa\u00e7\u00e3o de rua tenham suas vidas respeitadas e sejam inclu\u00eddas em programas que possibilitem a sa\u00edda das ruas e reestrutura\u00e7\u00e3o de suas vidas\u201d, salientou.<\/span><\/p><\/blockquote>\n<p style=\"text-align: justify;\">A popula\u00e7\u00e3o em situa\u00e7\u00e3o de rua no Brasil aumentou 935,31% nos \u00faltimos dez anos, segundo levantamento do Instituto de Pesquisa Econ\u00f4mica Aplicada (Ipea) com base em dados do Cadastro \u00danico (Cad\u00danico) do governo federal. O n\u00famero saltou de 21.934 em 2013 para 227.087 at\u00e9 agosto de 2023.<\/p>\n<p style=\"text-align: justify;\">Entre as causas do problema est\u00e3o exclus\u00e3o econ\u00f4mica, que envolve inseguran\u00e7a alimentar, desemprego e d\u00e9ficit habitacional; ruptura de v\u00ednculos familiares; e quest\u00f5es de sa\u00fade, especialmente de sa\u00fade mental.<\/p>\n<h3 style=\"text-align: justify;\"><strong>Luta pelo direito de morar\u00a0<\/strong><\/h3>\n<p style=\"text-align: justify;\"><span data-contrast=\"auto\">A Confer\u00eancia Nacional dos Bispos do Brasil (CNBB) vem contribuindo de diversas formas<\/span><span data-contrast=\"auto\">\u00a0na luta pelo direito de morar, exemplo disso foi tamb\u00e9m a cria\u00e7\u00e3o, em setembro de 2023, da Pastoral da Moradia e Favela,<\/span><span data-contrast=\"auto\">\u00a0que tem como objetivos ser<\/span>\u00a0presen\u00e7a fraterna nas favelas, periferias e ocupa\u00e7\u00f5es urbanas; fortalecer o compromisso comunit\u00e1rio e social; compartilhar a for\u00e7a sociotransformadora da espiritualidade libertadora; articular, organizar e capacitar lideran\u00e7as pastorais; promover a organiza\u00e7\u00e3o popular, sobretudo, para o acesso \u00e0s moradias; propor e monitorar pol\u00edticas p\u00fablicas.<\/p>\n<p style=\"text-align: justify;\"><span data-contrast=\"auto\">Desta forma, a CNBB contribui para que pol\u00edticas p\u00fablicas aconte\u00e7am de forma eficaz e pessoas n\u00e3o precisem passar por despejos e se colocarem na condi\u00e7\u00e3o de viver nas ruas. \u201cTamb\u00e9m atrav\u00e9s da Pastoral Nacional do Povo da Rua, assumida oficialmente pela CNBB em 2001, a popula\u00e7\u00e3o de rua tem recebido suporte e oportunidade para se organizar e ser protagonista de sua hist\u00f3ria\u201d, salienta Ivone Perassa.<\/span><\/p>\n<blockquote><p><span data-contrast=\"auto\">\u201cJunto com essa popula\u00e7\u00e3o, a CNBB atrav\u00e9s da Pastoral\u00a0 participa da proposi\u00e7\u00e3o, constru\u00e7\u00e3o e monitoramento de politicas p\u00fablicas que sejam inclusivas, garantam direitos e crie possibilidades de reestrutura\u00e7\u00e3o da vida de q<\/span><\/p><\/blockquote>\n","protected":false},"excerpt":{"rendered":"<p>A Comiss\u00e3o Episcopal para a A\u00e7\u00e3o Sociotransformadora da Confer\u00eancia Nacional dos Bispos do Brasil (Cepast-CNBB), por meio da Pastoral do Povo de Rua, participou do Lan\u00e7amento do Plano Nacional Ruas Vis\u00edveis, com pol\u00edticas para \u00e0s pessoas em situa\u00e7\u00e3o de rua, do Minist\u00e9rio dos Direitos Humanos e da Cidadania do Governo Federal. A atividade ocorreu nesta [&hellip;]<\/p>\n","protected":false},"author":1,"featured_media":86002,"comment_status":"open","ping_status":"closed","sticky":false,"template":"","format":"standard","meta":{"footnotes":""},"categories":[7,13],"tags":[],"class_list":["post-86001","post","type-post","status-publish","format-standard","has-post-thumbnail","hentry","category-cnbb","category-featured"],"_links":{"self":[{"href":"https:\/\/catolicanet.net\/wp-cnet\/wp-json\/wp\/v2\/posts\/86001","targetHints":{"allow":["GET"]}}],"collection":[{"href":"https:\/\/catolicanet.net\/wp-cnet\/wp-json\/wp\/v2\/posts"}],"about":[{"href":"https:\/\/catolicanet.net\/wp-cnet\/wp-json\/wp\/v2\/types\/post"}],"author":[{"embeddable":true,"href":"https:\/\/catolicanet.net\/wp-cnet\/wp-json\/wp\/v2\/users\/1"}],"replies":[{"embeddable":true,"href":"https:\/\/catolicanet.net\/wp-cnet\/wp-json\/wp\/v2\/comments?post=86001"}],"version-history":[{"count":1,"href":"https:\/\/catolicanet.net\/wp-cnet\/wp-json\/wp\/v2\/posts\/86001\/revisions"}],"predecessor-version":[{"id":86004,"href":"https:\/\/catolicanet.net\/wp-cnet\/wp-json\/wp\/v2\/posts\/86001\/revisions\/86004"}],"wp:featuredmedia":[{"embeddable":true,"href":"https:\/\/catolicanet.net\/wp-cnet\/wp-json\/wp\/v2\/media\/86002"}],"wp:attachment":[{"href":"https:\/\/catolicanet.net\/wp-cnet\/wp-json\/wp\/v2\/media?parent=86001"}],"wp:term":[{"taxonomy":"category","embeddable":true,"href":"https:\/\/catolicanet.net\/wp-cnet\/wp-json\/wp\/v2\/categories?post=86001"},{"taxonomy":"post_tag","embeddable":true,"href":"https:\/\/catolicanet.net\/wp-cnet\/wp-json\/wp\/v2\/tags?post=86001"}],"curies":[{"name":"wp","href":"https:\/\/api.w.org\/{rel}","templated":true}]}}