{"id":85978,"date":"2023-12-07T15:48:39","date_gmt":"2023-12-07T18:48:39","guid":{"rendered":"https:\/\/catolicanet.net\/wp-cnet\/?p=85978"},"modified":"2023-12-07T15:48:39","modified_gmt":"2023-12-07T18:48:39","slug":"filipinas-ataque-mortal-em-universidade-de-marawi-provoca-comocao-e-medo-entre-minoria-catolica-local","status":"publish","type":"post","link":"https:\/\/catolicanet.net\/wp-cnet\/filipinas-ataque-mortal-em-universidade-de-marawi-provoca-comocao-e-medo-entre-minoria-catolica-local\/","title":{"rendered":"Filipinas: Ataque mortal em universidade de Marawi provoca como\u00e7\u00e3o e medo entre minoria cat\u00f3lica local"},"content":{"rendered":"<p style=\"text-align: center;\"><strong>Filipinas: Ataque mortal em universidade de Marawi provoca como\u00e7\u00e3o e medo entre minoria cat\u00f3lica local<\/strong><em>\u00a0<\/em><\/p>\n<ul>\n<li style=\"text-align: justify;\"><em>Uma bomba explodiu durante uma missa cat\u00f3lica na Universidade P\u00fablica de Mindanao, no sul das Filipinas<\/em><\/li>\n<li style=\"text-align: justify;\"><em>A explos\u00e3o tirou a vida de pelo menos quatro fi\u00e9is, deixando mais de 40 feridos<\/em><\/li>\n<li style=\"text-align: justify;\"><em>ataque foi reivindicado de Islamabad por um grupo afiliado ao Estado Isl\u00e2mico<\/em><\/li>\n<\/ul>\n<p style=\"text-align: justify;\">Um ataque terrorista durante uma missa <em>cat\u00f3lica na Universidade P\u00fablica de Mindanao, na cidade de Marawi<\/em>, <em>no sul das Filipinas, neste domingo, <\/em>per\u00edodo em que os crist\u00e3os se preparam para celebrar o Natal e durante o qual a primeira das quatro velas do Advento \u00e9 acesa. Em um <a href=\"https:\/\/cbcpnews.net\/cbcpnews\/cbcp-statement-on-marawi-blast\/\">comunicado divulgado ap\u00f3s o<\/a> ataque, os bispos filipinos afirmam que o momento do ataque, que deixou a comunidade devastada, foi deliberado.<\/p>\n<p style=\"text-align: justify;\">Ao expressarem sua preocupa\u00e7\u00e3o, os bispos pedem ora\u00e7\u00f5es pelos mortos e feridos. &#8220;Oramos pelo repouso eterno daqueles que morreram e pela cura daqueles que foram feridos. Unimo-nos espiritualmente \u00e0s suas fam\u00edlias e tiramos for\u00e7a e consola\u00e7\u00e3o da nossa f\u00e9 em Cristo, que &#8220;restituir\u00e1 todas as coisas a Si mesmo, fazendo a paz pelo sangue da sua cruz&#8230;&#8221; (Cl 1:20)&#8221;.<\/p>\n<p style=\"text-align: justify;\">Durante uma conversa telef\u00f4nica com a ACN &#8211; Ajuda \u00e0 Igreja que Sofre, o padre Sebastiano D&#8217;Ambra, mission\u00e1rio do Pontif\u00edcio Instituto para as Miss\u00f5es Estrangeiras (PIME), manifestou a sua consterna\u00e7\u00e3o com este ataque terrorista e partilhou alguns pormenores que ilustram a pot\u00eancia da explos\u00e3o, sublinhando o fato de a universidade, que visitou, receber frequentemente centenas de cat\u00f3licos nos seus cultos dominicais. &#8220;Tem uma capelania com espa\u00e7o para missa di\u00e1ria. Aos domingos eles celebram no gin\u00e1sio, porque a capela n\u00e3o \u00e9 grande o suficiente. N\u00e3o sei quantas pessoas estavam l\u00e1 hoje, mas muitas vezes t\u00eam entre 300 e 400 cat\u00f3licos aos domingos. Sendo este o primeiro domingo do Advento, tenho certeza de que muitos fi\u00e9is estiveram presentes&#8221;.<strong>\u00a0<\/strong><\/p>\n<p style=\"text-align: justify;\"><strong>Uma #RedWednesday para as Filipinas<\/strong><\/p>\n<p style=\"text-align: justify;\">&#8220;Vejo isso como um acontecimento muito tr\u00e1gico, porque hoje mesmo est\u00e1vamos iniciando a Semana Marawi da Paz na Diocese de Marawi. O que era para ser uma semana cheia de momentos positivos de constru\u00e7\u00e3o da paz se tornou um momento de terror&#8221;, lamentou o mission\u00e1rio.<\/p>\n<p style=\"text-align: justify;\">As autoridades n\u00e3o forneceram informa\u00e7\u00f5es concretas sobre as raz\u00f5es do ataque, embora as especula\u00e7\u00f5es v\u00e3o desde a guerra em Gaza at\u00e9 repres\u00e1lias pela atividade do governo contra grupos extremistas locais. &#8220;Temos que esperar por mais informa\u00e7\u00f5es sobre os autores do ataque e suas motiva\u00e7\u00f5es, mas n\u00e3o h\u00e1 d\u00favida de que os crist\u00e3os foram o alvo&#8221;, disse o mission\u00e1rio italiano \u00e0 ACN.<\/p>\n<p style=\"text-align: justify;\">Sobre as consequ\u00eancias do ataque, o padre D&#8217;Ambra alerta para o impacto da explos\u00e3o na popula\u00e7\u00e3o crist\u00e3 em geral: &#8220;O que aconteceu em Marawi \u00e9 alarmante. A universidade atrai crist\u00e3os de diferentes partes de Mindanao para a cidade. H\u00e1 o perigo de que o ataque provoque um \u00eaxodo da minoria cat\u00f3lica. Muitas fam\u00edlias j\u00e1 pediram aos seus filhos que regressassem \u00e0 sua terra natal por causa do medo que os crist\u00e3os est\u00e3o sentindo&#8221;, acrescentou.<\/p>\n<p style=\"text-align: justify;\">&#8220;Ainda h\u00e1 poucos dias tivemos o #RedWednesday, uma iniciativa da ACN que \u00e9 celebrada em toda a Filipinas e \u00e9 apoiada pela Confer\u00eancia Episcopal como um dia para lembrar os crist\u00e3os de todo o mundo que s\u00e3o perseguidos por causa da sua f\u00e9. Participamos desse dia na escola em que trabalho e foi muito emocionante. Quem poderia imaginar que poucos dias depois estar\u00edamos vivendo essa viol\u00eancia?&#8221;, disse o padre D&#8217;Ambra.<\/p>\n<p style=\"text-align: justify;\">O comunicado dos bispos recorda ainda a recente celebra\u00e7\u00e3o de #RedWednesday, dizendo que &#8220;as v\u00edtimas do atentado desta manh\u00e3 est\u00e3o agora contabilizadas&#8221; entre os muitos que, &#8220;por puro amor \u00e0 sua f\u00e9, sofreram viol\u00eancia e persegui\u00e7\u00e3o em todo o mundo&#8221;.<\/p>\n<p style=\"text-align: justify;\">O Papa Francisco tamb\u00e9m comentou o ataque durante a ora\u00e7\u00e3o do Angelus, em Roma, dizendo: &#8220;Quero assegurar minha ora\u00e7\u00e3o pelas v\u00edtimas do ataque que ocorreu esta manh\u00e3 nas Filipinas, onde uma bomba explodiu durante a missa. Estou perto das fam\u00edlias e do povo de Mindanao, que j\u00e1 sofreram tanto.&#8221;<strong>\u00a0<\/strong><\/p>\n<p style=\"text-align: justify;\"><strong>Aumento da viol\u00eancia e da persegui\u00e7\u00e3o<\/strong><\/p>\n<p style=\"text-align: justify;\"><a href=\"https:\/\/acninternational.org\/religiousfreedomreport\/reports\/country\/2023\/philippines\">Embora cerca de 80% dos filipinos sejam cat\u00f3licos<\/a>, a ilha de Mindanao, onde est\u00e1 localizada a cidade de Marawi, \u00e9 majoritariamente mu\u00e7ulmana \u2013 cerca de 98% mu\u00e7ulmanos e 2% crist\u00e3os. Marawi abriga uma prelazia territorial que atende cerca de 35 mil cat\u00f3licos.<\/p>\n<p style=\"text-align: justify;\">A minoria crist\u00e3 em Mindanao sofreu terr\u00edveis ataques nos \u00faltimos anos. V\u00e1rios grupos armados radicais operam na regi\u00e3o, quase todos ligados ao grupo Estado Isl\u00e2mico da \u00c1sia Oriental, como Abu Sayyaf ou Dawlah Islamiyah, que foi associado ao recente atentado.<\/p>\n<p style=\"text-align: justify;\">Em 2017, Marawi sofreu um cerco que durou meses e causou muitas mortes. Na ocasi\u00e3o, o <a href=\"https:\/\/acninternational.org\/marawi-abducted-christians-used-as-bargaining-chips\/\">padre D&#8217;Ambra explicou<\/a> que, nos \u00faltimos anos, v\u00e1rios grupos islamistas internacionais come\u00e7aram a operar nas Filipinas com o objetivo de atrair novas gera\u00e7\u00f5es. Tanto a ideologia que defendem como o dinheiro que oferecem provaram ser \u00fateis para recrutar novos combatentes.<\/p>\n<p style=\"text-align: justify;\">Com 40 anos de experi\u00eancia nas Filipinas, o P. D&#8217;Ambra \u00e9 o fundador do movimento Silsilah, que promove o di\u00e1logo inter-religioso desde 1984. A ACN tem sido parceira deste projeto desde o in\u00edcio, com o objetivo de promover o di\u00e1logo e a conviv\u00eancia entre cat\u00f3licos e mu\u00e7ulmanos. &#8220;Epis\u00f3dios como este de Marawi s\u00f3 agravam uma situa\u00e7\u00e3o j\u00e1 complicada e dificultam a promo\u00e7\u00e3o do di\u00e1logo inter-religioso. S\u00e3o novos desafios e que tornam o nosso trabalho, que se aproxima dos 40 anos, t\u00e3o importante agora como era no in\u00edcio&#8221;, reconhece o padre D&#8217;Ambra.<\/p>\n","protected":false},"excerpt":{"rendered":"<p>Filipinas: Ataque mortal em universidade de Marawi provoca como\u00e7\u00e3o e medo entre minoria cat\u00f3lica local\u00a0 Uma bomba explodiu durante uma missa cat\u00f3lica na Universidade P\u00fablica de Mindanao, no sul das Filipinas A explos\u00e3o tirou a vida de pelo menos quatro fi\u00e9is, deixando mais de 40 feridos ataque foi reivindicado de Islamabad por um grupo afiliado [&hellip;]<\/p>\n","protected":false},"author":1,"featured_media":67995,"comment_status":"open","ping_status":"closed","sticky":false,"template":"","format":"standard","meta":{"footnotes":""},"categories":[4],"tags":[],"class_list":["post-85978","post","type-post","status-publish","format-standard","has-post-thumbnail","hentry","category-cotidiano"],"_links":{"self":[{"href":"https:\/\/catolicanet.net\/wp-cnet\/wp-json\/wp\/v2\/posts\/85978","targetHints":{"allow":["GET"]}}],"collection":[{"href":"https:\/\/catolicanet.net\/wp-cnet\/wp-json\/wp\/v2\/posts"}],"about":[{"href":"https:\/\/catolicanet.net\/wp-cnet\/wp-json\/wp\/v2\/types\/post"}],"author":[{"embeddable":true,"href":"https:\/\/catolicanet.net\/wp-cnet\/wp-json\/wp\/v2\/users\/1"}],"replies":[{"embeddable":true,"href":"https:\/\/catolicanet.net\/wp-cnet\/wp-json\/wp\/v2\/comments?post=85978"}],"version-history":[{"count":1,"href":"https:\/\/catolicanet.net\/wp-cnet\/wp-json\/wp\/v2\/posts\/85978\/revisions"}],"predecessor-version":[{"id":85980,"href":"https:\/\/catolicanet.net\/wp-cnet\/wp-json\/wp\/v2\/posts\/85978\/revisions\/85980"}],"wp:featuredmedia":[{"embeddable":true,"href":"https:\/\/catolicanet.net\/wp-cnet\/wp-json\/wp\/v2\/media\/67995"}],"wp:attachment":[{"href":"https:\/\/catolicanet.net\/wp-cnet\/wp-json\/wp\/v2\/media?parent=85978"}],"wp:term":[{"taxonomy":"category","embeddable":true,"href":"https:\/\/catolicanet.net\/wp-cnet\/wp-json\/wp\/v2\/categories?post=85978"},{"taxonomy":"post_tag","embeddable":true,"href":"https:\/\/catolicanet.net\/wp-cnet\/wp-json\/wp\/v2\/tags?post=85978"}],"curies":[{"name":"wp","href":"https:\/\/api.w.org\/{rel}","templated":true}]}}