{"id":85960,"date":"2023-12-07T10:24:52","date_gmt":"2023-12-07T13:24:52","guid":{"rendered":"https:\/\/catolicanet.net\/wp-cnet\/?p=85960"},"modified":"2023-12-07T15:26:52","modified_gmt":"2023-12-07T18:26:52","slug":"o-fascinante-simbolismo-do-incenso-o-perfume-do-sol","status":"publish","type":"post","link":"https:\/\/catolicanet.net\/wp-cnet\/o-fascinante-simbolismo-do-incenso-o-perfume-do-sol\/","title":{"rendered":"O fascinante simbolismo do incenso, o perfume do sol"},"content":{"rendered":"<p style=\"text-align: justify;\"><span class=\"subtitle\">Os antigos acreditavam que o incenso nascia do sol, do fogo.\u00a0Tamb\u00e9m morria pelo fogo quando queimado no altar<\/p>\n<p><\/span><\/p>\n<p style=\"text-align: justify;\">Eu adoro pesquisar v\u00eddeos on-line de monges fazendo incenso com suas receitas supersecretas e especiais que foram transmitidas de irm\u00e3o para irm\u00e3o nos mosteiros desde tempos desconhecidos.\u00a0O cuidado com que eles o fabricam revela o qu\u00e3o especial o incenso realmente \u00e9 e qu\u00e3o vital se configura para a nossa adora\u00e7\u00e3o.<\/p>\n<p style=\"text-align: justify;\">\u00c9 um processo pac\u00edfico e sagrado ver um monge misturando incenso silenciosamente em algum anexo do mosteiro.\u00a0Quando o queimo no altar durante a Missa, sempre aprecio o resultado.<\/p>\n<p style=\"text-align: justify;\">A fragr\u00e2ncia calmante e o efeito que ele causa em quem sente o seu cheiro s\u00e3o dif\u00edceis de explicar.\u00a0Quando estou na Missa, meus batimentos card\u00edacos diminuem um pouco e o peso do mundo sai dos meus ombros.\u00a0Uma igreja com incenso no ar \u00e9 ofuscada, delimitada como espa\u00e7o sagrado.\u00a0As pedras exalam o perfume de in\u00fameras Missas.\u00a0\u00c9 a fragr\u00e2ncia da ora\u00e7\u00e3o.<\/p>\n<p style=\"text-align: justify;\">A adora\u00e7\u00e3o sagrada envolve todos os nossos sentidos, incluindo o olfato.\u00a0O odor numa igreja cat\u00f3lica parece um pequeno detalhe, mas ainda me lembro da vez em que uma crian\u00e7a entrou na nossa igreja com a sua m\u00e3e e, assim que cruzaram a soleira, sussurrou-lhe com entusiasmo ao ouvido: \u201cAqui cheira \u00e0 igreja!\u201d<\/p>\n<p style=\"text-align: justify;\">N\u00f3s nos envolvemos na adora\u00e7\u00e3o com todo o nosso ser \u2013 vis\u00e3o, paladar, tato, audi\u00e7\u00e3o e olfato.\u00a0A beleza penetra em nossa alma e \u00e9 internalizada.\u00a0N\u00f3s tamb\u00e9m devemos \u201ccheirar \u00e0 igreja\u201d atrav\u00e9s das nossas a\u00e7\u00f5es no dia a dia.<\/p>\n<h2 style=\"text-align: justify;\">O que o incenso simboliza?<\/h2>\n<p style=\"text-align: justify;\">Existem v\u00e1rias maneiras de explicar o simbolismo do incenso.\u00a0O mais simples \u00e9 notar que \u00e9 um sinal vis\u00edvel de ora\u00e7\u00f5es subindo ao nosso Pai Celestial.\u00a0Literalmente vemos o incenso consumido no fogo e subindo at\u00e9 Deus como uma coluna de fuma\u00e7a.<\/p>\n<p style=\"text-align: justify;\">No entanto, o incenso \u00e9 muito mais do que uma ora\u00e7\u00e3o tornada vis\u00edvel.\u00a0\u00c9 um sacrif\u00edcio.\u00a0Se voc\u00ea j\u00e1 assistiu aqueles v\u00eddeos de monges preparando-o, voc\u00ea testemunhou como ele \u00e9 reduzido a peda\u00e7os com almofariz e pil\u00e3o.\u00a0\u00c9 esmagado.\u00a0Depois, no altar, \u00e9 totalmente queimado.<\/p>\n<p style=\"text-align: justify;\">Na antiga alian\u00e7a, Deus ordenou a constru\u00e7\u00e3o de um altar especificamente dedicado \u00e0 queima de incenso (\u00caxodo 30,1).\u00a0Os sacerdotes queimavam incenso neste altar duas vezes por dia, uma vez pela manh\u00e3 e outra \u00e0 noite.\u00a0Uma vez por ano, o incenso tamb\u00e9m era uma parte obrigat\u00f3ria do sacrif\u00edcio expiat\u00f3rio.\u00a0A expia\u00e7\u00e3o \u00e9 a oferta que Cristo cumpre na Cruz.\u00a0\u00c9 a oferta para o perd\u00e3o dos pecados.<\/p>\n<p style=\"text-align: justify;\">\u00c9 precisamente por isso que \u00e9 louv\u00e1vel queimar incenso durante o Santo Sacrif\u00edcio da Missa todos os domingos.\u00a0O incenso est\u00e1 presente nos sacrif\u00edcios do Templo e tamb\u00e9m na adora\u00e7\u00e3o celestial, por isso \u00e9 justo que o utilizemos em nossa adora\u00e7\u00e3o atual.<\/p>\n<h2 style=\"text-align: justify;\">Adora\u00e7\u00e3o que penetra no cora\u00e7\u00e3o<\/h2>\n<p style=\"text-align: justify;\">Lembre-se, a adora\u00e7\u00e3o n\u00e3o \u00e9 apenas uma a\u00e7\u00e3o exterior.\u00a0Sempre vai ao cora\u00e7\u00e3o.\u00a0S\u00e3o Greg\u00f3rio Magno encoraja-nos a pensar nos nossos cora\u00e7\u00f5es como altares onde podemos queimar incenso.\u00a0Devemos exalar doces fragr\u00e2ncias diante de Deus.<\/p>\n<p style=\"text-align: justify;\">Nunca devemos esquecer, por\u00e9m, que o sacrif\u00edcio \u00e9 de Nosso Senhor e estamos apenas nos unindo a ele.\u00a0\u00c9 aqui que o simbolismo do incenso se torna realmente interessante<\/p>\n<h2 style=\"text-align: justify;\">Por que o incenso \u00e9 o \u201cperfume do sol\u201d<\/h2>\n<p style=\"text-align: justify;\">Jean Hani, em seu livro \u201cThe Symbolism of the Christian Temple\u201d, escreve: \u201co incenso \u00e9 o perfume do sol\u201d.\u00a0Isso porque o incenso \u00e9 uma resina criada pela \u00e1rvore de ol\u00edbano em coopera\u00e7\u00e3o com a a\u00e7\u00e3o da luz solar.\u00a0Quando voc\u00ea pega um pouquinho de incenso entre os dedos e o levanta para o c\u00e9u, ele fica de cor \u00e2mbar, transparente e refrata a luz do sol.\u00a0\u00c9 quase como um peda\u00e7o de luz cristalizada.<\/p>\n<p style=\"text-align: justify;\">Os antigos acreditavam que o incenso nasce do sol, nasce do fogo.\u00a0Tamb\u00e9m morre pelo fogo quando consumido no altar.\u00a0Um gr\u00e3o de incenso \u00e9 um peda\u00e7o de terra transformado em c\u00e9u pela a\u00e7\u00e3o de ser sacrificado.\u00a0A humanidade sofre esta mesma transforma\u00e7\u00e3o na Cruz.\u00a0Nosso Senhor une a si a humilde humanidade e, como nosso representante, faz um sacrif\u00edcio perfeito.\u00a0Ele nos eleva ao C\u00e9u atrav\u00e9s da gra\u00e7a.\u00a0Isto \u00e9, se fizermos da nossa vida um sacrif\u00edcio junto com ele.<\/p>\n<p style=\"text-align: justify;\">Durante anos, quando meus paroquianos perguntavam por que eu fazia um movimento circular com o tur\u00edbulo em torno do p\u00e3o e do vinho durante a Missa, eu encolhia os ombros.\u00a0Eu n\u00e3o sabia.\u00a0Simplesmente incensava o altar como mostram os diagramas dos livros de liturgia.\u00a0Agora entendo que o c\u00edrculo tra\u00e7a a forma do sol.<\/p>\n<p style=\"text-align: justify;\">O movimento circular \u00e9 precedido pelo ato de incensar os presentes com o sinal da cruz tr\u00eas vezes.\u00a0Inscrever o crucifixo sobre o p\u00e3o e o vinho indica que os efeitos da Cruz viajar\u00e3o at\u00e9 os confins da terra \u2013 leste, oeste, norte e sul \u2013 e o movimento circular \u00e9 feito ao redor da \u00e1rea onde as cruzes foram feitas.\u00a0O amor de Cristo preencher\u00e1 tudo entre o nascer e o p\u00f4r do sol.\u00a0Na verdade, ele \u00e9 aquele sol nascente.\u00a0Ele \u00e9 a luz do mundo.<\/p>\n<h2 style=\"text-align: justify;\">Um sinal vis\u00edvel<\/h2>\n<p style=\"text-align: justify;\">Em muitas igrejas antigas, o incenso sacrificado no altar flutua at\u00e9 a pedra angular do arco acima dele.\u00a0\u00c9 uma escada para o C\u00e9u, um sinal vis\u00edvel de que a terra est\u00e1 sendo redimida, elevada como oferenda ao Pai.\u00a0Cristo \u00e9 essa linha vertical.\u00a0Ele est\u00e1 na pedra fundamental do altar e tamb\u00e9m na pedra angular do telhado do mundo.\u00a0Na verdade, sua luz viaja atrav\u00e9s daquele teto, passando pelo sol e outras estrelas at\u00e9 o reino celestial.<\/p>\n<p style=\"text-align: justify;\">Quanto mais compreendo os mist\u00e9rios da liturgia, mais ela se enquadra num todo belo e harmonioso.\u00a0Os s\u00edmbolos da Missa podem ser dif\u00edceis de entender.\u00a0Muitas das tradi\u00e7\u00f5es da Igreja s\u00e3o sombriamente misteriosas.\u00a0Mas, no centro de tudo isso, Cristo brilha intensamente, como o sol.<\/p>\n","protected":false},"excerpt":{"rendered":"<p>Os antigos acreditavam que o incenso nascia do sol, do fogo.\u00a0Tamb\u00e9m morria pelo fogo quando queimado no altar Eu adoro pesquisar v\u00eddeos on-line de monges fazendo incenso com suas receitas supersecretas e especiais que foram transmitidas de irm\u00e3o para irm\u00e3o nos mosteiros desde tempos desconhecidos.\u00a0O cuidado com que eles o fabricam revela o qu\u00e3o especial [&hellip;]<\/p>\n","protected":false},"author":1,"featured_media":85961,"comment_status":"open","ping_status":"closed","sticky":false,"template":"","format":"standard","meta":{"footnotes":""},"categories":[4],"tags":[],"class_list":["post-85960","post","type-post","status-publish","format-standard","has-post-thumbnail","hentry","category-cotidiano"],"_links":{"self":[{"href":"https:\/\/catolicanet.net\/wp-cnet\/wp-json\/wp\/v2\/posts\/85960","targetHints":{"allow":["GET"]}}],"collection":[{"href":"https:\/\/catolicanet.net\/wp-cnet\/wp-json\/wp\/v2\/posts"}],"about":[{"href":"https:\/\/catolicanet.net\/wp-cnet\/wp-json\/wp\/v2\/types\/post"}],"author":[{"embeddable":true,"href":"https:\/\/catolicanet.net\/wp-cnet\/wp-json\/wp\/v2\/users\/1"}],"replies":[{"embeddable":true,"href":"https:\/\/catolicanet.net\/wp-cnet\/wp-json\/wp\/v2\/comments?post=85960"}],"version-history":[{"count":1,"href":"https:\/\/catolicanet.net\/wp-cnet\/wp-json\/wp\/v2\/posts\/85960\/revisions"}],"predecessor-version":[{"id":85963,"href":"https:\/\/catolicanet.net\/wp-cnet\/wp-json\/wp\/v2\/posts\/85960\/revisions\/85963"}],"wp:featuredmedia":[{"embeddable":true,"href":"https:\/\/catolicanet.net\/wp-cnet\/wp-json\/wp\/v2\/media\/85961"}],"wp:attachment":[{"href":"https:\/\/catolicanet.net\/wp-cnet\/wp-json\/wp\/v2\/media?parent=85960"}],"wp:term":[{"taxonomy":"category","embeddable":true,"href":"https:\/\/catolicanet.net\/wp-cnet\/wp-json\/wp\/v2\/categories?post=85960"},{"taxonomy":"post_tag","embeddable":true,"href":"https:\/\/catolicanet.net\/wp-cnet\/wp-json\/wp\/v2\/tags?post=85960"}],"curies":[{"name":"wp","href":"https:\/\/api.w.org\/{rel}","templated":true}]}}