{"id":85919,"date":"2023-12-05T11:58:16","date_gmt":"2023-12-05T14:58:16","guid":{"rendered":"https:\/\/catolicanet.net\/wp-cnet\/?p=85919"},"modified":"2023-12-05T11:58:16","modified_gmt":"2023-12-05T14:58:16","slug":"video-voce-conhece-as-estacoes-do-advento","status":"publish","type":"post","link":"https:\/\/catolicanet.net\/wp-cnet\/video-voce-conhece-as-estacoes-do-advento\/","title":{"rendered":"[V\u00cdDEO] Voc\u00ea conhece as esta\u00e7\u00f5es do Advento?"},"content":{"rendered":"<p><span class=\"subtitle\">Elas nos levam a uma jornada atrav\u00e9s das Escrituras para refletir sobre o mist\u00e9rio da Encarna\u00e7\u00e3o de Jesus<br \/>\n<\/span><\/p>\n<p>Veja mais v\u00eddeos na\u00a0<a href=\"https:\/\/pt.aleteia.org\/tag\/videos\/\" target=\"_self\" rel=\"noopener\">galeria da Aleteia<\/a><\/p>\n<p><iframe loading=\"lazy\" title=\"Voc\u00ea conhece as esta\u00e7\u00f5es do Advento?\" frameborder=\"0\" width=\"696\" height=\"696\" src=\"https:\/\/geo.dailymotion.com\/player.html?video=x8pt1du&#038;\" allowfullscreen allow=\"autoplay; fullscreen; picture-in-picture\"><\/iframe><\/p>\n<p>&nbsp;<\/p>\n","protected":false},"excerpt":{"rendered":"<p>Elas nos levam a uma jornada atrav\u00e9s das Escrituras para refletir sobre o mist\u00e9rio da Encarna\u00e7\u00e3o de Jesus Veja mais v\u00eddeos na\u00a0galeria da Aleteia &nbsp;<\/p>\n","protected":false},"author":1,"featured_media":85920,"comment_status":"open","ping_status":"closed","sticky":false,"template":"","format":"standard","meta":{"footnotes":""},"categories":[13],"tags":[],"class_list":["post-85919","post","type-post","status-publish","format-standard","has-post-thumbnail","hentry","category-featured"],"_links":{"self":[{"href":"https:\/\/catolicanet.net\/wp-cnet\/wp-json\/wp\/v2\/posts\/85919","targetHints":{"allow":["GET"]}}],"collection":[{"href":"https:\/\/catolicanet.net\/wp-cnet\/wp-json\/wp\/v2\/posts"}],"about":[{"href":"https:\/\/catolicanet.net\/wp-cnet\/wp-json\/wp\/v2\/types\/post"}],"author":[{"embeddable":true,"href":"https:\/\/catolicanet.net\/wp-cnet\/wp-json\/wp\/v2\/users\/1"}],"replies":[{"embeddable":true,"href":"https:\/\/catolicanet.net\/wp-cnet\/wp-json\/wp\/v2\/comments?post=85919"}],"version-history":[{"count":1,"href":"https:\/\/catolicanet.net\/wp-cnet\/wp-json\/wp\/v2\/posts\/85919\/revisions"}],"predecessor-version":[{"id":85922,"href":"https:\/\/catolicanet.net\/wp-cnet\/wp-json\/wp\/v2\/posts\/85919\/revisions\/85922"}],"wp:featuredmedia":[{"embeddable":true,"href":"https:\/\/catolicanet.net\/wp-cnet\/wp-json\/wp\/v2\/media\/85920"}],"wp:attachment":[{"href":"https:\/\/catolicanet.net\/wp-cnet\/wp-json\/wp\/v2\/media?parent=85919"}],"wp:term":[{"taxonomy":"category","embeddable":true,"href":"https:\/\/catolicanet.net\/wp-cnet\/wp-json\/wp\/v2\/categories?post=85919"},{"taxonomy":"post_tag","embeddable":true,"href":"https:\/\/catolicanet.net\/wp-cnet\/wp-json\/wp\/v2\/tags?post=85919"}],"curies":[{"name":"wp","href":"https:\/\/api.w.org\/{rel}","templated":true}]}}