{"id":85915,"date":"2023-12-05T11:55:37","date_gmt":"2023-12-05T14:55:37","guid":{"rendered":"https:\/\/catolicanet.net\/wp-cnet\/?p=85915"},"modified":"2023-12-05T11:55:37","modified_gmt":"2023-12-05T14:55:37","slug":"peca-a-ajuda-de-maria-para-receber-jesus-com-o-coracao-imaculado","status":"publish","type":"post","link":"https:\/\/catolicanet.net\/wp-cnet\/peca-a-ajuda-de-maria-para-receber-jesus-com-o-coracao-imaculado\/","title":{"rendered":"Pe\u00e7a a ajuda de Maria para receber Jesus com o cora\u00e7\u00e3o imaculado"},"content":{"rendered":"<div data-io-article-url=\"https:\/\/pt.aleteia.org\/2023\/12\/05\/peca-a-ajuda-de-maria-para-receber-jesus-com-o-coracao-imaculado\/\">\n<article class=\"css-1au7i11\"><span class=\"subtitle\">Embora n\u00e3o tenhamos nascido \u201cimaculados\u201d, podemos nos esfor\u00e7ar para purificar o nosso cora\u00e7\u00e3o como Maria fez, tornando-o um vaso aberto para Deus habitar<\/span><\/article>\n<article><\/article>\n<article class=\"css-1au7i11\">\n<p style=\"text-align: justify;\">A Virgem Maria \u00e9 a mulher do \u201cfiat\u201d, aquela que disse \u201csim\u201d \u00e0 mensagem do arcanjo. Ela estava pronta e disposta a receber Jesus, e \u00e9 o exemplo perfeito para seguirmos agora e no fim dos tempos.<\/p>\n<p style=\"text-align: justify;\">O Papa Bento XVI referia-se frequentemente a Maria durante suas homilias no Advento, apelando a ela em ora\u00e7\u00e3o. Em 2006, ele exortou:<\/p>\n<blockquote class=\"wp-block-quote\"><p>\u201cComecemos este novo Advento, um per\u00edodo que nos \u00e9 concedido pelo Senhor do tempo, despertando nos nossos cora\u00e7\u00f5es a expectativa de Deus-que-vem e a esperan\u00e7a de que o seu Nome seja santificado, que venha a n\u00f3s o seu Reino de justi\u00e7a e de paz, que seja feita a sua Vontade assim na terra como no c\u00e9u.<\/p>\n<p>Nesta expectativa, deixemo-nos orientar pela Virgem Maria, M\u00e3e de Deus-que-vem, M\u00e3e da Esperan\u00e7a.\u201d<\/p><\/blockquote>\n<p style=\"text-align: justify;\">Ele, ent\u00e3o, fez esta ora\u00e7\u00e3o, que pode ser a nossa prece para pedir a Maria que nos ajude a receber Jesus como ela o fez:<\/p>\n<blockquote class=\"wp-block-quote\">\n<div id=\"aleteia-welcome\"><\/div>\n<p>\u201cEla, que daqui a poucos dias celebraremos como Imaculada, nos conceda que sejamos encontrados santos e puros no amor, quando vier nosso Senhor Jesus Cristo, a quem, com o Pai e com o Esp\u00edrito Santo, sejam dados louvor e gl\u00f3ria por todos os s\u00e9culos.<br \/>\nAm\u00e9m.\u201d<\/p><\/blockquote>\n<p style=\"text-align: justify;\">Embora n\u00e3o tenhamos nascido \u201cimaculados\u201d, podemos nos esfor\u00e7ar para purificar o nosso cora\u00e7\u00e3o como Maria fez, tornando-o um vaso aberto para Deus habitar.<\/p>\n<figure class=\"wp-block-embed is-type-video is-provider-dailymotion wp-block-embed-dailymotion\" data-original=\"false\">\n<div class=\"wp-block-embed__wrapper\"><span class=\"css-87gx73\"><iframe loading=\"lazy\" class=\"frontity-lazy-iframe\" title=\"Quem \u00c3\u00a9 o &quot;\u00c3\u00adcone de Advento&quot;?\" src=\"https:\/\/geo.dailymotion.com\/player.html?video=x8ghjzn&amp;\" width=\"562\" height=\"1000\" frameborder=\"0\" allowfullscreen=\"allowfullscreen\" data-mce-fragment=\"1\"><\/iframe><\/span><\/div>\n<\/figure>\n<\/article>\n<\/div>\n","protected":false},"excerpt":{"rendered":"<p>Embora n\u00e3o tenhamos nascido \u201cimaculados\u201d, podemos nos esfor\u00e7ar para purificar o nosso cora\u00e7\u00e3o como Maria fez, tornando-o um vaso aberto para Deus habitar A Virgem Maria \u00e9 a mulher do \u201cfiat\u201d, aquela que disse \u201csim\u201d \u00e0 mensagem do arcanjo. Ela estava pronta e disposta a receber Jesus, e \u00e9 o exemplo perfeito para seguirmos agora [&hellip;]<\/p>\n","protected":false},"author":1,"featured_media":85916,"comment_status":"open","ping_status":"closed","sticky":false,"template":"","format":"standard","meta":{"footnotes":""},"categories":[4],"tags":[],"class_list":["post-85915","post","type-post","status-publish","format-standard","has-post-thumbnail","hentry","category-cotidiano"],"_links":{"self":[{"href":"https:\/\/catolicanet.net\/wp-cnet\/wp-json\/wp\/v2\/posts\/85915","targetHints":{"allow":["GET"]}}],"collection":[{"href":"https:\/\/catolicanet.net\/wp-cnet\/wp-json\/wp\/v2\/posts"}],"about":[{"href":"https:\/\/catolicanet.net\/wp-cnet\/wp-json\/wp\/v2\/types\/post"}],"author":[{"embeddable":true,"href":"https:\/\/catolicanet.net\/wp-cnet\/wp-json\/wp\/v2\/users\/1"}],"replies":[{"embeddable":true,"href":"https:\/\/catolicanet.net\/wp-cnet\/wp-json\/wp\/v2\/comments?post=85915"}],"version-history":[{"count":1,"href":"https:\/\/catolicanet.net\/wp-cnet\/wp-json\/wp\/v2\/posts\/85915\/revisions"}],"predecessor-version":[{"id":85918,"href":"https:\/\/catolicanet.net\/wp-cnet\/wp-json\/wp\/v2\/posts\/85915\/revisions\/85918"}],"wp:featuredmedia":[{"embeddable":true,"href":"https:\/\/catolicanet.net\/wp-cnet\/wp-json\/wp\/v2\/media\/85916"}],"wp:attachment":[{"href":"https:\/\/catolicanet.net\/wp-cnet\/wp-json\/wp\/v2\/media?parent=85915"}],"wp:term":[{"taxonomy":"category","embeddable":true,"href":"https:\/\/catolicanet.net\/wp-cnet\/wp-json\/wp\/v2\/categories?post=85915"},{"taxonomy":"post_tag","embeddable":true,"href":"https:\/\/catolicanet.net\/wp-cnet\/wp-json\/wp\/v2\/tags?post=85915"}],"curies":[{"name":"wp","href":"https:\/\/api.w.org\/{rel}","templated":true}]}}