{"id":85911,"date":"2023-12-05T11:53:57","date_gmt":"2023-12-05T14:53:57","guid":{"rendered":"https:\/\/catolicanet.net\/wp-cnet\/?p=85911"},"modified":"2023-12-05T11:53:57","modified_gmt":"2023-12-05T14:53:57","slug":"siga-o-exemplo-de-noe-durante-o-advento","status":"publish","type":"post","link":"https:\/\/catolicanet.net\/wp-cnet\/siga-o-exemplo-de-noe-durante-o-advento\/","title":{"rendered":"Siga o exemplo de No\u00e9 durante o Advento"},"content":{"rendered":"<p style=\"text-align: justify;\"><span class=\"subtitle\">Pensamos em No\u00e9 como um homem que trabalhava arduamente. Mas ele tem outra caracter\u00edstica em que devemos nos inspirar neste tempo<\/p>\n<p><\/span><\/p>\n<p style=\"text-align: justify;\">\u00a0De alguma forma, sempre esperamos ansiosos pelo Natal. Mas, muitas vezes, essa era a \u00e9poca mais estressante do ano, e quando chegava o dia 26 de dezembro, todos pareciam felizes por deixar a temporada de f\u00e9rias para tr\u00e1s, embora o Natal tivesse apenas come\u00e7ado.<\/p>\n<p style=\"text-align: justify;\">E \u00e9 a\u00ed que entra a\u00a0hist\u00f3ria de No\u00e9. Geralmente, quando pensamos neste personagem b\u00edblico, lembramos dele construindo a arca e reunindo os animais \u2013 um homem trabalhando.\u00a0Mas, igualmente importante, No\u00e9 era um homem que esperava.<\/p>\n<p style=\"text-align: justify;\">Durante quarenta dias e quarenta noites, ele esperou sob a chuva.\u00a0Ele esperou 150 dias enquanto o dil\u00favio cobria a terra.\u00a0Ele enviou um corvo e esperou por um sinal de vida.\u00a0Ent\u00e3o ele soltou uma pomba e esperou.\u00a0Depois soltou novamente a pomba e esperou at\u00e9 que finalmente ela voltasse com uma folha de oliveira \u2013 um sinal de vida!<\/p>\n<p style=\"text-align: justify;\">Durante o Advento, nos tornamos No\u00e9 \u2013 aguardamos a vinda de nosso Senhor.\u00a0Talvez esse seja o verdadeiro segredo para vencer o estresse dessa \u00e9poca de Natal.\u00a0O Deus que se lembrou de No\u00e9 e o resgatou do dil\u00favio \u00e9 o mesmo Deus que nos diz nos salmos: \u201cAquietai-vos e sabei que eu sou Deus\u201d.<\/p>\n<p style=\"text-align: justify;\">Ent\u00e3o, como No\u00e9, vamos esperar, rodeados de nossas fam\u00edlias, sabendo que Deus realmente se lembra de n\u00f3s.\u00a0No\u00e9 foi recompensado com um sinal de vida.\u00a0N\u00f3s tamb\u00e9m o seremos com a vinda de Jesus!<\/p>\n","protected":false},"excerpt":{"rendered":"<p>Pensamos em No\u00e9 como um homem que trabalhava arduamente. Mas ele tem outra caracter\u00edstica em que devemos nos inspirar neste tempo \u00a0De alguma forma, sempre esperamos ansiosos pelo Natal. Mas, muitas vezes, essa era a \u00e9poca mais estressante do ano, e quando chegava o dia 26 de dezembro, todos pareciam felizes por deixar a temporada [&hellip;]<\/p>\n","protected":false},"author":1,"featured_media":85912,"comment_status":"open","ping_status":"closed","sticky":false,"template":"","format":"standard","meta":{"footnotes":""},"categories":[4],"tags":[],"class_list":["post-85911","post","type-post","status-publish","format-standard","has-post-thumbnail","hentry","category-cotidiano"],"_links":{"self":[{"href":"https:\/\/catolicanet.net\/wp-cnet\/wp-json\/wp\/v2\/posts\/85911","targetHints":{"allow":["GET"]}}],"collection":[{"href":"https:\/\/catolicanet.net\/wp-cnet\/wp-json\/wp\/v2\/posts"}],"about":[{"href":"https:\/\/catolicanet.net\/wp-cnet\/wp-json\/wp\/v2\/types\/post"}],"author":[{"embeddable":true,"href":"https:\/\/catolicanet.net\/wp-cnet\/wp-json\/wp\/v2\/users\/1"}],"replies":[{"embeddable":true,"href":"https:\/\/catolicanet.net\/wp-cnet\/wp-json\/wp\/v2\/comments?post=85911"}],"version-history":[{"count":1,"href":"https:\/\/catolicanet.net\/wp-cnet\/wp-json\/wp\/v2\/posts\/85911\/revisions"}],"predecessor-version":[{"id":85914,"href":"https:\/\/catolicanet.net\/wp-cnet\/wp-json\/wp\/v2\/posts\/85911\/revisions\/85914"}],"wp:featuredmedia":[{"embeddable":true,"href":"https:\/\/catolicanet.net\/wp-cnet\/wp-json\/wp\/v2\/media\/85912"}],"wp:attachment":[{"href":"https:\/\/catolicanet.net\/wp-cnet\/wp-json\/wp\/v2\/media?parent=85911"}],"wp:term":[{"taxonomy":"category","embeddable":true,"href":"https:\/\/catolicanet.net\/wp-cnet\/wp-json\/wp\/v2\/categories?post=85911"},{"taxonomy":"post_tag","embeddable":true,"href":"https:\/\/catolicanet.net\/wp-cnet\/wp-json\/wp\/v2\/tags?post=85911"}],"curies":[{"name":"wp","href":"https:\/\/api.w.org\/{rel}","templated":true}]}}