{"id":85907,"date":"2023-12-05T11:52:35","date_gmt":"2023-12-05T14:52:35","guid":{"rendered":"https:\/\/catolicanet.net\/wp-cnet\/?p=85907"},"modified":"2023-12-05T11:52:35","modified_gmt":"2023-12-05T14:52:35","slug":"natal-a-festa-do-amor-de-deus-por-nos","status":"publish","type":"post","link":"https:\/\/catolicanet.net\/wp-cnet\/natal-a-festa-do-amor-de-deus-por-nos\/","title":{"rendered":"Natal: a festa do amor de Deus por n\u00f3s"},"content":{"rendered":"<p style=\"text-align: justify;\"><span class=\"subtitle\">Deus nos amou tanto que nos enviou seu Filho \u00fanico para nos salvar. Como devemos nos preparar para esta festa?<\/span><\/p>\n<p style=\"text-align: justify;\">ONatal \u00e9 a festa que celebra o nascimento de Jesus Cristo, o Filho de Deus que se fez homem para nos salvar. O Natal \u00e9 uma festa de alegria, de luz e de paz, que nos convida a acolher Jesus em nossos cora\u00e7\u00f5es e em nossas vidas.<\/p>\n<p style=\"text-align: justify;\">Mas para celebrar bem o Natal, precisamos nos preparar. Por isso, a Igreja nos prop\u00f5e o tempo especial chamado Advento, que significa vinda ou chegada. O Advento \u00e9 um tempo de quatro semanas que antecede o Natal, no qual somos chamados a esperar e a vigiar pela vinda do Senhor.<\/p>\n<p style=\"text-align: justify;\">O Advento nos faz recordar as tr\u00eas vindas de Jesus, como explicou o Papa Francisco:\u00a0 \u201cA primeira visita foi a Encarna\u00e7\u00e3o, o nascimento de Jesus na gruta de Bel\u00e9m; a segunda acontece no presente: o Senhor visita-nos continuamente, todos os dias, caminha ao nosso lado e \u00e9 uma presen\u00e7a de consola\u00e7\u00e3o; por fim, teremos a terceira, a \u00faltima visita, o encontro com Cristo no Ju\u00edzo Final\u201d\u00a0(Angelus, 2016).<\/p>\n<p style=\"text-align: justify;\">S\u00e3o Bernardo de Claraval, um santo e doutor da Igreja, explicou que a segunda vinda \u00e9 oculta, pois s\u00f3 os eleitos a veem dentro de si, e suas almas s\u00e3o salvas. Ele disse: \u201cOculta, ao inv\u00e9s, \u00e9 a vinda intermedi\u00e1ria, na qual somente os eleitos O veem dentro de si, e suas almas s\u00e3o salvas. Na primeira vinda, portanto, Ele entra na fraqueza da carne, nesta intermedi\u00e1ria vem no poder do Esp\u00edrito, na \u00faltima vir\u00e1 na majestade da gl\u00f3ria.\u00a0Assim, esta vinda intermedi\u00e1ria \u00e9, por assim dizer, um caminho que une o primeiro ao \u00faltimo\u201d\u00a0 (<em>Obras completas de S\u00e3o Bernardo)<\/em>.<\/p>\n<div class=\"wp-block-aleteia-heading3\" style=\"text-align: justify;\">\n<h2>Tempo de convers\u00e3o<\/h2>\n<\/div>\n<p style=\"text-align: justify;\">O Advento \u00e9 um tempo de convers\u00e3o, de ora\u00e7\u00e3o e de esperan\u00e7a. \u00c9 um tempo de renovar nossa f\u00e9 e nosso compromisso com Deus e com os irm\u00e3os. \u00c9 um tempo de abrir nosso cora\u00e7\u00e3o para acolher o amor de Deus que se manifesta em Jesus Cristo.<\/p>\n<p style=\"text-align: justify;\">Para viver bem o Advento, podemos seguir alguns passos:<\/p>\n<p style=\"text-align: justify;\">\u2013 Rezar diariamente, meditando as leituras b\u00edblicas que nos falam da vinda do Senhor e pedindo a sua gra\u00e7a para estarmos prontos para receb\u00ea-lo.<\/p>\n<p style=\"text-align: justify;\">\u2013 Fazer uma boa confiss\u00e3o sacramental, reconhecendo nossos pecados e pedindo perd\u00e3o a Deus e aos que ofendemos.<\/p>\n<p style=\"text-align: justify;\">\u2013 Praticar obras de caridade, ajudando os mais necessitados, partilhando nossos bens e promovendo a justi\u00e7a e a paz.<\/p>\n<p style=\"text-align: justify;\">\u2013 Participar das novenas de prepara\u00e7\u00e3o para o Natal, participar das celebra\u00e7\u00f5es lit\u00fargicas, especialmente da Eucaristia dominical, na qual celebramos a presen\u00e7a real de Jesus entre n\u00f3s.<\/p>\n<p style=\"text-align: justify;\">\u2013 Preparar o pres\u00e9pio, que \u00e9 uma representa\u00e7\u00e3o do cen\u00e1rio do nascimento de Jesus em Bel\u00e9m. O pres\u00e9pio nos lembra da humildade e da simplicidade do Salvador.<\/p>\n<p style=\"text-align: justify;\">Vivendo assim o Advento, estaremos preparados para celebrar o Natal com verdadeiro esp\u00edrito crist\u00e3o. O Natal n\u00e3o \u00e9 apenas uma festa externa, mas uma festa interior.<\/p>\n<div class=\"wp-block-aleteia-heading3\" style=\"text-align: justify;\">\n<h2>Natal: festa do amor<\/h2>\n<\/div>\n<p style=\"text-align: justify;\">O Natal \u00e9 a festa do amor de Deus por n\u00f3s. Deus nos amou tanto que nos enviou seu Filho \u00fanico para nos salvar. Jesus nasceu pobre entre os pobres para nos enriquecer com sua gra\u00e7a. Jesus nasceu fr\u00e1gil entre os fr\u00e1geis para nos fortalecer com seu poder. Jesus nasceu luz entre as trevas para nos iluminar com sua verdade.<\/p>\n<p style=\"text-align: justify;\">Que neste Natal possamos reconhecer e acolher Jesus como nosso Salvador e Senhor, em nossos cora\u00e7\u00f5es e em nossas fam\u00edlias. Que possamos imitar seu exemplo de amor e servi\u00e7o aos irm\u00e3os. Que possamos anunciar sua Boa Nova aos que ainda n\u00e3o o conhecem e que possamos viver como seus disc\u00edpulos mission\u00e1rios e testemunhas de Seu amor.<\/p>\n","protected":false},"excerpt":{"rendered":"<p>Deus nos amou tanto que nos enviou seu Filho \u00fanico para nos salvar. Como devemos nos preparar para esta festa? ONatal \u00e9 a festa que celebra o nascimento de Jesus Cristo, o Filho de Deus que se fez homem para nos salvar. O Natal \u00e9 uma festa de alegria, de luz e de paz, que [&hellip;]<\/p>\n","protected":false},"author":1,"featured_media":85908,"comment_status":"open","ping_status":"closed","sticky":false,"template":"","format":"standard","meta":{"footnotes":""},"categories":[4,13],"tags":[],"class_list":["post-85907","post","type-post","status-publish","format-standard","has-post-thumbnail","hentry","category-cotidiano","category-featured"],"_links":{"self":[{"href":"https:\/\/catolicanet.net\/wp-cnet\/wp-json\/wp\/v2\/posts\/85907","targetHints":{"allow":["GET"]}}],"collection":[{"href":"https:\/\/catolicanet.net\/wp-cnet\/wp-json\/wp\/v2\/posts"}],"about":[{"href":"https:\/\/catolicanet.net\/wp-cnet\/wp-json\/wp\/v2\/types\/post"}],"author":[{"embeddable":true,"href":"https:\/\/catolicanet.net\/wp-cnet\/wp-json\/wp\/v2\/users\/1"}],"replies":[{"embeddable":true,"href":"https:\/\/catolicanet.net\/wp-cnet\/wp-json\/wp\/v2\/comments?post=85907"}],"version-history":[{"count":1,"href":"https:\/\/catolicanet.net\/wp-cnet\/wp-json\/wp\/v2\/posts\/85907\/revisions"}],"predecessor-version":[{"id":85910,"href":"https:\/\/catolicanet.net\/wp-cnet\/wp-json\/wp\/v2\/posts\/85907\/revisions\/85910"}],"wp:featuredmedia":[{"embeddable":true,"href":"https:\/\/catolicanet.net\/wp-cnet\/wp-json\/wp\/v2\/media\/85908"}],"wp:attachment":[{"href":"https:\/\/catolicanet.net\/wp-cnet\/wp-json\/wp\/v2\/media?parent=85907"}],"wp:term":[{"taxonomy":"category","embeddable":true,"href":"https:\/\/catolicanet.net\/wp-cnet\/wp-json\/wp\/v2\/categories?post=85907"},{"taxonomy":"post_tag","embeddable":true,"href":"https:\/\/catolicanet.net\/wp-cnet\/wp-json\/wp\/v2\/tags?post=85907"}],"curies":[{"name":"wp","href":"https:\/\/api.w.org\/{rel}","templated":true}]}}