{"id":85891,"date":"2023-12-05T09:43:35","date_gmt":"2023-12-05T12:43:35","guid":{"rendered":"https:\/\/catolicanet.net\/wp-cnet\/?p=85891"},"modified":"2023-12-05T11:44:33","modified_gmt":"2023-12-05T14:44:33","slug":"comissao-episcopal-para-a-liturgia-participa-da-maratona-sacrosanctum-concilium-60-anos","status":"publish","type":"post","link":"https:\/\/catolicanet.net\/wp-cnet\/comissao-episcopal-para-a-liturgia-participa-da-maratona-sacrosanctum-concilium-60-anos\/","title":{"rendered":"COMISS\u00c3O EPISCOPAL PARA A LITURGIA PARTICIPA DA MARATONA \u201cSACROSANCTUM CONCILIUM 60 ANOS\u201d"},"content":{"rendered":"<p style=\"text-align: justify;\"><span data-contrast=\"none\">H\u00e1 60 anos promulgava-se a Constitui\u00e7\u00e3o conciliar sobre a sagrada liturgia\u00a0<\/span><i><span data-contrast=\"none\">Sacrosanctum Concilium<\/span><\/i><span data-contrast=\"none\">. Com a Constitui\u00e7\u00e3o lit\u00fargica, a celebra\u00e7\u00e3o do Mist\u00e9rio Pascal voltou a ser a fonte da vida crist\u00e3. No Brasil, dedica-se o dia 4 de dezembro para comemorar este grande acontecimento que modificou irreversivelmente o caminhar da Igreja. A Maratona contou com a promo\u00e7\u00e3o e a participa\u00e7\u00e3o da Comiss\u00e3o Episcopal para a Liturgia da Confer\u00eancia Nacional dos Bispos do Brasil (CNBB), da Edi\u00e7\u00f5es CNBB, da Associa\u00e7\u00e3o dos Liturgistas do Brasil, do Centro de Liturgia Dom Clement Isnard e da Rede Celebra.<\/span><\/p>\n<p style=\"text-align: justify;\"><span data-ccp-props=\"{&quot;201341983&quot;:0,&quot;335559739&quot;:160,&quot;335559740&quot;:259}\"><img loading=\"lazy\" decoding=\"async\" class=\"size-medium wp-image-955700 alignright\" src=\"https:\/\/www.cnbb.org.br\/wp-content\/uploads\/2023\/12\/WhatsApp-Image-2023-12-04-at-15.33.35-1-300x300.jpeg\" sizes=\"auto, (max-width: 300px) 100vw, 300px\" srcset=\"https:\/\/www.cnbb.org.br\/wp-content\/uploads\/2023\/12\/WhatsApp-Image-2023-12-04-at-15.33.35-1-300x300.jpeg 300w, https:\/\/www.cnbb.org.br\/wp-content\/uploads\/2023\/12\/WhatsApp-Image-2023-12-04-at-15.33.35-1-1024x1024.jpeg 1024w, https:\/\/www.cnbb.org.br\/wp-content\/uploads\/2023\/12\/WhatsApp-Image-2023-12-04-at-15.33.35-1-150x150.jpeg 150w, https:\/\/www.cnbb.org.br\/wp-content\/uploads\/2023\/12\/WhatsApp-Image-2023-12-04-at-15.33.35-1-768x768.jpeg 768w, https:\/\/www.cnbb.org.br\/wp-content\/uploads\/2023\/12\/WhatsApp-Image-2023-12-04-at-15.33.35-1-800x800.jpeg 800w, https:\/\/www.cnbb.org.br\/wp-content\/uploads\/2023\/12\/WhatsApp-Image-2023-12-04-at-15.33.35-1-500x500.jpeg 500w, https:\/\/www.cnbb.org.br\/wp-content\/uploads\/2023\/12\/WhatsApp-Image-2023-12-04-at-15.33.35-1.jpeg 1080w\" alt=\"\" width=\"300\" height=\"300\" \/><\/span><\/p>\n<p style=\"text-align: justify;\"><span data-contrast=\"none\">Para dom Hernaldo Pinto Farias, bispo de Bonfim (BA) e presidente da Comiss\u00e3o Episcopal para a Liturgia da CNBB, a maratona revela a beleza e a profundidade da liturgia da Igreja:<\/span><\/p>\n<blockquote><p><span data-contrast=\"none\">\u201cA necessidade de mostrar as diversas compet\u00eancias e especialidades dos tr\u00eas setores revela a possibilidade que o Brasil tem de se colocar no grande debate lit\u00fargico. Al\u00e9m do mais, voltar a Sacrosanctum Concilium \u00e9 perceber a riqueza da Igreja no campo lit\u00fargico e o quanto ainda precisamos avan\u00e7ar. Precisamos continuar com tais iniciativas para que outros temas e comemora\u00e7\u00f5es possam ser feitas e atinjam os mais diversos p\u00fablicos da Igreja no Brasil\u201d.<\/span><\/p><\/blockquote>\n<p style=\"text-align: justify;\"><span data-contrast=\"none\">Para padre M\u00e1rcio Pimentel, membro da Equipe de Reflex\u00e3o do Comiss\u00e3o Episcopal para a Liturgia e professor de liturgia, o encontro, al\u00e9m de ser uma oportunidade de revisar o caminho de acolhida e recep\u00e7\u00e3o da reforma lit\u00fargica, pontuou alguns desafios que perduram ap\u00f3s 60 anos da Constitui\u00e7\u00e3o lit\u00fargica. Dentre eles, a urg\u00eancia de reapropriar-se do rito como condi\u00e7\u00e3o para o ato de f\u00e9 como algo genu\u00edno.<\/span><\/p>\n<blockquote><p><span data-contrast=\"none\">\u201cA f\u00e9 para n\u00f3s, crist\u00e3os, \u00e9 encontro, v\u00ednculo de confian\u00e7a. A ritualidade proporciona este dinamismo, orientando nossa sensibilidade, nossa percep\u00e7\u00e3o ao reconhecimento de uma presen\u00e7a que se d\u00e1 simb\u00f3lico-sacramentalmente. O desafio \u00e9 ainda descobrir a Liturgia enquanto o \u201caparecer\u201d do Mist\u00e9rio, a Revela\u00e7\u00e3o dando-se e envolvendo-nos corporalmente\u201d, disse.<\/span><span data-ccp-props=\"{&quot;201341983&quot;:0,&quot;335559739&quot;:160,&quot;335559740&quot;:259}\">\u00a0<\/span><\/p><\/blockquote>\n<p style=\"text-align: justify;\"><span data-contrast=\"none\">Da maratona participaram os assessores e os membros das equipes de reflex\u00e3o dos tr\u00eas setores da Comiss\u00e3o.\u00a0<\/span><span data-contrast=\"none\">Frei Felipe, assessor da Comiss\u00e3o Episcopal para a Liturgia, afirma que a iniciativa e a comunh\u00e3o das entidades foi muito positivo e hist\u00f3rico.<\/span><\/p>\n<blockquote><p><span data-contrast=\"none\">\u201c<\/span><span data-contrast=\"none\">Revisitar as p\u00e1ginas da Sacrosanctum Concilium, compreender a maneira de viver a a\u00e7\u00e3o lit\u00fargica e envolver os seus atores respons\u00e1veis \u00e9 um caminho sempre novo. A constitui\u00e7\u00e3o lit\u00fargica n\u00e3o \u00e9 ponto de chegada e nem ponto de partida, mas uma passagem. A reforma lit\u00fargica surte efeito quando chega na nossa realidade, toca a experi\u00eancia de f\u00e9 do Povo de Deus e d\u00e1 vida \u00e0 espiritualidade da Igreja\u201d, finalizou.\u00a0<\/span><span data-ccp-props=\"{&quot;201341983&quot;:0,&quot;335559739&quot;:160,&quot;335559740&quot;:259}\">\u00a0<\/span><\/p><\/blockquote>\n<p>&nbsp;<\/p>\n","protected":false},"excerpt":{"rendered":"<p>H\u00e1 60 anos promulgava-se a Constitui\u00e7\u00e3o conciliar sobre a sagrada liturgia\u00a0Sacrosanctum Concilium. Com a Constitui\u00e7\u00e3o lit\u00fargica, a celebra\u00e7\u00e3o do Mist\u00e9rio Pascal voltou a ser a fonte da vida crist\u00e3. No Brasil, dedica-se o dia 4 de dezembro para comemorar este grande acontecimento que modificou irreversivelmente o caminhar da Igreja. A Maratona contou com a promo\u00e7\u00e3o [&hellip;]<\/p>\n","protected":false},"author":1,"featured_media":85892,"comment_status":"open","ping_status":"closed","sticky":false,"template":"","format":"standard","meta":{"footnotes":""},"categories":[7],"tags":[],"class_list":["post-85891","post","type-post","status-publish","format-standard","has-post-thumbnail","hentry","category-cnbb"],"_links":{"self":[{"href":"https:\/\/catolicanet.net\/wp-cnet\/wp-json\/wp\/v2\/posts\/85891","targetHints":{"allow":["GET"]}}],"collection":[{"href":"https:\/\/catolicanet.net\/wp-cnet\/wp-json\/wp\/v2\/posts"}],"about":[{"href":"https:\/\/catolicanet.net\/wp-cnet\/wp-json\/wp\/v2\/types\/post"}],"author":[{"embeddable":true,"href":"https:\/\/catolicanet.net\/wp-cnet\/wp-json\/wp\/v2\/users\/1"}],"replies":[{"embeddable":true,"href":"https:\/\/catolicanet.net\/wp-cnet\/wp-json\/wp\/v2\/comments?post=85891"}],"version-history":[{"count":1,"href":"https:\/\/catolicanet.net\/wp-cnet\/wp-json\/wp\/v2\/posts\/85891\/revisions"}],"predecessor-version":[{"id":85894,"href":"https:\/\/catolicanet.net\/wp-cnet\/wp-json\/wp\/v2\/posts\/85891\/revisions\/85894"}],"wp:featuredmedia":[{"embeddable":true,"href":"https:\/\/catolicanet.net\/wp-cnet\/wp-json\/wp\/v2\/media\/85892"}],"wp:attachment":[{"href":"https:\/\/catolicanet.net\/wp-cnet\/wp-json\/wp\/v2\/media?parent=85891"}],"wp:term":[{"taxonomy":"category","embeddable":true,"href":"https:\/\/catolicanet.net\/wp-cnet\/wp-json\/wp\/v2\/categories?post=85891"},{"taxonomy":"post_tag","embeddable":true,"href":"https:\/\/catolicanet.net\/wp-cnet\/wp-json\/wp\/v2\/tags?post=85891"}],"curies":[{"name":"wp","href":"https:\/\/api.w.org\/{rel}","templated":true}]}}