{"id":85887,"date":"2023-12-05T10:40:19","date_gmt":"2023-12-05T13:40:19","guid":{"rendered":"https:\/\/catolicanet.net\/wp-cnet\/?p=85887"},"modified":"2023-12-05T11:43:11","modified_gmt":"2023-12-05T14:43:11","slug":"cnbb-apresenta-o-terco-da-amizade-social-preparado-para-a-campanha-da-fraternidade-2024","status":"publish","type":"post","link":"https:\/\/catolicanet.net\/wp-cnet\/cnbb-apresenta-o-terco-da-amizade-social-preparado-para-a-campanha-da-fraternidade-2024\/","title":{"rendered":"CNBB APRESENTA O \u201cTER\u00c7O DA AMIZADE SOCIAL\u201d PREPARADO PARA A CAMPANHA DA FRATERNIDADE 2024"},"content":{"rendered":"<p style=\"text-align: justify;\">A sexta live sobre os materiais preparados para a Campanha da Fraternidade 2024 ser\u00e1 realizada nesta quarta-feira, 6 de dezembro, a partir das 10h. Dessa vez, ser\u00e1 apresentado o subs\u00eddio \u201cTer\u00e7o da Amizade Social\u201d com a participa\u00e7\u00e3o do mission\u00e1rio redentorista irm\u00e3o Alan Patrick Zuccherato, um dos autores do roteiro.<\/p>\n<p style=\"text-align: justify;\">O \u201cTer\u00e7o da Amizade Social\u201d \u00e9 um dos novos subs\u00eddios preparados pela\u00a0<a href=\"https:\/\/www.edicoescnbb.com.br\/cf-2024-terco-da-amizade-social\" target=\"_blank\" rel=\"noopener\">Edi\u00e7\u00f5es CNBB<\/a>\u00a0para a CF 2024. Trata-se de um roteiro de medita\u00e7\u00f5es para os Mist\u00e9rios do Ros\u00e1rio baseadas no tema da CF, a fim de subsidiar os grupos que se unem para rezar o ter\u00e7o.<\/p>\n<p style=\"text-align: justify;\">S\u00e3o os autores deste material o padre Jean Poul Hansen, secret\u00e1rio executivo de Campanhas da CNBB, e o irm\u00e3o Alan Zucheratto, mission\u00e1rio redentorista que atua no Santu\u00e1rio Nacional de Nossa Senhora Aparecida.<\/p>\n<p>Assista:<\/p>\n<div class=\"ast-oembed-container\"><iframe loading=\"lazy\" title=\"#LivesCF2024 | Ter\u00e7o da Amizade Social\" src=\"https:\/\/www.youtube.com\/embed\/es5gB71eXCQ?feature=oembed\" width=\"1200\" height=\"675\" frameborder=\"0\" allowfullscreen=\"allowfullscreen\" data-mce-fragment=\"1\"><\/iframe><\/div>\n<p>&nbsp;<\/p>\n","protected":false},"excerpt":{"rendered":"<p>A sexta live sobre os materiais preparados para a Campanha da Fraternidade 2024 ser\u00e1 realizada nesta quarta-feira, 6 de dezembro, a partir das 10h. Dessa vez, ser\u00e1 apresentado o subs\u00eddio \u201cTer\u00e7o da Amizade Social\u201d com a participa\u00e7\u00e3o do mission\u00e1rio redentorista irm\u00e3o Alan Patrick Zuccherato, um dos autores do roteiro. O \u201cTer\u00e7o da Amizade Social\u201d \u00e9 [&hellip;]<\/p>\n","protected":false},"author":1,"featured_media":85888,"comment_status":"open","ping_status":"closed","sticky":false,"template":"","format":"standard","meta":{"footnotes":""},"categories":[7,13],"tags":[],"class_list":["post-85887","post","type-post","status-publish","format-standard","has-post-thumbnail","hentry","category-cnbb","category-featured"],"_links":{"self":[{"href":"https:\/\/catolicanet.net\/wp-cnet\/wp-json\/wp\/v2\/posts\/85887","targetHints":{"allow":["GET"]}}],"collection":[{"href":"https:\/\/catolicanet.net\/wp-cnet\/wp-json\/wp\/v2\/posts"}],"about":[{"href":"https:\/\/catolicanet.net\/wp-cnet\/wp-json\/wp\/v2\/types\/post"}],"author":[{"embeddable":true,"href":"https:\/\/catolicanet.net\/wp-cnet\/wp-json\/wp\/v2\/users\/1"}],"replies":[{"embeddable":true,"href":"https:\/\/catolicanet.net\/wp-cnet\/wp-json\/wp\/v2\/comments?post=85887"}],"version-history":[{"count":1,"href":"https:\/\/catolicanet.net\/wp-cnet\/wp-json\/wp\/v2\/posts\/85887\/revisions"}],"predecessor-version":[{"id":85890,"href":"https:\/\/catolicanet.net\/wp-cnet\/wp-json\/wp\/v2\/posts\/85887\/revisions\/85890"}],"wp:featuredmedia":[{"embeddable":true,"href":"https:\/\/catolicanet.net\/wp-cnet\/wp-json\/wp\/v2\/media\/85888"}],"wp:attachment":[{"href":"https:\/\/catolicanet.net\/wp-cnet\/wp-json\/wp\/v2\/media?parent=85887"}],"wp:term":[{"taxonomy":"category","embeddable":true,"href":"https:\/\/catolicanet.net\/wp-cnet\/wp-json\/wp\/v2\/categories?post=85887"},{"taxonomy":"post_tag","embeddable":true,"href":"https:\/\/catolicanet.net\/wp-cnet\/wp-json\/wp\/v2\/tags?post=85887"}],"curies":[{"name":"wp","href":"https:\/\/api.w.org\/{rel}","templated":true}]}}