{"id":85828,"date":"2023-12-04T09:41:19","date_gmt":"2023-12-04T12:41:19","guid":{"rendered":"https:\/\/catolicanet.net\/wp-cnet\/?p=85828"},"modified":"2023-12-04T16:42:13","modified_gmt":"2023-12-04T19:42:13","slug":"arquidiocese-de-natal-promove-campanha-sos-chuvas","status":"publish","type":"post","link":"https:\/\/catolicanet.net\/wp-cnet\/arquidiocese-de-natal-promove-campanha-sos-chuvas\/","title":{"rendered":"ARQUIDIOCESE DE NATAL PROMOVE CAMPANHA \u201cSOS CHUVAS\u201d"},"content":{"rendered":"<p style=\"text-align: justify;\">A Arquidiocese de Natal (RN) realiza at\u00e9 o dia 8 de dezembro \u2013 Solenidade da Imaculada Concei\u00e7\u00e3o \u2013 a campanha \u201cSOS Chuvas\u201d para ajudar fam\u00edlias afetadas pelos temporais que atingiram a capital potiguar no in\u00edcio desta semana. A iniciativa tem apoio da C\u00e1ritas, do Servi\u00e7o de Assist\u00eancia Rural e Urbano (SAR) e da Par\u00f3quia de S\u00e3o Tiago Menor.<\/p>\n<p style=\"text-align: justify;\">A a\u00e7\u00e3o da Igreja tem o objetivo de arrecadar material de limpeza, cestas b\u00e1sicas, m\u00f3veis e roupas masculinas (infantil e adulto). Os donativos devem ser entregues na Catedral Nossa Senhora da Apresenta\u00e7\u00e3o, no centro de Natal, ou na Igreja Matriz de S\u00e3o Tiago Menor, localizada na \u00e1rea norte da cidade.<\/p>\n<p style=\"text-align: justify;\"><a href=\"https:\/\/cnbbne2.org.br\/arquidiocese-de-natal-rn-realiza-a-campanha-sos-chuvas\/\" target=\"_blank\" rel=\"noopener\">Confira a not\u00edcia na \u00edntegra e saiba como ajudar.\u00a0<\/a><\/p>\n","protected":false},"excerpt":{"rendered":"<p>A Arquidiocese de Natal (RN) realiza at\u00e9 o dia 8 de dezembro \u2013 Solenidade da Imaculada Concei\u00e7\u00e3o \u2013 a campanha \u201cSOS Chuvas\u201d para ajudar fam\u00edlias afetadas pelos temporais que atingiram a capital potiguar no in\u00edcio desta semana. A iniciativa tem apoio da C\u00e1ritas, do Servi\u00e7o de Assist\u00eancia Rural e Urbano (SAR) e da Par\u00f3quia de [&hellip;]<\/p>\n","protected":false},"author":1,"featured_media":85829,"comment_status":"open","ping_status":"closed","sticky":false,"template":"","format":"standard","meta":{"footnotes":""},"categories":[7],"tags":[],"class_list":["post-85828","post","type-post","status-publish","format-standard","has-post-thumbnail","hentry","category-cnbb"],"_links":{"self":[{"href":"https:\/\/catolicanet.net\/wp-cnet\/wp-json\/wp\/v2\/posts\/85828","targetHints":{"allow":["GET"]}}],"collection":[{"href":"https:\/\/catolicanet.net\/wp-cnet\/wp-json\/wp\/v2\/posts"}],"about":[{"href":"https:\/\/catolicanet.net\/wp-cnet\/wp-json\/wp\/v2\/types\/post"}],"author":[{"embeddable":true,"href":"https:\/\/catolicanet.net\/wp-cnet\/wp-json\/wp\/v2\/users\/1"}],"replies":[{"embeddable":true,"href":"https:\/\/catolicanet.net\/wp-cnet\/wp-json\/wp\/v2\/comments?post=85828"}],"version-history":[{"count":1,"href":"https:\/\/catolicanet.net\/wp-cnet\/wp-json\/wp\/v2\/posts\/85828\/revisions"}],"predecessor-version":[{"id":85831,"href":"https:\/\/catolicanet.net\/wp-cnet\/wp-json\/wp\/v2\/posts\/85828\/revisions\/85831"}],"wp:featuredmedia":[{"embeddable":true,"href":"https:\/\/catolicanet.net\/wp-cnet\/wp-json\/wp\/v2\/media\/85829"}],"wp:attachment":[{"href":"https:\/\/catolicanet.net\/wp-cnet\/wp-json\/wp\/v2\/media?parent=85828"}],"wp:term":[{"taxonomy":"category","embeddable":true,"href":"https:\/\/catolicanet.net\/wp-cnet\/wp-json\/wp\/v2\/categories?post=85828"},{"taxonomy":"post_tag","embeddable":true,"href":"https:\/\/catolicanet.net\/wp-cnet\/wp-json\/wp\/v2\/tags?post=85828"}],"curies":[{"name":"wp","href":"https:\/\/api.w.org\/{rel}","templated":true}]}}