{"id":85820,"date":"2023-12-04T09:34:57","date_gmt":"2023-12-04T12:34:57","guid":{"rendered":"https:\/\/catolicanet.net\/wp-cnet\/?p=85820"},"modified":"2023-12-04T16:38:40","modified_gmt":"2023-12-04T19:38:40","slug":"cop28-papa-necessaria-conversao-ecologica-global-comprometer-se-todos-agora","status":"publish","type":"post","link":"https:\/\/catolicanet.net\/wp-cnet\/cop28-papa-necessaria-conversao-ecologica-global-comprometer-se-todos-agora\/","title":{"rendered":"Cop28, Papa: necess\u00e1ria convers\u00e3o ecol\u00f3gica global, comprometer-se todos agora"},"content":{"rendered":"<div class=\"mediaContent__inner \">\n<figure class=\"article__image\" style=\"text-align: justify;\"><span class=\"didascalia_img\">COP28 em Dubai<\/span><\/figure>\n<\/div>\n<article class=\"article \">\n<div class=\"article__meta audioInside\" data-mediatype=\"foto\">\n<div class=\"article__subTitle\" style=\"text-align: justify;\">Francisco reitera mais uma vez sua aten\u00e7\u00e3o nos trabalhos da Confer\u00eancia da Onu sobre o clima em andamento em Dubai, pedindo aos participantes que saiam dos &#8220;limites do particularismo e do nacionalismo&#8221; e abracem &#8220;uma vis\u00e3o comum&#8221;: &#8220;A mudan\u00e7a clim\u00e1tica deve ser respondida com uma mudan\u00e7a pol\u00edtica&#8221;. No Dia Internacional das Pessoas com Defici\u00eancia, o Pont\u00edfice pede que aqueles que vivem com essa condi\u00e7\u00e3o nunca sejam exclu\u00eddos, mas sim valorizados<\/div>\n<div class=\"title__separator\" style=\"text-align: justify;\"><\/div>\n<div class=\"article__text\">\n<p style=\"text-align: justify;\"><b>Salvatore Cernuzio \u2013 Vatican News<\/b><\/p>\n<div style=\"text-align: justify;\">\n<div class=\"article__embed article__embed--unwrap article__embed--dark\">\n<div class=\"article__innerTitle\">Ou\u00e7a e compartilhe<\/div>\n<div>\n<!--[if lt IE 9]><script>document.createElement('audio');<\/script><![endif]-->\n<audio class=\"wp-audio-shortcode\" id=\"audio-85820-1\" preload=\"none\" style=\"width: 100%;\" controls=\"controls\"><source type=\"audio\/mpeg\" src=\"https:\/\/media.vaticannews.va\/media\/audio\/s1\/2023\/12\/03\/16\/137512699_F137512699.mp3?_=1\" \/><a href=\"https:\/\/media.vaticannews.va\/media\/audio\/s1\/2023\/12\/03\/16\/137512699_F137512699.mp3\">https:\/\/media.vaticannews.va\/media\/audio\/s1\/2023\/12\/03\/16\/137512699_F137512699.mp3<\/a><\/audio>\n<\/div>\n<\/div>\n<\/div>\n<p style=\"text-align: justify;\">Postagens no X, mensagens em v\u00eddeo e discursos (lidos pelo cardeal Pietro Parolin, chefe da delega\u00e7\u00e3o da Santa S\u00e9 em Dubai), mas o Papa ainda faz quest\u00e3o de enfatizar sua proximidade com o trabalho da Cop28, o evento da Onu sobre clima no qual ele deveria estar presente &#8211; o primeiro Pont\u00edfice a faz\u00ea-lo &#8211; de 1\u00ba a 3 de dezembro. Impossibilitado de sair devido a uma bronquite aguda da qual est\u00e1 se recuperando lentamente, Francisco, no Angelus, recitado este domingo no sal\u00e3o da Casa Santa Marta, dirigiu um novo pensamento juntamente com um apelo para esse encontro internacional que &#8211; como escreveu na exorta\u00e7\u00e3o Laudate Deum &#8211; ele espera que possa ser &#8220;um ponto de virada&#8221; para uma a\u00e7\u00e3o global eficaz contra a crise clim\u00e1tica.<\/p>\n<p style=\"text-align: justify;\">Embora \u00e0 dist\u00e2ncia, estou acompanhando de perto os trabalhos da Cop28 em Dubai. Renovo meu apelo para que as mudan\u00e7as clim\u00e1ticas sejam enfrentadas com mudan\u00e7as pol\u00edticas concretas.<\/p>\n<h2 style=\"text-align: justify;\">Comprometer todos agora<\/h2>\n<p style=\"text-align: justify;\">O Papa &#8211; entre os signat\u00e1rios este domingo de uma declara\u00e7\u00e3o de todos os l\u00edderes religiosos que convidam os diferentes credos a se unirem para &#8220;curar o nosso mundo ferido&#8221; &#8211; renova o convite j\u00e1 expresso no longo discurso que ele deveria proferir no terceiro dia de trabalhos da Cop e que foi lido este s\u00e1bado pelo secret\u00e1rio de Estado Parolin. O convite, isto \u00e9, para sair dos &#8220;estreitos limites do particularismo e do nacionalismo&#8221;, que s\u00e3o &#8220;padr\u00f5es do passado&#8221; e que representaram, em alguns casos, um obst\u00e1culo para conter a gan\u00e2ncia, a explora\u00e7\u00e3o e as ilus\u00f5es de onipot\u00eancia.<\/p>\n<p style=\"text-align: justify;\"><i>Vamos abra\u00e7ar uma vis\u00e3o comum, comprometendo-nos todos e agora, sem demora, com uma necess\u00e1ria convers\u00e3o ecol\u00f3gica global.<\/i><\/p>\n<h2 style=\"text-align: justify;\">Acolhimento e inclus\u00e3o dos deficientes<\/h2>\n<p style=\"text-align: justify;\">O Bispo de Roma tamb\u00e9m pediu um compromisso coletivo para uma maior inclus\u00e3o das pessoas com defici\u00eancia, no dia em que celebramos o Dia internacional dedicado a elas. &#8220;Acolher e incluir aqueles que vivem essa condi\u00e7\u00e3o ajuda toda a sociedade a se tornar mais humana&#8221;, assegurou Francisco.<\/p>\n<p style=\"text-align: justify;\"><i>Nas fam\u00edlias, nas par\u00f3quias, nas escolas, no trabalho, no esporte, aprendamos a valorizar cada pessoa com suas qualidades e habilidades e a n\u00e3o excluir ningu\u00e9m.<\/i><\/p>\n<\/div>\n<\/div>\n<\/article>\n","protected":false},"excerpt":{"rendered":"<p>COP28 em Dubai Francisco reitera mais uma vez sua aten\u00e7\u00e3o nos trabalhos da Confer\u00eancia da Onu sobre o clima em andamento em Dubai, pedindo aos participantes que saiam dos &#8220;limites do particularismo e do nacionalismo&#8221; e abracem &#8220;uma vis\u00e3o comum&#8221;: &#8220;A mudan\u00e7a clim\u00e1tica deve ser respondida com uma mudan\u00e7a pol\u00edtica&#8221;. No Dia Internacional das Pessoas [&hellip;]<\/p>\n","protected":false},"author":1,"featured_media":85821,"comment_status":"open","ping_status":"closed","sticky":false,"template":"","format":"standard","meta":{"footnotes":""},"categories":[3],"tags":[],"class_list":["post-85820","post","type-post","status-publish","format-standard","has-post-thumbnail","hentry","category-vaticano"],"_links":{"self":[{"href":"https:\/\/catolicanet.net\/wp-cnet\/wp-json\/wp\/v2\/posts\/85820","targetHints":{"allow":["GET"]}}],"collection":[{"href":"https:\/\/catolicanet.net\/wp-cnet\/wp-json\/wp\/v2\/posts"}],"about":[{"href":"https:\/\/catolicanet.net\/wp-cnet\/wp-json\/wp\/v2\/types\/post"}],"author":[{"embeddable":true,"href":"https:\/\/catolicanet.net\/wp-cnet\/wp-json\/wp\/v2\/users\/1"}],"replies":[{"embeddable":true,"href":"https:\/\/catolicanet.net\/wp-cnet\/wp-json\/wp\/v2\/comments?post=85820"}],"version-history":[{"count":1,"href":"https:\/\/catolicanet.net\/wp-cnet\/wp-json\/wp\/v2\/posts\/85820\/revisions"}],"predecessor-version":[{"id":85823,"href":"https:\/\/catolicanet.net\/wp-cnet\/wp-json\/wp\/v2\/posts\/85820\/revisions\/85823"}],"wp:featuredmedia":[{"embeddable":true,"href":"https:\/\/catolicanet.net\/wp-cnet\/wp-json\/wp\/v2\/media\/85821"}],"wp:attachment":[{"href":"https:\/\/catolicanet.net\/wp-cnet\/wp-json\/wp\/v2\/media?parent=85820"}],"wp:term":[{"taxonomy":"category","embeddable":true,"href":"https:\/\/catolicanet.net\/wp-cnet\/wp-json\/wp\/v2\/categories?post=85820"},{"taxonomy":"post_tag","embeddable":true,"href":"https:\/\/catolicanet.net\/wp-cnet\/wp-json\/wp\/v2\/tags?post=85820"}],"curies":[{"name":"wp","href":"https:\/\/api.w.org\/{rel}","templated":true}]}}