{"id":85788,"date":"2023-12-01T10:50:07","date_gmt":"2023-12-01T13:50:07","guid":{"rendered":"https:\/\/catolicanet.net\/wp-cnet\/?p=85788"},"modified":"2023-12-01T10:50:07","modified_gmt":"2023-12-01T13:50:07","slug":"santa-se-na-onu-estados-se-comprometem-a-eliminar-causas-da-migracao-forcada","status":"publish","type":"post","link":"https:\/\/catolicanet.net\/wp-cnet\/santa-se-na-onu-estados-se-comprometem-a-eliminar-causas-da-migracao-forcada\/","title":{"rendered":"Santa S\u00e9 na ONU: Estados se comprometem a eliminar causas da migra\u00e7\u00e3o for\u00e7ada"},"content":{"rendered":"<div class=\"mediaContent__inner \">\n<figure class=\"article__image\"><span class=\"didascalia_img\">Alguns migrantes em Lampedusa, ilha situada no extremo-sul da It\u00e1lia (ANSA)<\/span><\/figure>\n<\/div>\n<article class=\"article \">\n<div class=\"article__meta audioInside\" data-mediatype=\"foto\">\n<div class=\"article__subTitle\" style=\"text-align: justify;\">O observador permanente da Santa S\u00e9 junto \u00e0s Na\u00e7\u00f5es Unidas e outras Organiza\u00e7\u00f5es Internacionais em Genebra, dom Balestrero, falou na quarta-feira, 29 de novembro, na 114\u00aa Sess\u00e3o do Conselho da Organiza\u00e7\u00e3o Internacional para as Migra\u00e7\u00f5es, destacando a necessidade de um esfor\u00e7o conjunto de cada pa\u00eds e da comunidade internacional para garantir que todos possam viver em paz e com dignidade em seu pr\u00f3prio pa\u00eds<\/div>\n<div class=\"title__separator\" style=\"text-align: justify;\"><\/div>\n<div class=\"article__text\">\n<p style=\"text-align: justify;\"><b>Vatican News<\/b><\/p>\n<div style=\"text-align: justify;\">\n<div class=\"article__embed article__embed--unwrap article__embed--dark\">\n<div class=\"article__innerTitle\">Ou\u00e7a a reportagem e compartilhe<\/div>\n<div>\n<!--[if lt IE 9]><script>document.createElement('audio');<\/script><![endif]-->\n<audio class=\"wp-audio-shortcode\" id=\"audio-85788-1\" preload=\"none\" style=\"width: 100%;\" controls=\"controls\"><source type=\"audio\/mpeg\" src=\"https:\/\/media.vaticannews.va\/media\/audio\/s1\/2023\/12\/01\/11\/137507058_F137507058.mp3?_=1\" \/><a href=\"https:\/\/media.vaticannews.va\/media\/audio\/s1\/2023\/12\/01\/11\/137507058_F137507058.mp3\">https:\/\/media.vaticannews.va\/media\/audio\/s1\/2023\/12\/01\/11\/137507058_F137507058.mp3<\/a><\/audio>\n<\/div>\n<\/div>\n<\/div>\n<p style=\"text-align: justify;\">Precisamos de &#8220;um di\u00e1logo mais estruturado entre os Estados de onde os migrantes v\u00eam, transitam e se estabelecem&#8221; para &#8220;desenvolver uma governan\u00e7a humana mais respeitosa e integral da migra\u00e7\u00e3o&#8221;: foi o que disse na quarta-feira, 29 de novembro, dom Ettore Balestrero, observador permanente da Santa S\u00e9 junto \u00e0s Na\u00e7\u00f5es Unidas e a outras Organiza\u00e7\u00f5es Internacionais em Genebra, na 114\u00aa Sess\u00e3o do Conselho da Organiza\u00e7\u00e3o Internacional para as Migra\u00e7\u00f5es (OIM), destacando a urg\u00eancia de um esfor\u00e7o comum para eliminar as causas da migra\u00e7\u00e3o for\u00e7ada: guerras, persegui\u00e7\u00f5es, pobreza e mudan\u00e7as clim\u00e1ticas. De acordo com o\u00a0<i>Relat\u00f3rio Mundial de Migra\u00e7\u00e3o 2022\u00a0<\/i>da OIM, o n\u00famero de pessoas que vivem em um pa\u00eds diferente de seu pa\u00eds de nascimento em 2020 \u00e9 de quase 281 milh\u00f5es, apontou o n\u00fancio apost\u00f3lico, acrescentando que no ano passado &#8220;novas crises como a guerra na Ucr\u00e2nia e desastres naturais no Chifre da \u00c1frica causaram deslocamentos em massa&#8221;.<\/p>\n<h2 style=\"text-align: justify;\">Canais migrat\u00f3rios regulares<\/h2>\n<p style=\"text-align: justify;\">Como afirma o Papa Francisco em sua\u00a0<a href=\"https:\/\/www.vatican.va\/content\/francesco\/pt\/messages\/migration\/documents\/20230511-world-migrants-day-2023.html\" target=\"_blank\" rel=\"external noopener\">Mensagem para o 109\u00ba Dia Mundial do Migrante e do Refugiado<\/a>, recordou dom Balestrero, \u00e9 necess\u00e1rio &#8220;fazer todos os esfor\u00e7os para deter a corrida armamentista, o colonialismo econ\u00f4mico, a pilhagem dos recursos alheios e a devasta\u00e7\u00e3o de nossa casa comum&#8221;. H\u00e1 pessoas que s\u00e3o for\u00e7adas a percorrer rotas migrat\u00f3rias nas quais arriscam suas vidas, &#8220;\u00e9 necess\u00e1rio trat\u00e1-las como irm\u00e3os e irm\u00e3s&#8221;, acolh\u00ea-las, integr\u00e1-las, n\u00e3o explor\u00e1-las, pediu o Papa em setembro passado na\u00a0<a href=\"https:\/\/www.vatican.va\/content\/francesco\/pt\/speeches\/2023\/september\/documents\/20230923-marsiglia-rencontres-mediterraneennes.html\" target=\"_blank\" rel=\"external noopener\">sess\u00e3o final dos Encontros do Mediterr\u00e2neo em Marselha<\/a>, na Fran\u00e7a, n\u00e3o consider\u00e1-las &#8220;como problemas inc\u00f4modos&#8221;. E sua &#8220;dignidade dada por Deus&#8221; deve ser reconhecida, especificou o prelado: esse \u00e9 o primeiro passo para uma mudan\u00e7a de dire\u00e7\u00e3o, de modo a n\u00e3o permitir que a &#8220;cultura da indiferen\u00e7a&#8221; prevale\u00e7a. Nesse sentido, \u00e9 necess\u00e1rio &#8220;expandir os canais de migra\u00e7\u00e3o regulares e seguros, coordenar melhor as opera\u00e7\u00f5es de busca e resgate que salvam vidas e a reunifica\u00e7\u00e3o segura e justa das fam\u00edlias&#8221;.<\/p>\n<h2 style=\"text-align: justify;\">Prote\u00e7\u00e3o de menores<\/h2>\n<p style=\"text-align: justify;\">&#8220;A Santa S\u00e9 est\u00e1 profundamente preocupada com a seguran\u00e7a e o bem-estar do n\u00famero cada vez maior de menores em movimento, muitos dos quais est\u00e3o desacompanhados ou separados de suas fam\u00edlias&#8221;, acrescentou em seguida o n\u00fancio, que pediu que se priorizasse &#8220;os melhores interesses deles e a reunifica\u00e7\u00e3o familiar&#8221; em pol\u00edticas e pr\u00e1ticas relevantes, e observou ainda que os migrantes n\u00e3o podem ser tratados injustamente, explorados ou discriminados, enquanto o trabalho deles &#8220;\u00e9 muito necess\u00e1rio e bem-vindo para suprir a escassez de m\u00e3o de obra&#8221;. &#8220;O tratamento a eles reservado n\u00e3o deve ser determinado por sua utilidade&#8221;. Da\u00ed, o apelo para que se tome cuidado com &#8220;certas express\u00f5es que s\u00e3o frequentemente usadas em debates sobre migra\u00e7\u00e3o, como &#8217;emerg\u00eancia&#8217;, &#8216;compartilhamento de \u00f4nus&#8217;, &#8216;realoca\u00e7\u00e3o&#8217; e &#8216;invas\u00e3o&#8217; que &#8220;reduzem migrantes, refugiados e solicitantes de asilo a meras mercadorias ou &#8216;passivos'&#8221;. Porque, como o Papa argumentou\u00a0<a href=\"https:\/\/www.vatican.va\/content\/francesco\/pt\/speeches\/2023\/september\/documents\/20230922-marsiglia-leaderreligiosi.html\" target=\"_blank\" rel=\"external noopener\">em Marselha<\/a>, &#8220;o fen\u00f4meno da migra\u00e7\u00e3o n\u00e3o \u00e9 tanto uma urg\u00eancia de curto prazo&#8221;, mas &#8220;uma realidade dos nossos tempos&#8221;.<\/p>\n<h2 style=\"text-align: justify;\">O direito de n\u00e3o ser for\u00e7ado a emigrar<\/h2>\n<p style=\"text-align: justify;\">Por fim, dom Balestrero lembrou a Exorta\u00e7\u00e3o Apost\u00f3lica\u00a0<a href=\"https:\/\/www.vatican.va\/content\/francesco\/pt\/apost_exhortations\/documents\/20231004-laudate-deum.html\" target=\"_blank\" rel=\"external noopener\">Laudate Deum<\/a>, na qual o Papa Francisco observa que &#8220;a mudan\u00e7a clim\u00e1tica est\u00e1 afetando cada vez mais a vida de muitas pessoas, impactando &#8216;cuidados com a sa\u00fade, fontes de emprego, acesso a recursos, moradia, migra\u00e7\u00e3o for\u00e7ada'&#8221;. Portanto, o que \u00e9 necess\u00e1rio \u00e9 &#8220;um esfor\u00e7o conjunto de pa\u00edses individualmente considerados e da comunidade internacional para garantir a todos o direito de n\u00e3o serem for\u00e7ados a migrar, ou seja, a possibilidade de viver em paz e com dignidade em seu pr\u00f3prio pa\u00eds&#8221;. Esse \u00e9 um direito que deve ser codificado e cuja prote\u00e7\u00e3o &#8220;deve ser vista como uma responsabilidade compartilhada por parte de todos os Estados em rela\u00e7\u00e3o a um bem comum que transcende as fronteiras nacionais&#8221;. A integra\u00e7\u00e3o dos migrantes \u00e9 um esfor\u00e7o que deve ser enfrentado visando &#8220;um futuro no qual cada pessoa possa desempenhar um papel distinto e contribuir para o crescimento da sociedade&#8221;, concluiu Balestrero, pedindo uma cultura de humanidade e de fraternidade.<\/p>\n<\/div>\n<\/div>\n<\/article>\n","protected":false},"excerpt":{"rendered":"<p>Alguns migrantes em Lampedusa, ilha situada no extremo-sul da It\u00e1lia (ANSA) O observador permanente da Santa S\u00e9 junto \u00e0s Na\u00e7\u00f5es Unidas e outras Organiza\u00e7\u00f5es Internacionais em Genebra, dom Balestrero, falou na quarta-feira, 29 de novembro, na 114\u00aa Sess\u00e3o do Conselho da Organiza\u00e7\u00e3o Internacional para as Migra\u00e7\u00f5es, destacando a necessidade de um esfor\u00e7o conjunto de cada [&hellip;]<\/p>\n","protected":false},"author":1,"featured_media":85789,"comment_status":"open","ping_status":"closed","sticky":false,"template":"","format":"standard","meta":{"footnotes":""},"categories":[3],"tags":[],"class_list":["post-85788","post","type-post","status-publish","format-standard","has-post-thumbnail","hentry","category-vaticano"],"_links":{"self":[{"href":"https:\/\/catolicanet.net\/wp-cnet\/wp-json\/wp\/v2\/posts\/85788","targetHints":{"allow":["GET"]}}],"collection":[{"href":"https:\/\/catolicanet.net\/wp-cnet\/wp-json\/wp\/v2\/posts"}],"about":[{"href":"https:\/\/catolicanet.net\/wp-cnet\/wp-json\/wp\/v2\/types\/post"}],"author":[{"embeddable":true,"href":"https:\/\/catolicanet.net\/wp-cnet\/wp-json\/wp\/v2\/users\/1"}],"replies":[{"embeddable":true,"href":"https:\/\/catolicanet.net\/wp-cnet\/wp-json\/wp\/v2\/comments?post=85788"}],"version-history":[{"count":1,"href":"https:\/\/catolicanet.net\/wp-cnet\/wp-json\/wp\/v2\/posts\/85788\/revisions"}],"predecessor-version":[{"id":85791,"href":"https:\/\/catolicanet.net\/wp-cnet\/wp-json\/wp\/v2\/posts\/85788\/revisions\/85791"}],"wp:featuredmedia":[{"embeddable":true,"href":"https:\/\/catolicanet.net\/wp-cnet\/wp-json\/wp\/v2\/media\/85789"}],"wp:attachment":[{"href":"https:\/\/catolicanet.net\/wp-cnet\/wp-json\/wp\/v2\/media?parent=85788"}],"wp:term":[{"taxonomy":"category","embeddable":true,"href":"https:\/\/catolicanet.net\/wp-cnet\/wp-json\/wp\/v2\/categories?post=85788"},{"taxonomy":"post_tag","embeddable":true,"href":"https:\/\/catolicanet.net\/wp-cnet\/wp-json\/wp\/v2\/tags?post=85788"}],"curies":[{"name":"wp","href":"https:\/\/api.w.org\/{rel}","templated":true}]}}