{"id":85771,"date":"2023-11-29T13:17:17","date_gmt":"2023-11-29T16:17:17","guid":{"rendered":"https:\/\/catolicanet.net\/wp-cnet\/?p=85771"},"modified":"2023-11-29T13:17:17","modified_gmt":"2023-11-29T16:17:17","slug":"ciencia-espiritualidade-e-saude","status":"publish","type":"post","link":"https:\/\/catolicanet.net\/wp-cnet\/ciencia-espiritualidade-e-saude\/","title":{"rendered":"Ci\u00eancia, Espiritualidade e Sa\u00fade"},"content":{"rendered":"<p style=\"text-align: justify;\">A Organiza\u00e7\u00e3o Mundial da Sa\u00fade (OMS), reconheceu oficialmente e inseriu a espiritualidade em seu conceito de sa\u00fade. De acordo com estudos e revis\u00f5es liter\u00e1rias cient\u00edficas, a espiritualidade fornece recursos para que se aumente a frequ\u00eancia de emo\u00e7\u00f5es positivas e se reduza aquelas que v\u00e3o conduzir a problemas maiores. Ao entender que sua vida est\u00e1 sob controle de algo ou algu\u00e9m maior, fora de seu dom\u00ednio, a pessoa tende a enfrentar o sofrimento de forma mais positiva. A certeza de um suporte &#8216;al\u00e9m&#8217; faz com que a ang\u00fastia diminua, e os sentimentos favor\u00e1veis tragam conforto.<\/p>\n<p style=\"text-align: justify;\">\u201cEspiritualidade pode ser entendida como o conjunto de cren\u00e7as que traz vitalidade e significado aos eventos da vida. \u00c9 a propens\u00e3o humana para o interesse pelos outros e por si mesmo. Ela atende \u00e0 necessidade de encontrar raz\u00e3o e preenchimento na vida, assim como a necessidade de esperan\u00e7a e vontade para viver\u201d, afirmam Marcelo Saad, Doutor em Ci\u00eancias; Membro do Corpo Cl\u00ednico do Hospital Israelita Albert Einstein \u2013 HIAE, S\u00e3o Paulo (SP), e Roberta de Medeiros, Bi\u00f3loga, Doutora em Fisiologia; Professora titular de Fisiologia do Centro Universit\u00e1rio S\u00e3o Camilo \u2013 S\u00e3o Paulo (SP).<\/p>\n<p style=\"text-align: justify;\">\u201cCi\u00eancia e espiritualidade: buscando o elo para entender a sa\u00fade e a doen\u00e7a.\u00a0 Os dois caminhos s\u00e3o muito mais concili\u00e1veis do que se possa imaginar.\u00a0 Espiritualidade baseada em Ci\u00eancia como alavanca promotora da sa\u00fade integral para a humanidade\u201d, diz o Dr. \u00c1lvaro Avezum, m\u00e9dico cardiologista, Diretor da Divis\u00e3o de Pesquisa do Instituto de Cardiologia Dante Pazzanese e Professor do Programa de Doutorado. Tem o doutorado em Cardiologia pela Universidade de S\u00e3o Paulo. \u00c1lvaro Avezum, foi considerado pela consultoria Thomson Reuters (2015) como um dos quatro cientistas brasileiros com produ\u00e7\u00e3o acad\u00eamica de maior impacto no mundo em uma lista de 3.215 pesquisadores.<\/p>\n<p style=\"text-align: justify;\">\u201cA ci\u00eancia \u00e9 claramente essencial na medicina. Praticamente todos os grandes avan\u00e7os no tratamento e preven\u00e7\u00e3o de doen\u00e7as s\u00e3o produto de pesquisas e descobertas cient\u00edficas. Quanto \u00e0 espiritualidade, depende de como vemos o termo. Se entendemos por espiritualidade o estar bem consigo e com o mundo \u00e0 sua volta, ter uma sensa\u00e7\u00e3o de bem-estar e de pertencer a uma comunidade, \u00e9 fundamental\u201d, declara o cientista Marcelo Gleiser, professor titular de f\u00edsica e astronomia no Dartmouth College. Doutorado pelo King\u2019s College de Londres. \u00c9 um dos intelectuais de maior impacto no pensamento contempor\u00e2neo brasileiro e mundial.<\/p>\n<p style=\"text-align: justify;\">A espiritualidade deve ser incorporada ao cuidado de doen\u00e7as graves e sa\u00fade geral, de acordo com um estudo liderado por pesquisadores da Harvard TH Chan School of Public Health e do Brigham and Women\u2019s Hospital.<\/p>\n<p style=\"text-align: justify;\">\u201cEste estudo representa a an\u00e1lise sistem\u00e1tica mais rigorosa e abrangente da literatura moderna sobre sa\u00fade e espiritualidade at\u00e9 o momento\u201d, disse Tracy Balboni, principal autora e m\u00e9dica s\u00eanior do Dana-Farber\/Brigham and Women\u2019s Cancer Center e professora de Oncologia de Radia\u00e7\u00e3o na Harvard Medical School. \u201cNossas descobertas indicam que a aten\u00e7\u00e3o \u00e0 espiritualidade em doen\u00e7as graves e na sa\u00fade deve ser uma parte vital do futuro cuidado centrado na pessoa, e os resultados devem estimular mais discuss\u00f5es e progressos nacionais sobre como a espiritualidade pode ser incorporada a esse tipo de cuidado sens\u00edvel a valores\u201d.<\/p>\n<p style=\"text-align: justify;\">\u201cA espiritualidade \u00e9 importante para muitos pacientes que pensam sobre sua sa\u00fade\u201d, disse Tyler Vander Weele, John L. Loeb e Frances Lehman Loeb, professores de Epidemiologia nos Departamentos de Epidemiologia e Bioestat\u00edstica da Harvard Chan School. \u201cFocar a espiritualidade na assist\u00eancia \u00e0 sa\u00fade significa cuidar da pessoa como um todo, n\u00e3o apenas de sua doen\u00e7a\u201d.<\/p>\n<p style=\"text-align: justify;\">A qualidade de vida, est\u00e1 na dimens\u00e3o do bem-estar f\u00edsico, emocional, mental, espiritual e social. Configurado na ci\u00eancia, tecnologia, terapia e espiritualidade.<\/p>\n<p style=\"text-align: justify;\">Prof. Dr.\u00a0 In\u00e1cio Jos\u00e9 do Vale, Psicanalista Cl\u00ednico, PhD.<\/p>\n<p style=\"text-align: justify;\">Especialista em Psicologia Cl\u00ednica pela Faculdade Dom Alberto-RS.<\/p>\n<p style=\"text-align: justify;\">Especialista em Psicologia da Sa\u00fade pela Faculdade de Administra\u00e7\u00e3o, Ci\u00eancias e Educa\u00e7\u00e3o-MG.<\/p>\n<p style=\"text-align: justify;\">Doutorado em Psican\u00e1lise pelo Phoenix Instituto da Fl\u00f3rida-EUA.<\/p>\n<p style=\"text-align: justify;\">Doutorado em Psican\u00e1lise Cl\u00ednica pela Escola de Psican\u00e1lise da Sociedade Brasileira de Psican\u00e1lise Contempor\u00e2nea. Rio de Janeiro-RJ. Cadastrada na Organiza\u00e7\u00e3o das Na\u00e7\u00f5es Unidas \u2013 (ONU).<\/p>\n<p style=\"text-align: justify;\">\n<p style=\"text-align: justify;\"><strong>Autor do livro Terapia Psicanal\u00edtica: Demolindo a Ansiedade, a Depress\u00e3o e a Posse da Sa\u00fade F\u00edsica e Psicol\u00f3gica <\/strong><\/p>\n<p style=\"text-align: justify;\">\n<p style=\"text-align: justify;\">Fontes:<\/p>\n<p style=\"text-align: justify;\"><a href=\"https:\/\/www.tjdft.jus.br\/informacoes\/programas-projetos-e-acoes\/pro-vida\/dicas-de-saude\/pilulas-de-saude\/espiritualidade-e-saude#:~:text=Espiritualidade%20pode%20ser%20entendida%20como,esperan%C3%A7a%20e%20vontade%20para%20viver\">https:\/\/www.tjdft.jus.br\/informacoes\/programas-projetos-e-acoes\/pro-vida\/dicas-de-saude\/pilulas-de-saude\/espiritualidade-e-saude#:~:text=Espiritualidade%20pode%20ser%20entendida%20como,esperan%C3%A7a%20e%20vontade%20para%20viver<\/a>.<\/p>\n<p style=\"text-align: justify;\"><a href=\"https:\/\/www.estadao.com.br\/emais\/bem-estar\/medicina-e-espiritualidade-se-unem-para-cuidar-da-saude-de-forma-integrada\/#:~:text=A%20Organiza%C3%A7%C3%A3o%20Mundial%20da%20Sa%C3%BAde,n%C3%A3o%20se%20trabalha%20com%20religi%C3%A3o\">https:\/\/www.estadao.com.br\/emais\/bem-estar\/medicina-e-espiritualidade-se-unem-para-cuidar-da-saude-de-forma-integrada\/#:~:text=A%20Organiza%C3%A7%C3%A3o%20Mundial%20da%20Sa%C3%BAde,n%C3%A3o%20se%20trabalha%20com%20religi%C3%A3o<\/a><\/p>\n<p style=\"text-align: justify;\"><a href=\"https:\/\/www.ncbi.nlm.nih.gov\/pmc\/articles\/PMC3671693\/\">https:\/\/www.ncbi.nlm.nih.gov\/pmc\/articles\/PMC3671693\/<\/a><\/p>\n<p style=\"text-align: justify;\"><a href=\"https:\/\/veja.abril.com.br\/coluna\/letra-de-medico\/ciencia-e-espiritualidade-buscando-o-elo-para-entender-a-saude-e-a-doenca\">https:\/\/veja.abril.com.br\/coluna\/letra-de-medico\/ciencia-e-espiritualidade-buscando-o-elo-para-entender-a-saude-e-a-doenca<\/a><\/p>\n<p style=\"text-align: justify;\"><a href=\"http:\/\/www.iea.usp.br\/pessoas\/pasta-pessoaa\/alvaro-avezum\">http:\/\/www.iea.usp.br\/pessoas\/pasta-pessoaa\/alvaro-avezum<\/a><\/p>\n<p style=\"text-align: justify;\"><a href=\"https:\/\/www.pucrs.br\/blog\/interfaces-entre-a-ciencia-e-a-espiritualidade-com-marcelo-gleiser\/\">https:\/\/www.pucrs.br\/blog\/interfaces-entre-a-ciencia-e-a-espiritualidade-com-marcelo-gleiser\/<\/a><\/p>\n<p style=\"text-align: justify;\"><a href=\"https:\/\/portalhospitaisbrasil.com.br\/artigo-espiritualidade-ligada-a-melhores-resultados-de-saude-no-atendimento-ao-paciente\/\">https:\/\/portalhospitaisbrasil.com.br\/artigo-espiritualidade-ligada-a-melhores-resultados-de-saude-no-atendimento-ao-paciente\/<\/a><\/p>\n","protected":false},"excerpt":{"rendered":"<p>A Organiza\u00e7\u00e3o Mundial da Sa\u00fade (OMS), reconheceu oficialmente e inseriu a espiritualidade em seu conceito de sa\u00fade. De acordo com estudos e revis\u00f5es liter\u00e1rias cient\u00edficas, a espiritualidade fornece recursos para que se aumente a frequ\u00eancia de emo\u00e7\u00f5es positivas e se reduza aquelas que v\u00e3o conduzir a problemas maiores. Ao entender que sua vida est\u00e1 sob [&hellip;]<\/p>\n","protected":false},"author":16,"featured_media":55822,"comment_status":"open","ping_status":"closed","sticky":false,"template":"","format":"standard","meta":{"footnotes":""},"categories":[9],"tags":[],"class_list":["post-85771","post","type-post","status-publish","format-standard","has-post-thumbnail","hentry","category-artigos"],"_links":{"self":[{"href":"https:\/\/catolicanet.net\/wp-cnet\/wp-json\/wp\/v2\/posts\/85771","targetHints":{"allow":["GET"]}}],"collection":[{"href":"https:\/\/catolicanet.net\/wp-cnet\/wp-json\/wp\/v2\/posts"}],"about":[{"href":"https:\/\/catolicanet.net\/wp-cnet\/wp-json\/wp\/v2\/types\/post"}],"author":[{"embeddable":true,"href":"https:\/\/catolicanet.net\/wp-cnet\/wp-json\/wp\/v2\/users\/16"}],"replies":[{"embeddable":true,"href":"https:\/\/catolicanet.net\/wp-cnet\/wp-json\/wp\/v2\/comments?post=85771"}],"version-history":[{"count":1,"href":"https:\/\/catolicanet.net\/wp-cnet\/wp-json\/wp\/v2\/posts\/85771\/revisions"}],"predecessor-version":[{"id":85773,"href":"https:\/\/catolicanet.net\/wp-cnet\/wp-json\/wp\/v2\/posts\/85771\/revisions\/85773"}],"wp:featuredmedia":[{"embeddable":true,"href":"https:\/\/catolicanet.net\/wp-cnet\/wp-json\/wp\/v2\/media\/55822"}],"wp:attachment":[{"href":"https:\/\/catolicanet.net\/wp-cnet\/wp-json\/wp\/v2\/media?parent=85771"}],"wp:term":[{"taxonomy":"category","embeddable":true,"href":"https:\/\/catolicanet.net\/wp-cnet\/wp-json\/wp\/v2\/categories?post=85771"},{"taxonomy":"post_tag","embeddable":true,"href":"https:\/\/catolicanet.net\/wp-cnet\/wp-json\/wp\/v2\/tags?post=85771"}],"curies":[{"name":"wp","href":"https:\/\/api.w.org\/{rel}","templated":true}]}}