{"id":85764,"date":"2023-11-29T13:14:44","date_gmt":"2023-11-29T16:14:44","guid":{"rendered":"https:\/\/catolicanet.net\/wp-cnet\/?p=85764"},"modified":"2023-11-29T13:14:44","modified_gmt":"2023-11-29T16:14:44","slug":"acn-envia-ajuda-aos-cristaos-na-terra-santa","status":"publish","type":"post","link":"https:\/\/catolicanet.net\/wp-cnet\/acn-envia-ajuda-aos-cristaos-na-terra-santa\/","title":{"rendered":"ACN envia ajuda aos crist\u00e3os na Terra Santa"},"content":{"rendered":"<p><em>Igreja greco-ortodoxa de S\u00e3o Porf\u00edrio bombardeada em Gaza\u00a0<\/em><em>Divulga\u00e7\u00e3o ACN<\/em><\/p>\n<p style=\"text-align: center;\"><strong><em>Pacote de aux\u00edlio engloba recursos para assist\u00eancia m\u00e9dica e medicamentos, alimenta\u00e7\u00e3o e higiene, e ajuda existencial para aluguel, combust\u00edvel e contas essenciais, como \u00e1gua e luz para os crist\u00e3os na Faixa de Gaza, na Cisjord\u00e2nia e em Jerusal\u00e9m Oriental<\/em><\/strong><\/p>\n<p style=\"text-align: justify;\">A funda\u00e7\u00e3o pontif\u00edcia ACN &#8211; Ajuda \u00e0 Igreja que Sofre \u2013 preparou um grande pacote de ajuda para socorrer os crist\u00e3os da Terra Santa durante a atual crise. Este aux\u00edlio apoiar\u00e1 os crist\u00e3os mais pobres na Faixa de Gaza, na Cisjord\u00e2nia e em Jerusal\u00e9m Oriental, bem como os trabalhadores migrantes crist\u00e3os e os requerentes de asilo em Israel.<\/p>\n<p style=\"text-align: justify;\"><strong>Gaza<\/strong><\/p>\n<p style=\"text-align: justify;\">H\u00e1 cerca de 1.000 crist\u00e3os na Faixa de Gaza. A maioria deles est\u00e1 abrigada na par\u00f3quia cat\u00f3lica Sagrada Fam\u00edlia e na igreja greco-ortodoxa de S\u00e3o Porf\u00edrio. Centenas de fam\u00edlias foram aglomeradas nos complexos da igreja, com relatos de escassez terr\u00edvel de alimentos, rem\u00e9dios e \u00e1gua.<\/p>\n<p style=\"text-align: justify;\">A ACN est\u00e1 apoiando uma iniciativa do Patriarcado Latino de Jerusal\u00e9m (LPJ) para garantir um fornecimento constante de bens de primeira necessidade, incluindo kits de higiene, medicamentos, alimentos e combust\u00edvel, \u00e0s comunidades crist\u00e3s isoladas na Faixa de Gaza.<\/p>\n<p style=\"text-align: justify;\"><strong>Cisjord\u00e2nia e Jerusal\u00e9m Oriental<\/strong><\/p>\n<p style=\"text-align: justify;\">Embora o conflito esteja centrado na Faixa de Gaza, tamb\u00e9m afetou gravemente os crist\u00e3os na Cisjord\u00e2nia e em Jerusal\u00e9m Oriental. A Cisjord\u00e2nia abriga cerca de 37.000 crist\u00e3os palestinos e outros 10.000 crist\u00e3os vivem em Jerusal\u00e9m Oriental.<\/p>\n<p style=\"text-align: justify;\">Os crist\u00e3os da regi\u00e3o dependem fortemente do setor de turismo para obter emprego. Com a parada repentina do fluxo de peregrinos e turistas, muitos crist\u00e3os locais perderam sua principal fonte de renda, enquanto outros n\u00e3o podem ir para o trabalho devido ao fechamento de postos de controle e outras restri\u00e7\u00f5es.<\/p>\n<p style=\"text-align: justify;\">Junto da LPJ, a ACN presta assist\u00eancia de emerg\u00eancia \u00e0s comunidades crist\u00e3s na Cisjord\u00e2nia e em Jerusal\u00e9m Oriental. Essa assist\u00eancia \u00e9 composta principalmente por assist\u00eancia m\u00e9dica, vale-alimenta\u00e7\u00e3o e ajuda existencial para aluguel e contas essenciais, como \u00e1gua e luz.<\/p>\n<p style=\"text-align: justify;\"><strong>Israel<\/strong><\/p>\n<p style=\"text-align: justify;\">Em setembro de 2021, a LPJ criou o Vicariato para Migrantes e Requerentes de Asilo (VMAS) para cuidar dos 100.000 migrantes cat\u00f3licos e requerentes de asilo que vivem em Israel. Esses migrantes t\u00eam uma variedade de status legais, e muitos est\u00e3o empregados em servi\u00e7os de m\u00e3o de obra de baixo custo.<\/p>\n<p style=\"text-align: justify;\">Centenas de crist\u00e3os migrantes que trabalhavam nas \u00e1reas ao redor da Faixa de Gaza foram for\u00e7ados a fugir e buscar ref\u00fagio em abrigos tempor\u00e1rios em Jerusal\u00e9m Oriental, principalmente em conventos, pousadas crist\u00e3s e outras instala\u00e7\u00f5es da Igreja. Outros se abrigaram em igrejas em diferentes partes de Israel, como Tel Aviv.<\/p>\n<p style=\"text-align: justify;\">A ACN colabora com o VMAS para fornecer alojamento, cuidados de sa\u00fade e outros servi\u00e7os essenciais para os migrantes crist\u00e3os deslocados que vivem em Israel.<\/p>\n<p style=\"text-align: justify;\"><strong>Patriarca Latino agradece o apoio da ACN <\/strong><\/p>\n<p style=\"text-align: justify;\">O Patriarca Latino de Jerusal\u00e9m, Cardeal Pierbattista Pizzaballa, expressou sua gratid\u00e3o \u00e0 ACN pela colabora\u00e7\u00e3o cont\u00ednua da funda\u00e7\u00e3o com a LPJ e pelo apoio dado aos crist\u00e3os na Terra Santa durante este momento de crise: &#8220;Obrigado por sua doa\u00e7\u00e3o e solidariedade com o Patriarcado Latino de Jerusal\u00e9m. Por favor, continuem a rezar por nossa pequena comunidade crist\u00e3, enquanto d\u00e3o testemunho inabal\u00e1vel da f\u00e9 e da esperan\u00e7a&#8221;.<\/p>\n","protected":false},"excerpt":{"rendered":"<p>Igreja greco-ortodoxa de S\u00e3o Porf\u00edrio bombardeada em Gaza\u00a0Divulga\u00e7\u00e3o ACN Pacote de aux\u00edlio engloba recursos para assist\u00eancia m\u00e9dica e medicamentos, alimenta\u00e7\u00e3o e higiene, e ajuda existencial para aluguel, combust\u00edvel e contas essenciais, como \u00e1gua e luz para os crist\u00e3os na Faixa de Gaza, na Cisjord\u00e2nia e em Jerusal\u00e9m Oriental A funda\u00e7\u00e3o pontif\u00edcia ACN &#8211; Ajuda \u00e0 [&hellip;]<\/p>\n","protected":false},"author":1,"featured_media":85765,"comment_status":"open","ping_status":"closed","sticky":false,"template":"","format":"standard","meta":{"footnotes":""},"categories":[4],"tags":[],"class_list":["post-85764","post","type-post","status-publish","format-standard","has-post-thumbnail","hentry","category-cotidiano"],"_links":{"self":[{"href":"https:\/\/catolicanet.net\/wp-cnet\/wp-json\/wp\/v2\/posts\/85764","targetHints":{"allow":["GET"]}}],"collection":[{"href":"https:\/\/catolicanet.net\/wp-cnet\/wp-json\/wp\/v2\/posts"}],"about":[{"href":"https:\/\/catolicanet.net\/wp-cnet\/wp-json\/wp\/v2\/types\/post"}],"author":[{"embeddable":true,"href":"https:\/\/catolicanet.net\/wp-cnet\/wp-json\/wp\/v2\/users\/1"}],"replies":[{"embeddable":true,"href":"https:\/\/catolicanet.net\/wp-cnet\/wp-json\/wp\/v2\/comments?post=85764"}],"version-history":[{"count":1,"href":"https:\/\/catolicanet.net\/wp-cnet\/wp-json\/wp\/v2\/posts\/85764\/revisions"}],"predecessor-version":[{"id":85767,"href":"https:\/\/catolicanet.net\/wp-cnet\/wp-json\/wp\/v2\/posts\/85764\/revisions\/85767"}],"wp:featuredmedia":[{"embeddable":true,"href":"https:\/\/catolicanet.net\/wp-cnet\/wp-json\/wp\/v2\/media\/85765"}],"wp:attachment":[{"href":"https:\/\/catolicanet.net\/wp-cnet\/wp-json\/wp\/v2\/media?parent=85764"}],"wp:term":[{"taxonomy":"category","embeddable":true,"href":"https:\/\/catolicanet.net\/wp-cnet\/wp-json\/wp\/v2\/categories?post=85764"},{"taxonomy":"post_tag","embeddable":true,"href":"https:\/\/catolicanet.net\/wp-cnet\/wp-json\/wp\/v2\/tags?post=85764"}],"curies":[{"name":"wp","href":"https:\/\/api.w.org\/{rel}","templated":true}]}}