{"id":85760,"date":"2023-11-29T10:09:42","date_gmt":"2023-11-29T13:09:42","guid":{"rendered":"https:\/\/catolicanet.net\/wp-cnet\/?p=85760"},"modified":"2023-11-29T13:10:48","modified_gmt":"2023-11-29T16:10:48","slug":"se-cristo-ja-nos-salvou-existe-mesmo-algum-risco-de-irmos-para-o-inferno","status":"publish","type":"post","link":"https:\/\/catolicanet.net\/wp-cnet\/se-cristo-ja-nos-salvou-existe-mesmo-algum-risco-de-irmos-para-o-inferno\/","title":{"rendered":"Se Cristo j\u00e1 nos salvou, existe mesmo algum risco de irmos para o inferno?"},"content":{"rendered":"<p style=\"text-align: justify;\"><span class=\"subtitle\">Leitor pergunta e o pe. Cido responde<\/span><\/p>\n<p style=\"text-align: justify;\">Ope. Cido Pereira, que responde regularmente \u00e0s d\u00favidas de leitores do portal\u00a0<em><a title=\"\" href=\"https:\/\/osaopaulo.org.br\/colunas\/voce-pergunta\/se-cristo-ja-remiu-nossos-pecados-ainda-ha-o-risco-de-nao-sermos-salvos\/\" target=\"_blank\" rel=\"noopener\">O S\u00e3o Paulo<\/a><\/em>, recebeu neste m\u00eas a seguinte pergunta:<\/p>\n<blockquote class=\"wp-block-quote\"><p>\u201cSe Jesus remiu nossos pecados, como o homem ainda pode ir para o inferno?\u201d.<\/p><\/blockquote>\n<p>O sacerdote ent\u00e3o resumiu:<\/p>\n<blockquote class=\"wp-block-quote\"><p>\u201cCristo remiu nossos pecados. Mas esta salva\u00e7\u00e3o de Jesus, embora gratuita, nos \u00e9 oferecida e n\u00f3s podemos aceit\u00e1-la ou recus\u00e1-la\u201d.<\/p><\/blockquote>\n<p>E refor\u00e7ou:<\/p>\n<blockquote class=\"wp-block-quote\">\n<div id=\"aleteia-welcome\"><\/div>\n<p>\u201cSalvo engano, Santo Agostinho afirmou certa vez: \u2018Aquele que nos criou sem nossa ajuda, n\u00e3o nos salva sem nosso consentimento\u2019. Legal esta frase, n\u00e3o \u00e9 mesmo? E ela exprime a verdade sobre a salva\u00e7\u00e3o, que \u00e9 gratuita. Jesus n\u00e3o nos salvou por nosso merecimento, mas por sua infinita miseric\u00f3rdia. Mas n\u00f3s podemos recusar a salva\u00e7\u00e3o, fazer por n\u00e3o merec\u00ea-la, podemos livremente fechar nosso cora\u00e7\u00e3o a ela\u201d.<\/p><\/blockquote>\n<p>O pe. Cido prosseguiu:<\/p>\n<blockquote class=\"wp-block-quote\"><p>\u201cA recusa da salva\u00e7\u00e3o se expressa claramente no pecado, que, de uma forma bem simples, podemos definir como um \u2018n\u00e3o\u2019 livre e consciente a Deus.<\/p>\n<p>Quando n\u00f3s somos batizados, somos perdoados de todos os pecados. Tornamo-nos novas criaturas. Mas Jesus sabia que nossa fragilidade humana \u00e9 imensa e que muitas vezes ir\u00edamos pecar.<\/p>\n<p>Por isso, Ele instituiu o sacramento da Penit\u00eancia, para reavermos a gra\u00e7a de Deus perdida com nossos pecados. \u00c9 bom pensar no \u2018inferno\u2019 como a solid\u00e3o infinita, o distanciamento do Deus de Amor. Mas \u00e9 bom pensarmos, tamb\u00e9m e sempre, que a miseric\u00f3rdia de Deus \u00e9 infinita e que o nosso constante voltar-nos para Ele nos recoloca no caminho de Deus, no caminho do c\u00e9u\u201d.<\/p><\/blockquote>\n","protected":false},"excerpt":{"rendered":"<p>Leitor pergunta e o pe. Cido responde Ope. Cido Pereira, que responde regularmente \u00e0s d\u00favidas de leitores do portal\u00a0O S\u00e3o Paulo, recebeu neste m\u00eas a seguinte pergunta: \u201cSe Jesus remiu nossos pecados, como o homem ainda pode ir para o inferno?\u201d. O sacerdote ent\u00e3o resumiu: \u201cCristo remiu nossos pecados. Mas esta salva\u00e7\u00e3o de Jesus, embora [&hellip;]<\/p>\n","protected":false},"author":1,"featured_media":85761,"comment_status":"open","ping_status":"closed","sticky":false,"template":"","format":"standard","meta":{"footnotes":""},"categories":[4],"tags":[],"class_list":["post-85760","post","type-post","status-publish","format-standard","has-post-thumbnail","hentry","category-cotidiano"],"_links":{"self":[{"href":"https:\/\/catolicanet.net\/wp-cnet\/wp-json\/wp\/v2\/posts\/85760","targetHints":{"allow":["GET"]}}],"collection":[{"href":"https:\/\/catolicanet.net\/wp-cnet\/wp-json\/wp\/v2\/posts"}],"about":[{"href":"https:\/\/catolicanet.net\/wp-cnet\/wp-json\/wp\/v2\/types\/post"}],"author":[{"embeddable":true,"href":"https:\/\/catolicanet.net\/wp-cnet\/wp-json\/wp\/v2\/users\/1"}],"replies":[{"embeddable":true,"href":"https:\/\/catolicanet.net\/wp-cnet\/wp-json\/wp\/v2\/comments?post=85760"}],"version-history":[{"count":1,"href":"https:\/\/catolicanet.net\/wp-cnet\/wp-json\/wp\/v2\/posts\/85760\/revisions"}],"predecessor-version":[{"id":85763,"href":"https:\/\/catolicanet.net\/wp-cnet\/wp-json\/wp\/v2\/posts\/85760\/revisions\/85763"}],"wp:featuredmedia":[{"embeddable":true,"href":"https:\/\/catolicanet.net\/wp-cnet\/wp-json\/wp\/v2\/media\/85761"}],"wp:attachment":[{"href":"https:\/\/catolicanet.net\/wp-cnet\/wp-json\/wp\/v2\/media?parent=85760"}],"wp:term":[{"taxonomy":"category","embeddable":true,"href":"https:\/\/catolicanet.net\/wp-cnet\/wp-json\/wp\/v2\/categories?post=85760"},{"taxonomy":"post_tag","embeddable":true,"href":"https:\/\/catolicanet.net\/wp-cnet\/wp-json\/wp\/v2\/tags?post=85760"}],"curies":[{"name":"wp","href":"https:\/\/api.w.org\/{rel}","templated":true}]}}