{"id":85716,"date":"2023-11-29T09:13:11","date_gmt":"2023-11-29T12:13:11","guid":{"rendered":"https:\/\/catolicanet.net\/wp-cnet\/?p=85716"},"modified":"2023-11-29T12:15:25","modified_gmt":"2023-11-29T15:15:25","slug":"papa-paz-por-favor-quem-fabrica-armas-ganha-com-a-morte-das-pessoas","status":"publish","type":"post","link":"https:\/\/catolicanet.net\/wp-cnet\/papa-paz-por-favor-quem-fabrica-armas-ganha-com-a-morte-das-pessoas\/","title":{"rendered":"Papa: paz, por favor! Quem fabrica armas ganha com a morte das pessoas"},"content":{"rendered":"<div class=\"article__subTitle\" style=\"text-align: justify;\">Ao final da Audi\u00eancia Geral desta quarta (29), Francisco retoma a palavra depois que um funcion\u00e1rio da Secretaria de Estado l\u00ea a catequese e as sauda\u00e7\u00f5es aos fi\u00e9is, devido \u00e0 dificuldade em falar do Pont\u00edfice por causa de uma inflama\u00e7\u00e3o nos pulm\u00f5es e lan\u00e7a um apelo pelo drama no Oriente M\u00e9dio: &#8220;que a tr\u00e9gua em Gaza continue, que todos os ref\u00e9ns sejam libertados e que o acesso \u00e0 ajuda seja permitido&#8221;. O convite para n\u00e3o esquecer da Ucr\u00e2nia &#8220;que sofre tanto, ainda em guerra&#8221;.<\/div>\n<div class=\"title__separator\" style=\"text-align: justify;\"><\/div>\n<div class=\"article__text\">\n<p style=\"text-align: justify;\"><b>Salvatore Cernuzio &#8211; Vatican News<\/b><\/p>\n<div style=\"text-align: justify;\">\n<div class=\"article__embed article__embed--border embed_style\">\n<blockquote><p>\u201cPaz, por favor, paz&#8230; A guerra \u00e9 sempre uma derrota, todos perdem. Todos, n\u00e3o. H\u00e1 um grupo que ganha muito: os fabricantes de armas. Esses ganham bem, com a morte dos outros.\u201d<\/p><\/blockquote>\n<\/div>\n<\/div>\n<p style=\"text-align: justify;\">A voz \u00e9 fraca, mas \u00e9 forte a preocupa\u00e7\u00e3o do Papa pelo horror que est\u00e1 ocorrendo na Terra Santa e na Ucr\u00e2nia por causa da guerra. No final da Audi\u00eancia Geral desta quarta-feira (29), realizada na Sala Paulo VI e n\u00e3o na Pra\u00e7a de S\u00e3o Pedro, devido \u00e0 queda da temperatura, Francisco tomou a palavra depois que a catequese e as sauda\u00e7\u00f5es nos v\u00e1rios idiomas foram lidas por monsenhor Filippo Ciampanelli da Secretaria de Estado. Isso &#8211; explicou o pr\u00f3prio Pont\u00edfice no in\u00edcio da audi\u00eancia &#8211; se deve \u00e0 dificuldade de falar causada pela inflama\u00e7\u00e3o nos pulm\u00f5es, da qual est\u00e1 se recuperando, e pela qual, nesta ter\u00e7a-feira (28), o obrigou a cancelar, a pedido dos m\u00e9dicos, a viagem programada para Dubai, de 1\u00ba a 3 de dezembro, para a COP28.<\/p>\n<h2 style=\"text-align: justify;\">Liberta\u00e7\u00e3o de ref\u00e9ns e entrada de ajuda<\/h2>\n<p style=\"text-align: justify;\">O Papa, no entanto, quis tomar a palavra e pronunciar ele mesmo o apelo por uma solu\u00e7\u00e3o para o drama que se vive no Oriente M\u00e9dio, pedindo a extens\u00e3o do cessar-fogo, agora em seu quarto dia, a liberta\u00e7\u00e3o de todos os ref\u00e9ns israelenses nas m\u00e3os do Hamas (nesta ter\u00e7a foi libertado um quinto grupo de 12 homens e mulheres sequestrados em 7 de outubro nos kibutzim de Nir Oz, Nirim e Nir Yitzhak) e a entrada de ajuda na Faixa de Gaza, onde a situa\u00e7\u00e3o humanit\u00e1ria piora de hora em hora. Mas, acima de tudo, o Papa pediu ora\u00e7\u00f5es:<\/p>\n<div style=\"text-align: justify;\">\n<div class=\"article__embed article__embed--border embed_style\">\n<blockquote><p>\u201cContinuemos a rezar pela grave situa\u00e7\u00e3o em Israel e na Palestina. Paz, por favor, paz&#8230; Espero que a tr\u00e9gua em curso em Gaza continue, para que todos os ref\u00e9ns sejam libertados e ainda seja permitido o acesso \u00e0 necess\u00e1ria ajuda humanit\u00e1ria.\u201d<\/p><\/blockquote>\n<\/div>\n<\/div>\n<h2 style=\"text-align: justify;\">Em contato com a par\u00f3quia de Gaza<\/h2>\n<p style=\"text-align: justify;\">Francisco confirmou que est\u00e1 em contato com a par\u00f3quia latina da Sagrada Fam\u00edlia, na Faixa de Gaza, com o p\u00e1roco, o padre argentino, Gabriel Romanelli, e o vice-p\u00e1roco, Youssef Asaad. O Pont\u00edfice recebe atualiza\u00e7\u00f5es deles, por telefone, quase diariamente.<\/p>\n<p style=\"text-align: justify;\"><i>&#8220;Eu conversei com eles da par\u00f3quia de l\u00e1, falta \u00e1gua, falta p\u00e3o. As pessoas sofrem&#8230; As pessoas simples, as pessoas do povo sofrem, n\u00e3o sofrem aqueles que fazem a guerra. Pe\u00e7amos a paz.&#8221;<\/i><\/p>\n<h2 style=\"text-align: justify;\">Apelos internacionais<\/h2>\n<p style=\"text-align: justify;\">O apelo do Papa se junta ao coro de apelos internacionais para a continua\u00e7\u00e3o da tr\u00e9gua, estendida por dois dias em rela\u00e7\u00e3o aos acordos iniciais. N\u00e3o menos importante, a Uni\u00e3o Europeia, por meio do Alto Representante Josep Borrell, que de Barcelona para a reuni\u00e3o da Uni\u00e3o do Mediterr\u00e2neo comentou sobre o cessar-fogo: &#8220;\u00e9 necess\u00e1rio fazer muito mais para aliviar a terr\u00edvel situa\u00e7\u00e3o em Gaza e encontrar uma sa\u00edda para a crise atual&#8221;.<\/p>\n<p style=\"text-align: justify;\">Os ministros das Rela\u00e7\u00f5es Exteriores dos estados-membros do G7 tamb\u00e9m informaram que &#8220;receberam com satisfa\u00e7\u00e3o&#8221; a liberta\u00e7\u00e3o de alguns dos ref\u00e9ns sequestrados em 7 de outubro em Israel e &#8220;a recente pausa nas hostilidades que permitiu o aumento da ajuda humanit\u00e1ria&#8221; em Gaza. Ao mesmo tempo, eles pediram ao Hamas &#8220;a liberta\u00e7\u00e3o imediata e incondicional de todos&#8221; os outros sequestrados.<\/p>\n<h2 style=\"text-align: justify;\">Um pensamento para a Ucr\u00e2nia que sofre<\/h2>\n<p style=\"text-align: justify;\">Um apelo que foi reiterado nesta quarta (29) pelo Papa que, desde o in\u00edcio da viol\u00eancia, pediu em cada Angelus e Audi\u00eancia Geral a liberta\u00e7\u00e3o de homens, mulheres, idosos e at\u00e9 crian\u00e7as que foram sequestrados. Da mesma forma, Francisco pediu que a aten\u00e7\u00e3o n\u00e3o fosse desviada da trag\u00e9dia que vem ocorrendo h\u00e1 quase dois anos na Ucr\u00e2nia, onde os ataques do ex\u00e9rcito russo continuam e o n\u00famero de v\u00edtimas est\u00e1 aumentando. Cerca de 1.780 crian\u00e7as foram mortas desde fevereiro de 2022, anunciou o Unicef em uma nota emitida nesta ter\u00e7a-feira (28).<\/p>\n<div>\n<div class=\"article__embed article__embed--border embed_style\">\n<blockquote><p>\u201cN\u00e3o esque\u00e7amos, falando de paz, do querido povo ucraniano, que sofre tanto, ainda em guerra.\u201d<\/p><\/blockquote>\n<\/div>\n<\/div>\n<\/div>\n","protected":false},"excerpt":{"rendered":"<p>Ao final da Audi\u00eancia Geral desta quarta (29), Francisco retoma a palavra depois que um funcion\u00e1rio da Secretaria de Estado l\u00ea a catequese e as sauda\u00e7\u00f5es aos fi\u00e9is, devido \u00e0 dificuldade em falar do Pont\u00edfice por causa de uma inflama\u00e7\u00e3o nos pulm\u00f5es e lan\u00e7a um apelo pelo drama no Oriente M\u00e9dio: &#8220;que a tr\u00e9gua em [&hellip;]<\/p>\n","protected":false},"author":1,"featured_media":85717,"comment_status":"open","ping_status":"closed","sticky":false,"template":"","format":"standard","meta":{"footnotes":""},"categories":[13,3],"tags":[],"class_list":["post-85716","post","type-post","status-publish","format-standard","has-post-thumbnail","hentry","category-featured","category-vaticano"],"_links":{"self":[{"href":"https:\/\/catolicanet.net\/wp-cnet\/wp-json\/wp\/v2\/posts\/85716","targetHints":{"allow":["GET"]}}],"collection":[{"href":"https:\/\/catolicanet.net\/wp-cnet\/wp-json\/wp\/v2\/posts"}],"about":[{"href":"https:\/\/catolicanet.net\/wp-cnet\/wp-json\/wp\/v2\/types\/post"}],"author":[{"embeddable":true,"href":"https:\/\/catolicanet.net\/wp-cnet\/wp-json\/wp\/v2\/users\/1"}],"replies":[{"embeddable":true,"href":"https:\/\/catolicanet.net\/wp-cnet\/wp-json\/wp\/v2\/comments?post=85716"}],"version-history":[{"count":1,"href":"https:\/\/catolicanet.net\/wp-cnet\/wp-json\/wp\/v2\/posts\/85716\/revisions"}],"predecessor-version":[{"id":85719,"href":"https:\/\/catolicanet.net\/wp-cnet\/wp-json\/wp\/v2\/posts\/85716\/revisions\/85719"}],"wp:featuredmedia":[{"embeddable":true,"href":"https:\/\/catolicanet.net\/wp-cnet\/wp-json\/wp\/v2\/media\/85717"}],"wp:attachment":[{"href":"https:\/\/catolicanet.net\/wp-cnet\/wp-json\/wp\/v2\/media?parent=85716"}],"wp:term":[{"taxonomy":"category","embeddable":true,"href":"https:\/\/catolicanet.net\/wp-cnet\/wp-json\/wp\/v2\/categories?post=85716"},{"taxonomy":"post_tag","embeddable":true,"href":"https:\/\/catolicanet.net\/wp-cnet\/wp-json\/wp\/v2\/tags?post=85716"}],"curies":[{"name":"wp","href":"https:\/\/api.w.org\/{rel}","templated":true}]}}