{"id":85695,"date":"2023-11-27T09:52:59","date_gmt":"2023-11-27T12:52:59","guid":{"rendered":"https:\/\/catolicanet.net\/wp-cnet\/?p=85695"},"modified":"2023-11-27T09:52:59","modified_gmt":"2023-11-27T12:52:59","slug":"video-os-5-auxilios-celestiais","status":"publish","type":"post","link":"https:\/\/catolicanet.net\/wp-cnet\/video-os-5-auxilios-celestiais\/","title":{"rendered":"[V\u00cdDEO] Os 5 aux\u00edlios celestiais"},"content":{"rendered":"<p style=\"text-align: justify;\"><span class=\"subtitle\">Do Purgat\u00f3rio aos moribundos, Santa Faustina teve vis\u00f5es nas quais o anjo da guarda mostrou seu poder e suas limita\u00e7\u00f5es<\/span><\/p>\n<p style=\"text-align: justify;\">Assista ao v\u00eddeo e descubra o que estas vis\u00f5es revelou<\/p>\n<p><iframe loading=\"lazy\" title=\"Cinco aux\u00edlios celestiais\" frameborder=\"0\" width=\"696\" height=\"696\" src=\"https:\/\/geo.dailymotion.com\/player.html?video=x8pm1fi&#038;\" allowfullscreen allow=\"autoplay; fullscreen; picture-in-picture\"><\/iframe><\/p>\n<p>&nbsp;<\/p>\n","protected":false},"excerpt":{"rendered":"<p>Do Purgat\u00f3rio aos moribundos, Santa Faustina teve vis\u00f5es nas quais o anjo da guarda mostrou seu poder e suas limita\u00e7\u00f5es Assista ao v\u00eddeo e descubra o que estas vis\u00f5es revelou &nbsp;<\/p>\n","protected":false},"author":1,"featured_media":85696,"comment_status":"open","ping_status":"closed","sticky":false,"template":"","format":"standard","meta":{"footnotes":""},"categories":[4],"tags":[],"class_list":["post-85695","post","type-post","status-publish","format-standard","has-post-thumbnail","hentry","category-cotidiano"],"_links":{"self":[{"href":"https:\/\/catolicanet.net\/wp-cnet\/wp-json\/wp\/v2\/posts\/85695","targetHints":{"allow":["GET"]}}],"collection":[{"href":"https:\/\/catolicanet.net\/wp-cnet\/wp-json\/wp\/v2\/posts"}],"about":[{"href":"https:\/\/catolicanet.net\/wp-cnet\/wp-json\/wp\/v2\/types\/post"}],"author":[{"embeddable":true,"href":"https:\/\/catolicanet.net\/wp-cnet\/wp-json\/wp\/v2\/users\/1"}],"replies":[{"embeddable":true,"href":"https:\/\/catolicanet.net\/wp-cnet\/wp-json\/wp\/v2\/comments?post=85695"}],"version-history":[{"count":1,"href":"https:\/\/catolicanet.net\/wp-cnet\/wp-json\/wp\/v2\/posts\/85695\/revisions"}],"predecessor-version":[{"id":85698,"href":"https:\/\/catolicanet.net\/wp-cnet\/wp-json\/wp\/v2\/posts\/85695\/revisions\/85698"}],"wp:featuredmedia":[{"embeddable":true,"href":"https:\/\/catolicanet.net\/wp-cnet\/wp-json\/wp\/v2\/media\/85696"}],"wp:attachment":[{"href":"https:\/\/catolicanet.net\/wp-cnet\/wp-json\/wp\/v2\/media?parent=85695"}],"wp:term":[{"taxonomy":"category","embeddable":true,"href":"https:\/\/catolicanet.net\/wp-cnet\/wp-json\/wp\/v2\/categories?post=85695"},{"taxonomy":"post_tag","embeddable":true,"href":"https:\/\/catolicanet.net\/wp-cnet\/wp-json\/wp\/v2\/tags?post=85695"}],"curies":[{"name":"wp","href":"https:\/\/api.w.org\/{rel}","templated":true}]}}