{"id":85655,"date":"2023-11-23T09:43:53","date_gmt":"2023-11-23T12:43:53","guid":{"rendered":"https:\/\/catolicanet.net\/wp-cnet\/?p=85655"},"modified":"2023-11-23T13:45:59","modified_gmt":"2023-11-23T16:45:59","slug":"o-dia-em-que-nossa-senhora-deu-um-remedio-natural-a-cristaos-perseguidos","status":"publish","type":"post","link":"https:\/\/catolicanet.net\/wp-cnet\/o-dia-em-que-nossa-senhora-deu-um-remedio-natural-a-cristaos-perseguidos\/","title":{"rendered":"O dia em que Nossa Senhora deu um rem\u00e9dio natural a crist\u00e3os perseguidos"},"content":{"rendered":"<p style=\"text-align: justify;\"><span class=\"subtitle\">Conhe\u00e7a a incr\u00edvel hist\u00f3ria de Nossa Senhora de La Vang<\/span><\/p>\n<p style=\"text-align: justify;\">Muitos crist\u00e3os foram martirizados ao longo de toda a hist\u00f3ria da Igreja \u2013 e continuam a enfrentar o mart\u00edrio hoje.\u00a0Ao lado da hist\u00f3ria da persegui\u00e7\u00e3o, por\u00e9m, est\u00e1 a hist\u00f3ria maior da gra\u00e7a de Deus. Um desses relatos \u00e9 o de Nossa Senhora de La Vang, t\u00edtulo da Virgem Maria muito querido no Vietn\u00e3.<\/p>\n<p style=\"text-align: justify;\">A hist\u00f3ria conta que uma persegui\u00e7\u00e3o cruel come\u00e7ou no Vietn\u00e3 em 1798. Os fi\u00e9is fugiram para salvar as suas vidas e muitos procuraram ref\u00fagio escondendo-se na floresta tropical de La Vang.\u00a0A situa\u00e7\u00e3o era terr\u00edvel e muitos adoeceram.\u00a0Mas\u00a0eles se apegaram \u00e0 f\u00e9 em busca de for\u00e7a, especificamente unindo-se para rezar o Ros\u00e1rio.<\/p>\n<p style=\"text-align: justify;\">Foi quando estavam reunidos em ora\u00e7\u00e3o que uma apari\u00e7\u00e3o os surpreendeu:\u00a0uma bela mulher com a longa t\u00fanica t\u00edpica do povo podia ser vista em p\u00e9 nos galhos\u00a0da \u00e1rvore.\u00a0Ela segurava uma crian\u00e7a nos bra\u00e7os e estava acompanhada por anjos.<\/p>\n<div class=\"block-image-copyrigth-wrap\" style=\"text-align: justify;\">\n<figure class=\"wp-block-image size-large\"><img loading=\"lazy\" decoding=\"async\" class=\"wp-image-515671\" src=\"https:\/\/wp.pt.aleteia.org\/wp-content\/uploads\/sites\/5\/2023\/11\/Our-Lady-of-La-Vang.jpg?w=1024\" sizes=\"auto, (max-width: 1200px) 100vw, 1200px\" srcset=\"https:\/\/wp.pt.aleteia.org\/wp-content\/uploads\/sites\/5\/2023\/11\/Our-Lady-of-La-Vang.jpg 1200w, https:\/\/wp.pt.aleteia.org\/wp-content\/uploads\/sites\/5\/2023\/11\/Our-Lady-of-La-Vang.jpg?resize=150,225 150w, https:\/\/wp.pt.aleteia.org\/wp-content\/uploads\/sites\/5\/2023\/11\/Our-Lady-of-La-Vang.jpg?resize=300,450 300w, https:\/\/wp.pt.aleteia.org\/wp-content\/uploads\/sites\/5\/2023\/11\/Our-Lady-of-La-Vang.jpg?resize=768,1152 768w, https:\/\/wp.pt.aleteia.org\/wp-content\/uploads\/sites\/5\/2023\/11\/Our-Lady-of-La-Vang.jpg?resize=1024,1536 1024w, https:\/\/wp.pt.aleteia.org\/wp-content\/uploads\/sites\/5\/2023\/11\/Our-Lady-of-La-Vang.jpg?resize=620,930 620w, https:\/\/wp.pt.aleteia.org\/wp-content\/uploads\/sites\/5\/2023\/11\/Our-Lady-of-La-Vang.jpg?resize=1140,1710 1140w, https:\/\/wp.pt.aleteia.org\/wp-content\/uploads\/sites\/5\/2023\/11\/Our-Lady-of-La-Vang.jpg?resize=375,563 375w, https:\/\/wp.pt.aleteia.org\/wp-content\/uploads\/sites\/5\/2023\/11\/Our-Lady-of-La-Vang.jpg?resize=507,760 507w, https:\/\/wp.pt.aleteia.org\/wp-content\/uploads\/sites\/5\/2023\/11\/Our-Lady-of-La-Vang.jpg?resize=630,945 630w\" alt=\"Our Lady of La Vang Vietnam\" width=\"1200\" height=\"1800\" \/><figcaption class=\"wp-element-caption\">Nossa Senhora de La Vang.<\/figcaption><\/figure>\n<div class=\"copyright-text\">godongphoto | Shutterstock<\/div>\n<\/div>\n<p style=\"text-align: justify;\">Nossa Senhora n\u00e3o s\u00f3 os consolou e encorajou, mas\u00a0tamb\u00e9m lhes disse como tratar a sua doen\u00e7a com uma certa folha.<\/p>\n<div class=\"wp-block-aleteia-heading3\" style=\"text-align: justify;\">\n<h2>A devo\u00e7\u00e3o se espalha<\/h2>\n<\/div>\n<p style=\"text-align: justify;\">Quando os cat\u00f3licos puderam regressar \u00e0s suas aldeias, cerca de quatro anos depois, a hist\u00f3ria da apari\u00e7\u00e3o continuou a espalhar-se.\u00a0Em 1820, foi constru\u00edda no local uma primeira capela, que ficou destru\u00edda em outra onda de persegui\u00e7\u00e3o.<\/p>\n<div id=\"aleteia-welcome\" style=\"text-align: justify;\"><\/div>\n<p style=\"text-align: justify;\">Em 1886, uma nova igreja foi iniciada e, ao longo do ano de 1900, Nossa Senhora de La Vang gozou do amor dos fi\u00e9is locais e da honra de Roma.\u00a0(A capela foi novamente destru\u00edda durante a Guerra do Vietn\u00e3, mas outra foi constru\u00edda em 2012, com o aval do governo).<\/p>\n<p style=\"text-align: justify;\">Cerca de 200 anos ap\u00f3s a apari\u00e7\u00e3o, o Papa Jo\u00e3o Paulo II enviou\u00a0<a title=\"\" href=\"https:\/\/www.vatican.va\/content\/john-paul-ii\/pt\/letters\/1999\/documents\/hf_jp-ii_let_19990716_madonna-la-vang.html\" target=\"_blank\" rel=\"noopener\">esta mensagem<\/a>\u00a0aos fi\u00e9is:<\/p>\n<blockquote class=\"wp-block-quote\"><p>\u201cQuando acorrem ao Santu\u00e1rio de Nossa Senhora de La Vang, amado pelos fi\u00e9is vietnamitas, os peregrinos v\u00e3o confiar-lhe as suas alegrias e tristezas, as suas esperan\u00e7as e sofrimentos. Assim, dirigem-se a Deus e fazem-se intercessores pelas suas fam\u00edlias e por todo o seu povo, pedindo ao Senhor que insira no cora\u00e7\u00e3o de todos os homens sentimentos de paz, de fraternidade e de solidariedade, para que todos os habitantes do Vietn\u00e3 se unam cada vez mais, em vista de edificar um mundo onde se possa viver bem, fundado sobre os valores espirituais e morais essenciais, e onde cada um possa ser reconhecido na sua dignidade de filho de Deus, recorrendo de forma livre e filial ao seu Pai celestial, \u00abrico em miseric\u00f3rdia\u00bb\u201d.<\/p><\/blockquote>\n<p style=\"text-align: justify;\">A bas\u00edlica de Nossa Senhora de La Vang \u00e9 o santu\u00e1rio central do Vietn\u00e3.\u00a0Ela \u00e9 celebrada em agosto, na festa da Assun\u00e7\u00e3o, e tamb\u00e9m no dia 22 de novembro.<\/p>\n","protected":false},"excerpt":{"rendered":"<p>Conhe\u00e7a a incr\u00edvel hist\u00f3ria de Nossa Senhora de La Vang Muitos crist\u00e3os foram martirizados ao longo de toda a hist\u00f3ria da Igreja \u2013 e continuam a enfrentar o mart\u00edrio hoje.\u00a0Ao lado da hist\u00f3ria da persegui\u00e7\u00e3o, por\u00e9m, est\u00e1 a hist\u00f3ria maior da gra\u00e7a de Deus. Um desses relatos \u00e9 o de Nossa Senhora de La Vang, [&hellip;]<\/p>\n","protected":false},"author":1,"featured_media":85656,"comment_status":"open","ping_status":"closed","sticky":false,"template":"","format":"standard","meta":{"footnotes":""},"categories":[4],"tags":[],"class_list":["post-85655","post","type-post","status-publish","format-standard","has-post-thumbnail","hentry","category-cotidiano"],"_links":{"self":[{"href":"https:\/\/catolicanet.net\/wp-cnet\/wp-json\/wp\/v2\/posts\/85655","targetHints":{"allow":["GET"]}}],"collection":[{"href":"https:\/\/catolicanet.net\/wp-cnet\/wp-json\/wp\/v2\/posts"}],"about":[{"href":"https:\/\/catolicanet.net\/wp-cnet\/wp-json\/wp\/v2\/types\/post"}],"author":[{"embeddable":true,"href":"https:\/\/catolicanet.net\/wp-cnet\/wp-json\/wp\/v2\/users\/1"}],"replies":[{"embeddable":true,"href":"https:\/\/catolicanet.net\/wp-cnet\/wp-json\/wp\/v2\/comments?post=85655"}],"version-history":[{"count":1,"href":"https:\/\/catolicanet.net\/wp-cnet\/wp-json\/wp\/v2\/posts\/85655\/revisions"}],"predecessor-version":[{"id":85658,"href":"https:\/\/catolicanet.net\/wp-cnet\/wp-json\/wp\/v2\/posts\/85655\/revisions\/85658"}],"wp:featuredmedia":[{"embeddable":true,"href":"https:\/\/catolicanet.net\/wp-cnet\/wp-json\/wp\/v2\/media\/85656"}],"wp:attachment":[{"href":"https:\/\/catolicanet.net\/wp-cnet\/wp-json\/wp\/v2\/media?parent=85655"}],"wp:term":[{"taxonomy":"category","embeddable":true,"href":"https:\/\/catolicanet.net\/wp-cnet\/wp-json\/wp\/v2\/categories?post=85655"},{"taxonomy":"post_tag","embeddable":true,"href":"https:\/\/catolicanet.net\/wp-cnet\/wp-json\/wp\/v2\/tags?post=85655"}],"curies":[{"name":"wp","href":"https:\/\/api.w.org\/{rel}","templated":true}]}}