{"id":85651,"date":"2023-11-23T09:40:56","date_gmt":"2023-11-23T12:40:56","guid":{"rendered":"https:\/\/catolicanet.net\/wp-cnet\/?p=85651"},"modified":"2023-11-23T13:43:22","modified_gmt":"2023-11-23T16:43:22","slug":"celular-a-maior-irritacao-dos-pais-e-maes","status":"publish","type":"post","link":"https:\/\/catolicanet.net\/wp-cnet\/celular-a-maior-irritacao-dos-pais-e-maes\/","title":{"rendered":"Celular: a maior irrita\u00e7\u00e3o dos pais e m\u00e3es"},"content":{"rendered":"<p style=\"text-align: justify;\"><span class=\"subtitle\">De acordo com uma recente pesquisa, lidar com o celular \u00e9 o principal problema enfrentado pelos pais quando se trata de educa\u00e7\u00e3o<\/span><\/p>\n<p style=\"text-align: justify;\">Lutar para fazer com que seu filho trabalhe, afirmar sua autoridade, ajudar os adolescentes a se orientarem\u2026 Todos esses s\u00e3o desafios educacionais que eram importantes no passado, mas que claramente ficaram em segundo plano em rela\u00e7\u00e3o \u00e0s preocupa\u00e7\u00f5es dos pais. Na verdade, \u00e9 o gerenciamento de telas que est\u00e1 se mostrando o mais complicado para os pais atualmente.<\/p>\n<p style=\"text-align: justify;\">De acordo com a pesquisa com 2.500 pais, realizada pelo OpinionWay Institute e publicada no final de outubro de 2023, o gerenciamento de telas \u00e9 o aspecto mais dif\u00edcil de ser pai e m\u00e3e. Para quase metade dos entrevistados (49%), administrar o uso de telas \u00e9 complicado ou muito complicado, muito \u00e0 frente de administrar o relacionamento com outras crian\u00e7as (complicado para 32%) ou de fazer valer a autoridade (complicado para 32%).<\/p>\n<p style=\"text-align: justify;\">Essa dificuldade reflete a atitude paradoxal de alguns pais em rela\u00e7\u00e3o \u00e0s telas. Enquanto metade dos pais acha dif\u00edcil regular o uso do telefone pelos filhos, eles s\u00e3o os que d\u00e3o aos filhos as telas que lhes causam tantos problemas. De acordo com um estudo realizado pela\u00a0<em>M\u00e9diam\u00e9trie<\/em>\u00a0em nome da\u00a0<em>Unaf<\/em>\u00a0e do\u00a0<em>Observatoire de la parentalit\u00e9 et de l\u2019\u00e9ducation num\u00e9rique<\/em>\u00a0(Open) em 2020, o principal motivo para comprar um telefone, console ou tablet \u00e9 o presente. Mesmo que a crian\u00e7a n\u00e3o tenha pedido!<\/p>\n<div class=\"wp-block-aleteia-heading3\" style=\"text-align: justify;\">\n<h2>Ferramentas para orientar o uso da tela<\/h2>\n<\/div>\n<p style=\"text-align: justify;\">H\u00e1 v\u00e1rias ferramentas dispon\u00edveis para ajudar os pais a definir uma estrutura clara para o uso de telas por seus filhos. Em 2008, o psiquiatra Serge Tisseron criou a regra 3-6-9-12, baseada nos quatro est\u00e1gios principais da vida de uma crian\u00e7a: in\u00edcio da escola maternal, in\u00edcio da primeira s\u00e9rie, dom\u00ednio da leitura e da escrita e passagem para o ensino m\u00e9dio, fornecendo boas diretrizes para orientar gradualmente seu filho no mundo digital.<\/p>\n<p style=\"text-align: justify;\">Para crian\u00e7as de 9 a 12 anos, Serge Tisseron recomenda incentivar as crian\u00e7as a gerenciar seu tempo de tela, especialmente convidando-as a usar um \u201cdi\u00e1rio de tempo de tela\u201d. O psiquiatra tamb\u00e9m aconselha adiar ao m\u00e1ximo a compra de um telefone celular para o seu filho, preferindo um com fun\u00e7\u00f5es limitadas.<\/p>\n<div id=\"aleteia-welcome\" style=\"text-align: justify;\"><\/div>\n<p style=\"text-align: justify;\">Outro m\u00e9todo, chamado de m\u00e9todo de \u201c4 etapas\u201d, desenvolvido por Sabine Duflo, psic\u00f3loga cl\u00ednica e terapeuta familiar, envolve a defini\u00e7\u00e3o de regras precisas para limitar o tempo de tela e explicar os motivos para seu filho ou adolescente: nada de telas pela manh\u00e3, nada de telas durante as refei\u00e7\u00f5es, nada de telas antes de dormir, nada de telas no quarto.<\/p>\n<p style=\"text-align: justify;\">A configura\u00e7\u00e3o de controles dos pais tamb\u00e9m pode ajudar seu filho a fazer bom uso do telefone, embora o melhor controle dos pais continue sendo\u2026 os pr\u00f3prios pais. \u00c9 uma boa ideia estabelecer hor\u00e1rios com um toque de recolher digital. Algumas fam\u00edlias t\u00eam o h\u00e1bito de colocar todos os smartphones e tablets em uma cesta especial \u00e0 noite. Por que n\u00e3o redigir tamb\u00e9m uma carta sobre o uso adequado das telas? Assinada por todos os membros da fam\u00edlia, ela pode ser afixada perto do computador. Hor\u00e1rios, dura\u00e7\u00e3o, sites autorizados\u2026 Cabe a cada fam\u00edlia elaborar suas pr\u00f3prias regras, mas o principal \u00e9 que todos as entendam e aceitem.<\/p>\n","protected":false},"excerpt":{"rendered":"<p>De acordo com uma recente pesquisa, lidar com o celular \u00e9 o principal problema enfrentado pelos pais quando se trata de educa\u00e7\u00e3o Lutar para fazer com que seu filho trabalhe, afirmar sua autoridade, ajudar os adolescentes a se orientarem\u2026 Todos esses s\u00e3o desafios educacionais que eram importantes no passado, mas que claramente ficaram em segundo [&hellip;]<\/p>\n","protected":false},"author":1,"featured_media":85652,"comment_status":"open","ping_status":"closed","sticky":false,"template":"","format":"standard","meta":{"footnotes":""},"categories":[4],"tags":[],"class_list":["post-85651","post","type-post","status-publish","format-standard","has-post-thumbnail","hentry","category-cotidiano"],"_links":{"self":[{"href":"https:\/\/catolicanet.net\/wp-cnet\/wp-json\/wp\/v2\/posts\/85651","targetHints":{"allow":["GET"]}}],"collection":[{"href":"https:\/\/catolicanet.net\/wp-cnet\/wp-json\/wp\/v2\/posts"}],"about":[{"href":"https:\/\/catolicanet.net\/wp-cnet\/wp-json\/wp\/v2\/types\/post"}],"author":[{"embeddable":true,"href":"https:\/\/catolicanet.net\/wp-cnet\/wp-json\/wp\/v2\/users\/1"}],"replies":[{"embeddable":true,"href":"https:\/\/catolicanet.net\/wp-cnet\/wp-json\/wp\/v2\/comments?post=85651"}],"version-history":[{"count":1,"href":"https:\/\/catolicanet.net\/wp-cnet\/wp-json\/wp\/v2\/posts\/85651\/revisions"}],"predecessor-version":[{"id":85654,"href":"https:\/\/catolicanet.net\/wp-cnet\/wp-json\/wp\/v2\/posts\/85651\/revisions\/85654"}],"wp:featuredmedia":[{"embeddable":true,"href":"https:\/\/catolicanet.net\/wp-cnet\/wp-json\/wp\/v2\/media\/85652"}],"wp:attachment":[{"href":"https:\/\/catolicanet.net\/wp-cnet\/wp-json\/wp\/v2\/media?parent=85651"}],"wp:term":[{"taxonomy":"category","embeddable":true,"href":"https:\/\/catolicanet.net\/wp-cnet\/wp-json\/wp\/v2\/categories?post=85651"},{"taxonomy":"post_tag","embeddable":true,"href":"https:\/\/catolicanet.net\/wp-cnet\/wp-json\/wp\/v2\/tags?post=85651"}],"curies":[{"name":"wp","href":"https:\/\/api.w.org\/{rel}","templated":true}]}}