{"id":85587,"date":"2023-11-22T10:10:27","date_gmt":"2023-11-22T13:10:27","guid":{"rendered":"https:\/\/catolicanet.net\/wp-cnet\/?p=85587"},"modified":"2023-11-22T14:11:28","modified_gmt":"2023-11-22T17:11:28","slug":"papa-sobre-solenidade-de-cristo-rei-no-domingo-de-jesus-vira-luz-e-coragem-as-escolhas-diarias","status":"publish","type":"post","link":"https:\/\/catolicanet.net\/wp-cnet\/papa-sobre-solenidade-de-cristo-rei-no-domingo-de-jesus-vira-luz-e-coragem-as-escolhas-diarias\/","title":{"rendered":"Papa sobre Solenidade de Cristo Rei no domingo: de Jesus vir\u00e1 luz e coragem \u00e0s escolhas di\u00e1rias"},"content":{"rendered":"<figure class=\"article__image\"><span class=\"didascalia_img\">A Audi\u00eancia Geral desta quarta (22) na Pra\u00e7a S\u00e3o Pedro\u00a0 (VATICAN MEDIA Divisione Foto)<\/span><\/figure>\n<div class=\"article__meta \" data-mediatype=\"\">\n<div class=\"article__subTitle\" style=\"text-align: justify;\">Diante da realeza de Jesus, que celebraremos no pr\u00f3ximo domingo (26), o \u00faltimo do Tempo Comum, o Papa pede para darmos &#8220;espa\u00e7o ao seu Reino nos nossos cora\u00e7\u00f5es, nas nossas sociedades e no mundo inteiro&#8221;. \u00c9 um momento para &#8220;colocar Jesus no centro&#8221; da nossa vida, disse Francisco na Audi\u00eancia Geral desta quarta (22), e Dele receber &#8220;luz e coragem em cada escolha di\u00e1ria&#8221;.<\/div>\n<div class=\"title__separator\" style=\"text-align: justify;\"><\/div>\n<div class=\"article__text\">\n<p style=\"text-align: justify;\"><b>Andressa Collet &#8211; Vatican News<\/b><\/p>\n<p style=\"text-align: justify;\">O an\u00fancio de Cristo, al\u00e9m de ser uma alegria para todo crist\u00e3o, \u00e9 destinado a todos, disse o Papa Francisco na catequese da Audi\u00eancia Geral desta quarta-feira (22). Evangelizar \u00e9 um dever, o que n\u00e3o significa ser uma tarefa pesada, mas que acontece naturalmente, ainda acrescentou o Pont\u00edfice, ao enaltecer aos\u00a0<b>peregrinos de l\u00edngua portuguesa<\/b>\u00a0que esse encontro com Deus, al\u00e9m de ser o verdadeiro mist\u00e9rio da voca\u00e7\u00e3o de batizados, traz consigo a esperan\u00e7a de mundo melhor:<\/p>\n<div style=\"text-align: justify;\">\n<div class=\"article__embed article__embed--border embed_style\">\n<blockquote><p>\u201cDirijo uma sauda\u00e7\u00e3o cordial aos peregrinos de l\u00edngua portuguesa, especialmente aos que v\u00eam de Belo Horizonte. A alegria de conhecer Cristo e o desejo que temos de O levar a todos s\u00e3o a nossa maneira de construir um mundo mais fraterno. Nossa Senhora guarde estas sementes de esperan\u00e7a que trazemos no cora\u00e7\u00e3o. Deus os aben\u00e7oe!\u201d<\/p><\/blockquote>\n<\/div>\n<\/div>\n<h2 style=\"text-align: justify;\">A atualidade da Solenidade de Cristo Rei<\/h2>\n<p style=\"text-align: justify;\">Nas sauda\u00e7\u00f5es aos peregrinos de outros pa\u00edses presentes na Pra\u00e7a S\u00e3o Pedro, o Papa Francisco recordou que o pr\u00f3ximo domingo, 26 de novembro, a Igreja recorda a divindade de Jesus, que se manifestou colocando-se a servi\u00e7o da humanidade. Aos\u00a0<b>fi\u00e9is de l\u00edngua italiana<\/b>, o Pont\u00edfice falou:<\/p>\n<p style=\"text-align: justify;\"><i>&#8220;No pr\u00f3ximo domingo, o \u00faltimo do Tempo Comum, celebraremos a Solenidade de Cristo Rei. Exorto voc\u00eas a colocar Jesus no centro de suas vidas, e Dele receber\u00e3o luz e coragem em cada escolha di\u00e1ria.&#8221;<\/i><\/p>\n<p style=\"text-align: justify;\">A solenidade de Cristo Rei \u00e9 uma celebra\u00e7\u00e3o recente na Igreja, criada por Papa Pio XI em 1925, para reafirmar a soberania real de Jesus e seus ensinamentos, em um per\u00edodo em que o mundo se afastava cada vez mais do Senhor. Uma necessidade que se apresenta novamente nos tempos atuais, como refletiu o Papa Francisco ao se dirigir aos\u00a0<b>fi\u00e9is de l\u00edngua polonesa<\/b>\u00a0na Audi\u00eancia Geral:<\/p>\n<p style=\"text-align: justify;\"><i>&#8220;Que a nossa vida e os nossos cora\u00e7\u00f5es estejam abertos ao Seu senhorio, pois Ele \u00e9 a meta para a qual caminhamos.&#8221;<\/i><\/p>\n<p style=\"text-align: justify;\">A festa de Cristo Rei do pr\u00f3ximo domingo, 26 de novembro, tamb\u00e9m marca o final do ano lit\u00fargico, para come\u00e7ar a caminhada para o Advento, rumo ao Natal, como disse Francisco aos\u00a0<b>peregrinos de l\u00edngua alem\u00e3<\/b>\u00a0na Pra\u00e7a S\u00e3o Pedro:<\/p>\n<div style=\"text-align: justify;\">\n<div class=\"article__embed article__embed--border embed_style\">\n<blockquote><p>\u201cAo final do ano lit\u00fargico, voltemos o nosso olhar a Cristo, Rei do Universo e Pr\u00edncipe da Paz. Vamos dar espa\u00e7o ao seu Reino nos nossos cora\u00e7\u00f5es, nas nossas sociedades e no mundo inteiro. Rezemos pelo dom da sua paz!\u201d<\/p><\/blockquote>\n<\/div>\n<\/div>\n<p style=\"text-align: justify;\">Enfim, retomando a catequese do dia, o Papa saudou os fi\u00e9is de l\u00edngua espanhola e fez uma exorta\u00e7\u00e3o especial aos jovens anunciadores da Palavra de Deus:<\/p>\n<p style=\"text-align: justify;\"><i>&#8220;Pe\u00e7amos a Jesus que reine em nossas vidas e conceda a nossos jovens ser testemunhas generosas da alegria do Evangelho que Deus nos deu como dom.&#8221;<\/i><\/p>\n<\/div>\n<\/div>\n","protected":false},"excerpt":{"rendered":"<p>A Audi\u00eancia Geral desta quarta (22) na Pra\u00e7a S\u00e3o Pedro\u00a0 (VATICAN MEDIA Divisione Foto) Diante da realeza de Jesus, que celebraremos no pr\u00f3ximo domingo (26), o \u00faltimo do Tempo Comum, o Papa pede para darmos &#8220;espa\u00e7o ao seu Reino nos nossos cora\u00e7\u00f5es, nas nossas sociedades e no mundo inteiro&#8221;. \u00c9 um momento para &#8220;colocar Jesus [&hellip;]<\/p>\n","protected":false},"author":1,"featured_media":85588,"comment_status":"open","ping_status":"closed","sticky":false,"template":"","format":"standard","meta":{"footnotes":""},"categories":[3],"tags":[],"class_list":["post-85587","post","type-post","status-publish","format-standard","has-post-thumbnail","hentry","category-vaticano"],"_links":{"self":[{"href":"https:\/\/catolicanet.net\/wp-cnet\/wp-json\/wp\/v2\/posts\/85587","targetHints":{"allow":["GET"]}}],"collection":[{"href":"https:\/\/catolicanet.net\/wp-cnet\/wp-json\/wp\/v2\/posts"}],"about":[{"href":"https:\/\/catolicanet.net\/wp-cnet\/wp-json\/wp\/v2\/types\/post"}],"author":[{"embeddable":true,"href":"https:\/\/catolicanet.net\/wp-cnet\/wp-json\/wp\/v2\/users\/1"}],"replies":[{"embeddable":true,"href":"https:\/\/catolicanet.net\/wp-cnet\/wp-json\/wp\/v2\/comments?post=85587"}],"version-history":[{"count":1,"href":"https:\/\/catolicanet.net\/wp-cnet\/wp-json\/wp\/v2\/posts\/85587\/revisions"}],"predecessor-version":[{"id":85590,"href":"https:\/\/catolicanet.net\/wp-cnet\/wp-json\/wp\/v2\/posts\/85587\/revisions\/85590"}],"wp:featuredmedia":[{"embeddable":true,"href":"https:\/\/catolicanet.net\/wp-cnet\/wp-json\/wp\/v2\/media\/85588"}],"wp:attachment":[{"href":"https:\/\/catolicanet.net\/wp-cnet\/wp-json\/wp\/v2\/media?parent=85587"}],"wp:term":[{"taxonomy":"category","embeddable":true,"href":"https:\/\/catolicanet.net\/wp-cnet\/wp-json\/wp\/v2\/categories?post=85587"},{"taxonomy":"post_tag","embeddable":true,"href":"https:\/\/catolicanet.net\/wp-cnet\/wp-json\/wp\/v2\/tags?post=85587"}],"curies":[{"name":"wp","href":"https:\/\/api.w.org\/{rel}","templated":true}]}}