{"id":85583,"date":"2023-11-22T10:08:03","date_gmt":"2023-11-22T13:08:03","guid":{"rendered":"https:\/\/catolicanet.net\/wp-cnet\/?p=85583"},"modified":"2023-11-22T14:09:49","modified_gmt":"2023-11-22T17:09:49","slug":"audiencia-geral-o-chamado-de-deus-nao-e-um-privilegio-e-para-todos","status":"publish","type":"post","link":"https:\/\/catolicanet.net\/wp-cnet\/audiencia-geral-o-chamado-de-deus-nao-e-um-privilegio-e-para-todos\/","title":{"rendered":"Audi\u00eancia Geral: o chamado de Deus n\u00e3o \u00e9 um privil\u00e9gio, \u00e9 para todos"},"content":{"rendered":"<div class=\"article__subTitle\" style=\"text-align: justify;\">\u201cN\u00e3o podemos dizer que somos privilegiados em rela\u00e7\u00e3o aos outros. O chamado \u00e9 para um servi\u00e7o. E Deus escolhe um para amar a todos, para alcan\u00e7ar a todos\u201d, disse o Papa na Audi\u00eancia Geral desta quarta-feira, 22 de novembro.<\/div>\n<div class=\"title__separator\" style=\"text-align: justify;\"><\/div>\n<div class=\"article__text\">\n<p style=\"text-align: justify;\"><b>Thulio Fonseca &#8211; Vatican News<\/b><\/p>\n<div style=\"text-align: justify;\">\n<div class=\"article__embed article__embed--unwrap article__embed--dark\">\n<div class=\"article__innerTitle\">Ou\u00e7a com a voz do Papa e compartilhe<\/div>\n<div>\n<!--[if lt IE 9]><script>document.createElement('audio');<\/script><![endif]-->\n<audio class=\"wp-audio-shortcode\" id=\"audio-85583-1\" preload=\"none\" style=\"width: 100%;\" controls=\"controls\"><source type=\"audio\/mpeg\" src=\"https:\/\/media.vaticannews.va\/media\/audio\/s1\/2023\/11\/22\/10\/137481816_F137481816.mp3?_=1\" \/><a href=\"https:\/\/media.vaticannews.va\/media\/audio\/s1\/2023\/11\/22\/10\/137481816_F137481816.mp3\">https:\/\/media.vaticannews.va\/media\/audio\/s1\/2023\/11\/22\/10\/137481816_F137481816.mp3<\/a><\/audio>\n<\/div>\n<\/div>\n<\/div>\n<p style=\"text-align: justify;\">\u201cA mensagem crist\u00e3 \u00e9\u00a0<i>para todos\u201d<\/i>. Esse foi o tema escolhido pelo Papa Francisco para a catequese da Audi\u00eancia Geral desta quarta-feira (22). Reunido com milhares de fi\u00e9is na Pra\u00e7a S\u00e3o Pedro, o Pont\u00edfice enfatizou que atrav\u00e9s do encontro com Jesus os crist\u00e3os s\u00e3o chamados a anunciar com alegria as maravilhas do Evangelho.<\/p>\n<p style=\"text-align: justify;\">Atrav\u00e9s da propaga\u00e7\u00e3o da mensagem de Cristo, sublinhou Francisco, \u201cexiste um poder humanizador, uma realiza\u00e7\u00e3o de vida que est\u00e1 destinada a cada homem e a cada mulher, porque Cristo nasceu, morreu e ressuscitou por todos, n\u00e3o excluiu ningu\u00e9m\u201d.<\/p>\n<h2 style=\"text-align: justify;\">O crist\u00e3o deve ser aberto e extrovertido<\/h2>\n<p style=\"text-align: justify;\">O Papa recordou um trecho da Exorta\u00e7\u00e3o Apost\u00f3lica sobre o an\u00fancio do Evangelho no mundo atual,\u00a0<i><a href=\"https:\/\/www.vatican.va\/content\/francesco\/pt\/apost_exhortations\/documents\/papa-francesco_esortazione-ap_20131124_evangelii-gaudium.html\" rel=\"external\">Evangelii Gaudium<\/a><\/i>:<\/p>\n<p style=\"text-align: justify;\"><i>\u00abTodos t\u00eam o direito de receber o Evangelho. Os crist\u00e3os t\u00eam o dever de o anunciar, sem excluir ningu\u00e9m, e n\u00e3o como quem imp\u00f5e uma nova obriga\u00e7\u00e3o, mas como quem partilha uma alegria, indica um horizonte estupendo, oferece um banquete apetec\u00edvel. A Igreja n\u00e3o cresce por proselitismo, mas \u201cpor atra\u00e7\u00e3o\u201d\u00bb<\/i>\u00a0(n. 14).<\/p>\n<p style=\"text-align: justify;\">Francisco ao sublinhar a import\u00e2ncia do servi\u00e7o da destina\u00e7\u00e3o universal do Evangelho, convidou os fi\u00e9is a destacarem-se \u201cpela capacidade de ir al\u00e9m de si mesmos, de superar o ego\u00edsmo e todas as fronteiras\u201d:<\/p>\n<div style=\"text-align: justify;\">\n<div class=\"article__embed article__embed--border embed_style\">\n<blockquote><p>\u201cOs crist\u00e3os re\u00fanem-se mais no adro da igreja do que na sacristia, percorrem as pra\u00e7as e as ruas da cidade. Devem ser abertos e expansivos, extrovertidos, e este car\u00e1cter vem de Jesus, que fez da sua presen\u00e7a no mundo um caminho cont\u00ednuo, destinado a chegar a todos, aprendendo at\u00e9 com alguns dos seus encontros.\u201d<\/p><\/blockquote>\n<\/div>\n<\/div>\n<h2 style=\"text-align: justify;\">O chamado do Senhor \u00e9 para servir<\/h2>\n<p style=\"text-align: justify;\">Ao falar sobre a prega\u00e7\u00e3o de Jesus narrada nos evangelhos, o Papa recordou que a propaga\u00e7\u00e3o da Boa Nova n\u00e3o deve limitar-se ao povo ao qual pertence, mas deve estar aberta a todos. \u201cA B\u00edblia nos mostra\u201d, disse o Papa, \u201cque quando Deus chama uma pessoa e faz uma alian\u00e7a com algu\u00e9m, o crit\u00e9rio \u00e9 sempre esse:<\/p>\n<div style=\"text-align: justify;\">\n<div class=\"article__embed article__embed--border embed_style\">\n<blockquote><p>\u201cO Senhor elege algu\u00e9m para alcan\u00e7ar outros, esse \u00e9 o chamado de Deus.\u201d<\/p><\/blockquote>\n<\/div>\n<\/div>\n<p style=\"text-align: justify;\">Em seguida o Santo Padre destacou que todos os amigos do Senhor experimentaram a beleza, mas tamb\u00e9m a responsabilidade e o fardo de serem &#8220;escolhidos&#8221; por Ele, e completou: \u201ctodos j\u00e1 experimentaram o des\u00e2nimo diante de suas fraquezas ou da perda de sua seguran\u00e7a\u201d.<\/p>\n<p style=\"text-align: justify;\">Francisco ent\u00e3o exortou os fi\u00e9is sobre o risco do fechamento que pode assolar os crist\u00e3os:<\/p>\n<p style=\"text-align: justify;\"><i>\u201cA tenta\u00e7\u00e3o maior \u00e9 considerar o chamado recebido como um privil\u00e9gio. Por favor, n\u00e3o, o chamado n\u00e3o \u00e9 um privil\u00e9gio, nunca. N\u00e3o podemos dizer que somos privilegiados em rela\u00e7\u00e3o aos outros. O chamado \u00e9 para um servi\u00e7o. E Deus escolhe um para amar a todos, para alcan\u00e7ar a todos.\u201d<\/i><\/p>\n<p style=\"text-align: justify;\">Ao final da sua catequese, o Papa enfatizou que o chamado de Jesus \u00e9 universal: \u201cn\u00e3o \u00e9 para um grupo de eleitos de primeira classe\u201d: \u201cDeus escolhe algu\u00e9m para amar a todos. Esse \u00e9 o horizonte da universalidade. O Evangelho n\u00e3o \u00e9 s\u00f3 para mim, \u00e9 para todos, n\u00e3o vamos nos esquecer disso\u201d, concluiu o Papa.<\/p>\n<\/div>\n","protected":false},"excerpt":{"rendered":"<p>\u201cN\u00e3o podemos dizer que somos privilegiados em rela\u00e7\u00e3o aos outros. O chamado \u00e9 para um servi\u00e7o. E Deus escolhe um para amar a todos, para alcan\u00e7ar a todos\u201d, disse o Papa na Audi\u00eancia Geral desta quarta-feira, 22 de novembro. Thulio Fonseca &#8211; Vatican News Ou\u00e7a com a voz do Papa e compartilhe \u201cA mensagem crist\u00e3 [&hellip;]<\/p>\n","protected":false},"author":1,"featured_media":85584,"comment_status":"open","ping_status":"closed","sticky":false,"template":"","format":"standard","meta":{"footnotes":""},"categories":[3],"tags":[],"class_list":["post-85583","post","type-post","status-publish","format-standard","has-post-thumbnail","hentry","category-vaticano"],"_links":{"self":[{"href":"https:\/\/catolicanet.net\/wp-cnet\/wp-json\/wp\/v2\/posts\/85583","targetHints":{"allow":["GET"]}}],"collection":[{"href":"https:\/\/catolicanet.net\/wp-cnet\/wp-json\/wp\/v2\/posts"}],"about":[{"href":"https:\/\/catolicanet.net\/wp-cnet\/wp-json\/wp\/v2\/types\/post"}],"author":[{"embeddable":true,"href":"https:\/\/catolicanet.net\/wp-cnet\/wp-json\/wp\/v2\/users\/1"}],"replies":[{"embeddable":true,"href":"https:\/\/catolicanet.net\/wp-cnet\/wp-json\/wp\/v2\/comments?post=85583"}],"version-history":[{"count":1,"href":"https:\/\/catolicanet.net\/wp-cnet\/wp-json\/wp\/v2\/posts\/85583\/revisions"}],"predecessor-version":[{"id":85586,"href":"https:\/\/catolicanet.net\/wp-cnet\/wp-json\/wp\/v2\/posts\/85583\/revisions\/85586"}],"wp:featuredmedia":[{"embeddable":true,"href":"https:\/\/catolicanet.net\/wp-cnet\/wp-json\/wp\/v2\/media\/85584"}],"wp:attachment":[{"href":"https:\/\/catolicanet.net\/wp-cnet\/wp-json\/wp\/v2\/media?parent=85583"}],"wp:term":[{"taxonomy":"category","embeddable":true,"href":"https:\/\/catolicanet.net\/wp-cnet\/wp-json\/wp\/v2\/categories?post=85583"},{"taxonomy":"post_tag","embeddable":true,"href":"https:\/\/catolicanet.net\/wp-cnet\/wp-json\/wp\/v2\/tags?post=85583"}],"curies":[{"name":"wp","href":"https:\/\/api.w.org\/{rel}","templated":true}]}}