{"id":85568,"date":"2023-11-17T09:08:24","date_gmt":"2023-11-17T12:08:24","guid":{"rendered":"https:\/\/catolicanet.net\/wp-cnet\/?p=85568"},"modified":"2023-11-21T13:10:07","modified_gmt":"2023-11-21T16:10:07","slug":"33o-domingo-do-tempo-comum-mt-25-14-30","status":"publish","type":"post","link":"https:\/\/catolicanet.net\/wp-cnet\/33o-domingo-do-tempo-comum-mt-25-14-30\/","title":{"rendered":"33\u00ba Domingo do Tempo Comum (Mt 25, 14-30)"},"content":{"rendered":"<p style=\"text-align: center;\"><em>Resumo do Evangelho: haver\u00e1 um ju\u00edzo. Uns ser\u00e3o premiados, outros, n\u00e3o. Motivo: ter ou n\u00e3o ter correspondido a miss\u00e3o recebida do Senhor.<\/em><\/p>\n<p style=\"text-align: justify;\">Estamos chegando ao fim do ano lit\u00fargico. a Palavra de Deus o demonstra. Haver\u00e1 presta\u00e7\u00e3o de contas, assim como no fim de um acad\u00eamico, haver\u00e1 exames. Uns passar\u00e3o, outros n\u00e3o. Por isso, devemos viver e lutar como bons filhos de Deus. Quem n\u00e3o quiser a Deus como Pai e amigo, t\u00ea-Lo-\u00e1 como juiz. Deus n\u00e3o condena a ningu\u00e9m: s\u00e3o os que n\u00e3o o aceitam como Criador e Pai, que se excluem da sua vis\u00e3o beat\u00edfica. N\u00e3o correspondemos ao plano de Deus.<\/p>\n<p style=\"text-align: justify;\">O Evangelho \u00e9 uma par\u00e1bola: logo deve ser interpretado. Ali\u00e1s, muito bem, enquanto vivermos. Est\u00e3o em quest\u00e3o a felicidade ou a condena\u00e7\u00e3o eterna. N\u00e3o podemos, ou melhor, n\u00e3o devemos brincar. N\u00e3o podemos enterrar os talentos recebidos. Pergunto: H\u00e1 algu\u00e9m que deseja perder em seus neg\u00f3cios? N\u00e3o. Vivemos uma s\u00f3 vez.<\/p>\n<p style=\"text-align: justify;\">Para que n\u00f3s venc\u00eassemos a batalha da vida, Jesus tudo fez. Encarnou-se, amou a todos, servindo-os. Foi condenado, injustamente. Crucificado na cruz, que foi obrigado a carregar. N\u00e3o nos incriminou. Foi fiel. Fez tudo para nos salvar: mas devo aceitar ou n\u00e3o seu projeto de vida.<\/p>\n<p style=\"text-align: justify;\">N\u00e3o interessa, se recebi cinco, dois ou um talento s\u00f3. O que importa \u00e9 o que fa\u00e7o com os talentos recebidos. Como ent\u00e3o correspondo? A doa\u00e7\u00e3o \u00e9 de Deus, o corresponder \u00e9 miss\u00e3o nossa. N\u00e3o podemos culpar a Ele (Deus), de nossos poss\u00edveis ou reais fracassos, como fazem os muitos agn\u00f3sticos ou ateus. Ele (Deus) n\u00e3o \u00e9 ganancioso ou parcial. \u00c9 bom. Justo. Amoroso. Ali\u00e1s, Ele nos amou por primeiro. (1Jo 4, 19)<\/p>\n<p style=\"text-align: justify;\">Haver\u00e1 vencidos e vencedores no final da vida. Entre os quais estaremos n\u00f3s? \u00c9 f\u00e1cil saber, mas, n\u00e3o t\u00e3o f\u00e1cil corresponder. Por isso, quem fizer sua parte, ser\u00e1 premiado. Isto \u00e9 cert\u00edssimo. Querer saber, se recebemos cinco, dois ou um talento (dom), \u00e9 problema dos curiosos. Corresponder \u00e9 a miss\u00e3o dos fi\u00e9is. Somos apenas curiosos, gananciosos ou fi\u00e9is colaboradores? O problema \u00e9 meu, teu. A solu\u00e7\u00e3o tamb\u00e9m. A decis\u00e3o \u00e9 nossa.<\/p>\n","protected":false},"excerpt":{"rendered":"<p>Resumo do Evangelho: haver\u00e1 um ju\u00edzo. Uns ser\u00e3o premiados, outros, n\u00e3o. Motivo: ter ou n\u00e3o ter correspondido a miss\u00e3o recebida do Senhor. Estamos chegando ao fim do ano lit\u00fargico. a Palavra de Deus o demonstra. Haver\u00e1 presta\u00e7\u00e3o de contas, assim como no fim de um acad\u00eamico, haver\u00e1 exames. Uns passar\u00e3o, outros n\u00e3o. Por isso, devemos [&hellip;]<\/p>\n","protected":false},"author":119,"featured_media":77698,"comment_status":"open","ping_status":"closed","sticky":false,"template":"","format":"standard","meta":{"footnotes":""},"categories":[9],"tags":[],"class_list":["post-85568","post","type-post","status-publish","format-standard","has-post-thumbnail","hentry","category-artigos"],"_links":{"self":[{"href":"https:\/\/catolicanet.net\/wp-cnet\/wp-json\/wp\/v2\/posts\/85568","targetHints":{"allow":["GET"]}}],"collection":[{"href":"https:\/\/catolicanet.net\/wp-cnet\/wp-json\/wp\/v2\/posts"}],"about":[{"href":"https:\/\/catolicanet.net\/wp-cnet\/wp-json\/wp\/v2\/types\/post"}],"author":[{"embeddable":true,"href":"https:\/\/catolicanet.net\/wp-cnet\/wp-json\/wp\/v2\/users\/119"}],"replies":[{"embeddable":true,"href":"https:\/\/catolicanet.net\/wp-cnet\/wp-json\/wp\/v2\/comments?post=85568"}],"version-history":[{"count":1,"href":"https:\/\/catolicanet.net\/wp-cnet\/wp-json\/wp\/v2\/posts\/85568\/revisions"}],"predecessor-version":[{"id":85570,"href":"https:\/\/catolicanet.net\/wp-cnet\/wp-json\/wp\/v2\/posts\/85568\/revisions\/85570"}],"wp:featuredmedia":[{"embeddable":true,"href":"https:\/\/catolicanet.net\/wp-cnet\/wp-json\/wp\/v2\/media\/77698"}],"wp:attachment":[{"href":"https:\/\/catolicanet.net\/wp-cnet\/wp-json\/wp\/v2\/media?parent=85568"}],"wp:term":[{"taxonomy":"category","embeddable":true,"href":"https:\/\/catolicanet.net\/wp-cnet\/wp-json\/wp\/v2\/categories?post=85568"},{"taxonomy":"post_tag","embeddable":true,"href":"https:\/\/catolicanet.net\/wp-cnet\/wp-json\/wp\/v2\/tags?post=85568"}],"curies":[{"name":"wp","href":"https:\/\/api.w.org\/{rel}","templated":true}]}}