{"id":85557,"date":"2023-11-19T09:03:23","date_gmt":"2023-11-19T12:03:23","guid":{"rendered":"https:\/\/catolicanet.net\/wp-cnet\/?p=85557"},"modified":"2023-11-21T13:04:27","modified_gmt":"2023-11-21T16:04:27","slug":"xxxiii-domingo-do-tempo-comum-2","status":"publish","type":"post","link":"https:\/\/catolicanet.net\/wp-cnet\/xxxiii-domingo-do-tempo-comum-2\/","title":{"rendered":"XXXIII Domingo do Tempo Comum"},"content":{"rendered":"<p style=\"text-align: justify;\">Temos a gra\u00e7a de celebrarmos o Trig\u00e9simo Terceiro Domingo do Tempo Comum. Este domingo \u00e9 o pen\u00faltimo deste ano lit\u00fargico. Este domingo tamb\u00e9m celebramos o Dia Mundial de Ora\u00e7\u00e3o pelos Pobres. A intitula\u00e7\u00e3o deste dia foi feita pelo Papa Francisco, pois, ele pede a todos que voltemos o nosso cora\u00e7\u00e3o e o nosso olhar aqueles que mais necessitam.<\/p>\n<p style=\"text-align: justify;\">Celebremos em unidade com toda a Igreja o 7\u00ba. Dia Mundial dos Pobres que tem como tema: <strong><em>\u201cNunca afastes de algum pobre o teu olhar\u201d<\/em><\/strong>\u00a0(<em>Tb<\/em>\u00a04, 7). Ensina o Papa Francisco que: \u201cO\u00a0<em>Dia Mundial dos Pobres<\/em>, sinal fecundo da miseric\u00f3rdia do Pai, vem pela s\u00e9tima vez alentar o caminho das nossas comunidades. Trata-se duma ocorr\u00eancia que se est\u00e1 a radicar progressivamente na pastoral da Igreja, fazendo-a descobrir cada vez mais o conte\u00fado central do Evangelho. Empenhamo-nos todos os dias no acolhimento dos pobres, mas n\u00e3o basta; a pobreza permeia as nossas cidades como um rio que engrossa sempre mais at\u00e9 extravasar; e parece submergir-nos, pois o grito dos irm\u00e3os e irm\u00e3s que pedem ajuda, apoio e solidariedade ergue-se cada vez mais forte. Por isso, no domingo que antecede a festa de Jesus Cristo, Rei do Universo, reunimo-nos ao redor da sua Mesa para voltar a receber d\u2019Ele o dom e o compromisso de viver a pobreza e servir os pobres.\u201d (<a href=\"https:\/\/www.vatican.va\/content\/francesco\/pt\/messages\/poveri\/documents\/20230613-messaggio-vii-giornatamondiale-poveri-2023.html\">https:\/\/www.vatican.va\/content\/francesco\/pt\/messages\/poveri\/documents\/20230613-messaggio-vii-giornatamondiale-poveri-2023.html<\/a>, \u00faltimo acesso em 15-11-2023)<\/p>\n<p style=\"text-align: justify;\">\u00ab<em>Nunca afastes de algum pobre o teu olhar<\/em>\u00bb (<em>Tb<\/em>\u00a04, 7). Esta recomenda\u00e7\u00e3o ajuda-nos a compreender a ess\u00eancia do nosso testemunho. Deter-se no\u00a0<em>Livro de Tobite<\/em>, um texto pouco conhecido do Antigo Testamento, eloquente e cheio de sabedoria, permitir-nos-\u00e1 penetrar melhor no conte\u00fado que o autor sagrado deseja transmitir. Abre-se diante de n\u00f3s uma cena de vida familiar: um pai, Tobite, despede-se do filho, Tobias, que est\u00e1 prestes a iniciar uma longa viagem. O velho Tobite teme n\u00e3o voltar a ver o filho e, por isso, deixa-lhe o seu \u00abtestamento espiritual\u00bb. Foi deportado para N\u00ednive e agora est\u00e1 cego; \u00e9, por conseguinte, duplamente pobre, mas sempre viveu com a certeza que o pr\u00f3prio nome exprime: \u00abO Senhor foi o meu bem\u00bb. Este homem que sempre confiou no Senhor, deseja, como um bom pai, deixar ao filho n\u00e3o tanto bens materiais, mas sobretudo o testemunho do caminho que h\u00e1 de seguir na vida. Por isso diz-lhe: \u00abLembra-te sempre, filho, do Senhor, nosso Deus, em todos os teus dias, evita o pecado e observa os seus mandamentos. Pratica a justi\u00e7a em todos os dias da tua vida e n\u00e3o andes pelos caminhos da injusti\u00e7a\u00bb (<em>Tb<\/em>\u00a04, 5). (<a href=\"https:\/\/www.vatican.va\/content\/francesco\/pt\/messages\/poveri\/documents\/20230613-messaggio-vii-giornatamondiale-poveri-2023.html\">https:\/\/www.vatican.va\/content\/francesco\/pt\/messages\/poveri\/documents\/20230613-messaggio-vii-giornatamondiale-poveri-2023.html<\/a>, \u00faltimo acesso em 15-11-2023)<\/p>\n<p style=\"text-align: justify;\">A primeira Leitura \u2013 Pr 31,10-13.19-20.30-31 \u2013 mostra que pela liturgia deste trig\u00e9simo terceiro domingo do tempo comum, a liturgia traz \u00e0 tona, no fim do ano lit\u00fargico, um trecho que exalta a virtude da \u201cprud\u00eancia\u201d, da solicitude e previd\u00eancia, demonstrada por uma mulher de muito valor. Isso, porque o fim do ano lit\u00fargico, salienta a expectativa da vinda do Senhor, nos quer exortar a exercitar estas virtudes. E, de fato, a prud\u00eancia ou previd\u00eancia \u00e9 uma das virtudes mais louvadas na Sagrada Escritura. Este hino \u00e0 mulher de valor figura, pois, como conclus\u00e3o de um livro que fala diversas vezes de mulheres. O livro \u00e9 atribu\u00eddo a Salom\u00e3o, do qual se sabe que ele entendia de mulheres. No Cap\u00edtulo 31, 10-31, a figura da mulher, n\u00e3o \u00e9 mais como personifica\u00e7\u00e3o po\u00e9tica da Sabedoria, mas como uma dona de casa judia que realiza concretamente os conselhos que a Dona Sabedoria dos primeiros cap\u00edtulos d\u00e1. \u00c9 a Dona Sabedoria em forma plena. E feliz de quem a adquirir! Ela vale mais do que uma pedra de coral (linguagem utilizada pelos comerciantes judeus da \u00e9poca).<\/p>\n<p style=\"text-align: justify;\">Na segunda leitura \u2013 1 Ts 5, 1-6 \u2013 S\u00e3o Paulo vem exortar a todos os filhos da luz, que tenham uma atitude vigilante, ou seja, assim como o ladr\u00e3o entra em nossas casas e n\u00e3o sabemos a hora. Assim tamb\u00e9m ser\u00e1 a segunda vinda do Senhor. Para isso, o crist\u00e3o deve-se preparar a cada dia e a cada momento. N\u00e3o durmamos, como os outros, mas sejamos vigilantes e s\u00f3brios.<\/p>\n<p style=\"text-align: justify;\">No Evangelho \u2013 Mt 25, 14-30 \u2013 Jesus conta a par\u00e1bola dos talentos: um homem que, partindo de viagem para o estrangeiro, chamou os seus pr\u00f3prios servos e entregou-lhes os seus bens. A um deu cinco talentos, a outro dois, a outro um. A cada um, de acordo com a sua capacidade. Depois de muito tempo ele voltou e p\u00f4s-se a ajustar as contas com eles. Elogiou e recompensou os que fizeram render os talentos a eles confiados e repreendeu e castigou o que n\u00e3o fez render o \u00fanico talento recebido.<\/p>\n<p style=\"text-align: justify;\">O significado da par\u00e1bola \u00e9 claro. N\u00f3s somos os servos; os talentos s\u00e3o as condi\u00e7\u00f5es com que Deus dotou cada um de n\u00f3s (a intelig\u00eancia, a capacidade de amar, de fazer os outros felizes, os bens temporais\u2026); o tempo que dura a aus\u00eancia do patr\u00e3o \u00e9 a vida; o regresso inesperado, a morte; a presta\u00e7\u00e3o de contas, o ju\u00edzo; entrar no gozo de Senhor, o C\u00e9u. N\u00e3o somos donos, mas administradores de uns bens dos quais teremos de prestar contas.<\/p>\n<p style=\"text-align: justify;\">Na par\u00e1bola, par\u00e1bola o Senhor ensina-nos especialmente a necessidade de corresponder \u00e0 gra\u00e7a de maneira esfor\u00e7ada, exigente e constante durante toda a vida. Importa fazer render todos os dons que recebemos do Senhor. O importante n\u00e3o \u00e9 o n\u00famero, mas a generosidade para faz\u00ea-los frutificar.<\/p>\n<p style=\"text-align: justify;\">O \u00faltimo servo, revela-nos como \u00e9 que o homem se comporta quando n\u00e3o vive uma fidelidade ativa em rela\u00e7\u00e3o a Deus. Prevalecem o medo, a autoestima, a afirma\u00e7\u00e3o do ego\u00edsmo que procura justificar a sua conduta com as injustas pretens\u00f5es do seu senhor que deseja colher onde n\u00e3o semeou. \u201cServo mal e pregui\u00e7oso\u201d, \u00e9 como o Senhor o chama ao ouvir as suas desculpas. Esqueceu uma verdade essencial: que o homem foi criado para conhecer, amar e servir a Deus neste mundo e assim merecer a vida com o pr\u00f3prio Deus para sempre no C\u00e9u.<\/p>\n<p style=\"text-align: justify;\">Atrav\u00e9s desta par\u00e1bola, o Evangelista S\u00e3o Mateus nos exorta a estarmos alertas e vigilantes. N\u00e3o podemos esquecer os compromissos assumidos com o Cristo Senhor. O crist\u00e3o n\u00e3o pode deixar na gaveta os dons recebidos de Deus. No mundo, somos as testemunhas de Cristo. \u00c9 com o nosso cora\u00e7\u00e3o que Jesus continua a amar os pecadores do nosso tempo; \u00e9 com as nossas palavras que Jesus continua a consolar os que est\u00e3o tristes e desanimados; \u00e9 com os nossos bra\u00e7os abertos que Jesus continua a acolher cada irm\u00e3o que est\u00e1 sozinho e abandonado.<\/p>\n<p style=\"text-align: justify;\">Estejamos atentos e sempre vigilantes, pois, o Senhor vir\u00e1 e ele n\u00e3o tardar\u00e1. Que esta liturgia toque o nosso cora\u00e7\u00e3o para assim vivermos como verdadeiros sentinelas. Sentinelas do Senhor, com o Senhor e no Senhor.<\/p>\n<p style=\"text-align: justify;\">E, uma das maneiras mais eloquentes de vivermos a vigil\u00e2ncia no Senhor Ressuscitado \u00e9 a acolhida e o socorro dos mais pobres. Estes nos preceder\u00e3o no Reino dos C\u00e9us. Cuidemos dos pobres, os preferidos de Deus!<\/p>\n","protected":false},"excerpt":{"rendered":"<p>Temos a gra\u00e7a de celebrarmos o Trig\u00e9simo Terceiro Domingo do Tempo Comum. Este domingo \u00e9 o pen\u00faltimo deste ano lit\u00fargico. Este domingo tamb\u00e9m celebramos o Dia Mundial de Ora\u00e7\u00e3o pelos Pobres. A intitula\u00e7\u00e3o deste dia foi feita pelo Papa Francisco, pois, ele pede a todos que voltemos o nosso cora\u00e7\u00e3o e o nosso olhar aqueles [&hellip;]<\/p>\n","protected":false},"author":5,"featured_media":55819,"comment_status":"open","ping_status":"closed","sticky":false,"template":"","format":"standard","meta":{"footnotes":""},"categories":[9],"tags":[],"class_list":["post-85557","post","type-post","status-publish","format-standard","has-post-thumbnail","hentry","category-artigos"],"_links":{"self":[{"href":"https:\/\/catolicanet.net\/wp-cnet\/wp-json\/wp\/v2\/posts\/85557","targetHints":{"allow":["GET"]}}],"collection":[{"href":"https:\/\/catolicanet.net\/wp-cnet\/wp-json\/wp\/v2\/posts"}],"about":[{"href":"https:\/\/catolicanet.net\/wp-cnet\/wp-json\/wp\/v2\/types\/post"}],"author":[{"embeddable":true,"href":"https:\/\/catolicanet.net\/wp-cnet\/wp-json\/wp\/v2\/users\/5"}],"replies":[{"embeddable":true,"href":"https:\/\/catolicanet.net\/wp-cnet\/wp-json\/wp\/v2\/comments?post=85557"}],"version-history":[{"count":1,"href":"https:\/\/catolicanet.net\/wp-cnet\/wp-json\/wp\/v2\/posts\/85557\/revisions"}],"predecessor-version":[{"id":85559,"href":"https:\/\/catolicanet.net\/wp-cnet\/wp-json\/wp\/v2\/posts\/85557\/revisions\/85559"}],"wp:featuredmedia":[{"embeddable":true,"href":"https:\/\/catolicanet.net\/wp-cnet\/wp-json\/wp\/v2\/media\/55819"}],"wp:attachment":[{"href":"https:\/\/catolicanet.net\/wp-cnet\/wp-json\/wp\/v2\/media?parent=85557"}],"wp:term":[{"taxonomy":"category","embeddable":true,"href":"https:\/\/catolicanet.net\/wp-cnet\/wp-json\/wp\/v2\/categories?post=85557"},{"taxonomy":"post_tag","embeddable":true,"href":"https:\/\/catolicanet.net\/wp-cnet\/wp-json\/wp\/v2\/tags?post=85557"}],"curies":[{"name":"wp","href":"https:\/\/api.w.org\/{rel}","templated":true}]}}