{"id":85554,"date":"2023-11-19T09:01:43","date_gmt":"2023-11-19T12:01:43","guid":{"rendered":"https:\/\/catolicanet.net\/wp-cnet\/?p=85554"},"modified":"2023-11-21T13:03:08","modified_gmt":"2023-11-21T16:03:08","slug":"domingo-19-11-23","status":"publish","type":"post","link":"https:\/\/catolicanet.net\/wp-cnet\/domingo-19-11-23\/","title":{"rendered":"Domingo 19\/11\/23"},"content":{"rendered":"<p style=\"text-align: center;\"><em>S\u00e9timo Dia Mundial dos Pobres. <\/em><\/p>\n<p style=\"text-align: justify;\">O diret\u00f3rio lit\u00fargico orienta em \u201ccelebrar o dia\u201d. A Igreja, quando fala em \u201cpobres\u201d, n\u00e3o pensa, tanto, em vagabundos, pregui\u00e7osos, vadios ou indigentes.<\/p>\n<p style=\"text-align: justify;\">Pensa nos pobres, em esp\u00edrito ou de cora\u00e7\u00e3o (Mt 5, 3). Fala dos depauperados, empobrecidos e injusti\u00e7ados. Pensa na justi\u00e7a social que deve ser enfrentada para ser melhorada. Recordo que Jesus, mesmo sendo a segunda pessoa da Trindade, se fez pobre: paup\u00e9rrimo. Viveu pobre e morreu assim: injusti\u00e7ado. Ele veio ao nosso encontro. N\u00e3o viveu em pal\u00e1cios, nem foi muito ao encontro dos grandes e dos poderosos. Nem os repeliu. Veja-se para isso, a atitude que teve com Zaqueu (Lc 19, 1). Deixou, no entanto, claro que a riqueza pode tornar-se um grande obst\u00e1culo (Lc 6, 24; 16,19; 18,25).<\/p>\n<p style=\"text-align: justify;\">Deus n\u00e3o cobra pela luz do sol, pela lua, nem pelo ar que respiramos, pela \u00e1gua que ingerimos, pela terra que cultivamos. \u00c9 tudo gratuito. Nem a vida, a qual recebemos, atrav\u00e9s de nossos pais, com seus talentos, etc. Por isso, devemos refletir sobre o uso que fazemos das coisas, uma vez que n\u00e3o podemos danificar a natureza. Qual \u00e9 a consci\u00eancia que temos de tudo isso?<\/p>\n<p style=\"text-align: justify;\">N\u00e3o nos cabe, tamb\u00e9m, jogar ricos contra pobres, nem pa\u00edses subdesenvolvidos contra opulentos. Mas, porque muitos pa\u00edses lutaram tanto para chegar \u00e0 independ\u00eancia? A hist\u00f3ria nos conta, e como! Esta \u00e9 t\u00e3o diferente, a ponto da narra\u00e7\u00e3o dos vencidos ou dos vencedores tomarem caminhos distintos. E a escravid\u00e3o? Faltou e falta justi\u00e7a. Ou j\u00e1 a esquecemos?<\/p>\n","protected":false},"excerpt":{"rendered":"<p>S\u00e9timo Dia Mundial dos Pobres. O diret\u00f3rio lit\u00fargico orienta em \u201ccelebrar o dia\u201d. A Igreja, quando fala em \u201cpobres\u201d, n\u00e3o pensa, tanto, em vagabundos, pregui\u00e7osos, vadios ou indigentes. Pensa nos pobres, em esp\u00edrito ou de cora\u00e7\u00e3o (Mt 5, 3). Fala dos depauperados, empobrecidos e injusti\u00e7ados. Pensa na justi\u00e7a social que deve ser enfrentada para ser [&hellip;]<\/p>\n","protected":false},"author":119,"featured_media":77698,"comment_status":"open","ping_status":"closed","sticky":false,"template":"","format":"standard","meta":{"footnotes":""},"categories":[9],"tags":[],"class_list":["post-85554","post","type-post","status-publish","format-standard","has-post-thumbnail","hentry","category-artigos"],"_links":{"self":[{"href":"https:\/\/catolicanet.net\/wp-cnet\/wp-json\/wp\/v2\/posts\/85554","targetHints":{"allow":["GET"]}}],"collection":[{"href":"https:\/\/catolicanet.net\/wp-cnet\/wp-json\/wp\/v2\/posts"}],"about":[{"href":"https:\/\/catolicanet.net\/wp-cnet\/wp-json\/wp\/v2\/types\/post"}],"author":[{"embeddable":true,"href":"https:\/\/catolicanet.net\/wp-cnet\/wp-json\/wp\/v2\/users\/119"}],"replies":[{"embeddable":true,"href":"https:\/\/catolicanet.net\/wp-cnet\/wp-json\/wp\/v2\/comments?post=85554"}],"version-history":[{"count":1,"href":"https:\/\/catolicanet.net\/wp-cnet\/wp-json\/wp\/v2\/posts\/85554\/revisions"}],"predecessor-version":[{"id":85556,"href":"https:\/\/catolicanet.net\/wp-cnet\/wp-json\/wp\/v2\/posts\/85554\/revisions\/85556"}],"wp:featuredmedia":[{"embeddable":true,"href":"https:\/\/catolicanet.net\/wp-cnet\/wp-json\/wp\/v2\/media\/77698"}],"wp:attachment":[{"href":"https:\/\/catolicanet.net\/wp-cnet\/wp-json\/wp\/v2\/media?parent=85554"}],"wp:term":[{"taxonomy":"category","embeddable":true,"href":"https:\/\/catolicanet.net\/wp-cnet\/wp-json\/wp\/v2\/categories?post=85554"},{"taxonomy":"post_tag","embeddable":true,"href":"https:\/\/catolicanet.net\/wp-cnet\/wp-json\/wp\/v2\/tags?post=85554"}],"curies":[{"name":"wp","href":"https:\/\/api.w.org\/{rel}","templated":true}]}}