{"id":85532,"date":"2023-11-21T09:47:41","date_gmt":"2023-11-21T12:47:41","guid":{"rendered":"https:\/\/catolicanet.net\/wp-cnet\/?p=85532"},"modified":"2023-11-21T12:51:57","modified_gmt":"2023-11-21T15:51:57","slug":"apresentacao-de-maria-uma-preparacao-para-o-advento","status":"publish","type":"post","link":"https:\/\/catolicanet.net\/wp-cnet\/apresentacao-de-maria-uma-preparacao-para-o-advento\/","title":{"rendered":"Apresenta\u00e7\u00e3o de Maria: uma prepara\u00e7\u00e3o para o Advento"},"content":{"rendered":"<p style=\"text-align: justify;\"><span class=\"subtitle\">A Apresenta\u00e7\u00e3o de Maria no Templo desafia-nos a pensar no que Deus est\u00e1 preparando para n\u00f3s e a aproveitar o Advento como um grande per\u00edodo de prepara\u00e7\u00e3o espiritual<\/span><\/p>\n<p style=\"text-align: justify;\">Apresenta\u00e7\u00e3o de Maria \u00e9 celebrada pela Igreja no dia 21 de novembro, uma das \u00faltimas festas antes do in\u00edcio do tempo do Advento.<\/p>\n<p style=\"text-align: justify;\">Embora a liga\u00e7\u00e3o possa n\u00e3o parecer \u00f3bvia, o escritor do s\u00e9culo XIX Dom Prosper Gu\u00e9ranger viu na Apresenta\u00e7\u00e3o de Maria uma prepara\u00e7\u00e3o para o Advento, como ele pr\u00f3prio explicou:<\/p>\n<blockquote class=\"wp-block-quote\"><p>\u201cA Apresenta\u00e7\u00e3o de Nossa Senhora abre tamb\u00e9m novos horizontes \u00e0 Igreja. No Ciclo dos Santos, que n\u00e3o \u00e9 t\u00e3o precisamente limitado como o do Tempo, o mist\u00e9rio da perman\u00eancia de Maria no santu\u00e1rio da Antiga Alian\u00e7a \u00e9 a nossa melhor prepara\u00e7\u00e3o para o tempo do Advento que se aproxima.<\/p>\n<p>Maria, conduzida ao Templo para se preparar em retiro, na humildade e no amor para o seu destino incompar\u00e1vel, teve tamb\u00e9m a miss\u00e3o de aperfei\u00e7oar ao p\u00e9 do altar figurativo a ora\u00e7\u00e3o do g\u00eanero humano, por si s\u00f3 ineficaz para atrair o Salvador\u2026<\/p>\n<p>Ela foi, como diz S\u00e3o Bernardino de Sena, a feliz conclus\u00e3o de toda espera e s\u00faplica pela vinda do Filho de Deus; nela, como no seu ponto culminante, todos os desejos dos santos que a precederam encontraram a sua consuma\u00e7\u00e3o e o seu termo.\u201d<\/p><\/blockquote>\n<div class=\"wp-block-aleteia-heading3\" style=\"text-align: justify;\">\n<h2>Apresenta\u00e7\u00e3o de Maria<\/h2>\n<\/div>\n<div id=\"aleteia-welcome\" style=\"text-align: justify;\"><\/div>\n<p style=\"text-align: justify;\">Gu\u00e9ranger refere-se \u00e0 tradi\u00e7\u00e3o de que Maria foi apresentada no Templo por seus pais.\u00a0De acordo com\u00a0<a href=\"http:\/\/www.ewtn.com\/library\/mary\/present.htm\" target=\"_blank\" rel=\"noreferrer noopener\">o Pe.\u00a0Alban Butler<\/a>, este era um costume de alguns pais judeus da \u00e9poca: \u201cOs pais nunca deixam de orar devotamente para consagrar seus filhos ao servi\u00e7o divino e ao amor, tanto antes como depois de seu nascimento.\u00a0Alguns dentre os judeus, n\u00e3o satisfeitos com esta consagra\u00e7\u00e3o geral de seus filhos, ofereceram-nos a Deus em sua inf\u00e2ncia, pelas m\u00e3os dos sacerdotes no Templo, para serem alojados em apartamentos pertencentes ao Templo, e educados na presen\u00e7a dos sacerdotes\u2026\u201d<\/p>\n<p style=\"text-align: justify;\">Este acontecimento corresponde essencialmente ao Advento.\u00a0Consideramos a prepara\u00e7\u00e3o de Maria no Templo como um exemplo para n\u00f3s,\u00a0para usarmos o Advento como um tempo de espera paciente e de ora\u00e7\u00e3o.<\/p>\n<p style=\"text-align: justify;\">A Apresenta\u00e7\u00e3o de Maria desafia-nos a pensar no que Deus est\u00e1 preparando para n\u00f3s e a aproveitar o Advento como um per\u00edodo especial de prepara\u00e7\u00e3o espiritual.<\/p>\n","protected":false},"excerpt":{"rendered":"<p>A Apresenta\u00e7\u00e3o de Maria no Templo desafia-nos a pensar no que Deus est\u00e1 preparando para n\u00f3s e a aproveitar o Advento como um grande per\u00edodo de prepara\u00e7\u00e3o espiritual Apresenta\u00e7\u00e3o de Maria \u00e9 celebrada pela Igreja no dia 21 de novembro, uma das \u00faltimas festas antes do in\u00edcio do tempo do Advento. Embora a liga\u00e7\u00e3o possa [&hellip;]<\/p>\n","protected":false},"author":1,"featured_media":85533,"comment_status":"open","ping_status":"closed","sticky":false,"template":"","format":"standard","meta":{"footnotes":""},"categories":[4,13],"tags":[],"class_list":["post-85532","post","type-post","status-publish","format-standard","has-post-thumbnail","hentry","category-cotidiano","category-featured"],"_links":{"self":[{"href":"https:\/\/catolicanet.net\/wp-cnet\/wp-json\/wp\/v2\/posts\/85532","targetHints":{"allow":["GET"]}}],"collection":[{"href":"https:\/\/catolicanet.net\/wp-cnet\/wp-json\/wp\/v2\/posts"}],"about":[{"href":"https:\/\/catolicanet.net\/wp-cnet\/wp-json\/wp\/v2\/types\/post"}],"author":[{"embeddable":true,"href":"https:\/\/catolicanet.net\/wp-cnet\/wp-json\/wp\/v2\/users\/1"}],"replies":[{"embeddable":true,"href":"https:\/\/catolicanet.net\/wp-cnet\/wp-json\/wp\/v2\/comments?post=85532"}],"version-history":[{"count":1,"href":"https:\/\/catolicanet.net\/wp-cnet\/wp-json\/wp\/v2\/posts\/85532\/revisions"}],"predecessor-version":[{"id":85535,"href":"https:\/\/catolicanet.net\/wp-cnet\/wp-json\/wp\/v2\/posts\/85532\/revisions\/85535"}],"wp:featuredmedia":[{"embeddable":true,"href":"https:\/\/catolicanet.net\/wp-cnet\/wp-json\/wp\/v2\/media\/85533"}],"wp:attachment":[{"href":"https:\/\/catolicanet.net\/wp-cnet\/wp-json\/wp\/v2\/media?parent=85532"}],"wp:term":[{"taxonomy":"category","embeddable":true,"href":"https:\/\/catolicanet.net\/wp-cnet\/wp-json\/wp\/v2\/categories?post=85532"},{"taxonomy":"post_tag","embeddable":true,"href":"https:\/\/catolicanet.net\/wp-cnet\/wp-json\/wp\/v2\/tags?post=85532"}],"curies":[{"name":"wp","href":"https:\/\/api.w.org\/{rel}","templated":true}]}}