{"id":85528,"date":"2023-11-21T08:46:32","date_gmt":"2023-11-21T11:46:32","guid":{"rendered":"https:\/\/catolicanet.net\/wp-cnet\/?p=85528"},"modified":"2023-11-21T12:47:23","modified_gmt":"2023-11-21T15:47:23","slug":"cnlb-divulga-subsidio-com-roteiros-para-reunioes-e-celebracoes","status":"publish","type":"post","link":"https:\/\/catolicanet.net\/wp-cnet\/cnlb-divulga-subsidio-com-roteiros-para-reunioes-e-celebracoes\/","title":{"rendered":"CNLB DIVULGA SUBS\u00cdDIO COM ROTEIROS PARA REUNI\u00d5ES E CELEBRA\u00c7\u00d5ES"},"content":{"rendered":"<p style=\"text-align: justify;\">No pr\u00f3ximo dia 26 de novembro \u00e9 Conselho Nacional do Laicato do Brasil (CNLB) elaborou um subs\u00eddio para reflex\u00e3o com destaque para: Chamados a assumir nossa voca\u00e7\u00e3o como gra\u00e7a e miss\u00e3o; Os crist\u00e3os leigos e leigas n\u00e3o s\u00e3o h\u00f3spedes, est\u00e3o em sua casa; Necessidade de superar o clericalismo; Nunca afaste de algum pobre o teu olhar. O material conta com\u00a0tr\u00eas encontros que nos ajudam a refletir nossa voca\u00e7\u00e3o e miss\u00e3o como sujeitos<br \/>\neclesiais na Igreja Povo de Deus.<\/p>\n<p style=\"text-align: justify;\">No material, tamb\u00e9m h\u00e1 roteiros de encontros para aprofundar a reflex\u00e3o: Anunciar a Boa Nova do Reino; Denunciar tudo que amea\u00e7a e fere a vida; Esperan\u00e7ar. A crist\u00e3 leiga Camila Santos da Rede Nacional de Grupos Cat\u00f3licos LGBT, entidade filiada ao CNLB, ressalta a import\u00e2ncia de refletirmos e celebrarmos o Dia Nacional dos Crist\u00e3os Leigos e Leigas<\/p>\n<p style=\"text-align: justify;\"><strong>Acesse aqui:<\/strong><\/p>\n<p style=\"text-align: justify;\"><a href=\"https:\/\/www.cnbb.org.br\/wp-content\/uploads\/2023\/11\/Texto-Base-Dia-do-Leigo-celebracoes-e-texto-base.pdf\">Texto Base \u2013 Dia do Leigo celebra\u00e7\u00f5es e texto base<\/a><\/p>\n","protected":false},"excerpt":{"rendered":"<p>No pr\u00f3ximo dia 26 de novembro \u00e9 Conselho Nacional do Laicato do Brasil (CNLB) elaborou um subs\u00eddio para reflex\u00e3o com destaque para: Chamados a assumir nossa voca\u00e7\u00e3o como gra\u00e7a e miss\u00e3o; Os crist\u00e3os leigos e leigas n\u00e3o s\u00e3o h\u00f3spedes, est\u00e3o em sua casa; Necessidade de superar o clericalismo; Nunca afaste de algum pobre o teu [&hellip;]<\/p>\n","protected":false},"author":1,"featured_media":85529,"comment_status":"open","ping_status":"closed","sticky":false,"template":"","format":"standard","meta":{"footnotes":""},"categories":[7],"tags":[],"class_list":["post-85528","post","type-post","status-publish","format-standard","has-post-thumbnail","hentry","category-cnbb"],"_links":{"self":[{"href":"https:\/\/catolicanet.net\/wp-cnet\/wp-json\/wp\/v2\/posts\/85528","targetHints":{"allow":["GET"]}}],"collection":[{"href":"https:\/\/catolicanet.net\/wp-cnet\/wp-json\/wp\/v2\/posts"}],"about":[{"href":"https:\/\/catolicanet.net\/wp-cnet\/wp-json\/wp\/v2\/types\/post"}],"author":[{"embeddable":true,"href":"https:\/\/catolicanet.net\/wp-cnet\/wp-json\/wp\/v2\/users\/1"}],"replies":[{"embeddable":true,"href":"https:\/\/catolicanet.net\/wp-cnet\/wp-json\/wp\/v2\/comments?post=85528"}],"version-history":[{"count":1,"href":"https:\/\/catolicanet.net\/wp-cnet\/wp-json\/wp\/v2\/posts\/85528\/revisions"}],"predecessor-version":[{"id":85531,"href":"https:\/\/catolicanet.net\/wp-cnet\/wp-json\/wp\/v2\/posts\/85528\/revisions\/85531"}],"wp:featuredmedia":[{"embeddable":true,"href":"https:\/\/catolicanet.net\/wp-cnet\/wp-json\/wp\/v2\/media\/85529"}],"wp:attachment":[{"href":"https:\/\/catolicanet.net\/wp-cnet\/wp-json\/wp\/v2\/media?parent=85528"}],"wp:term":[{"taxonomy":"category","embeddable":true,"href":"https:\/\/catolicanet.net\/wp-cnet\/wp-json\/wp\/v2\/categories?post=85528"},{"taxonomy":"post_tag","embeddable":true,"href":"https:\/\/catolicanet.net\/wp-cnet\/wp-json\/wp\/v2\/tags?post=85528"}],"curies":[{"name":"wp","href":"https:\/\/api.w.org\/{rel}","templated":true}]}}