{"id":85520,"date":"2023-11-21T09:43:31","date_gmt":"2023-11-21T12:43:31","guid":{"rendered":"https:\/\/catolicanet.net\/wp-cnet\/?p=85520"},"modified":"2023-11-21T12:44:40","modified_gmt":"2023-11-21T15:44:40","slug":"cf-2024-live-dessa-quarta-feira-22-apresenta-o-subsidio-sobre-retiro-popular-quaresmal","status":"publish","type":"post","link":"https:\/\/catolicanet.net\/wp-cnet\/cf-2024-live-dessa-quarta-feira-22-apresenta-o-subsidio-sobre-retiro-popular-quaresmal\/","title":{"rendered":"CF 2024: LIVE DESSA QUARTA-FEIRA, 22, APRESENTA O SUBS\u00cdDIO SOBRE \u201cRETIRO POPULAR QUARESMAL\u201d"},"content":{"rendered":"<p style=\"text-align: justify;\">O quarto encontro da s\u00e9rie de lives sobre os materiais da Campanha da Fraternidade 2024 apresenta o subs\u00eddio\u00a0<a href=\"https:\/\/edicoescnbb.commercesuite.com.br\/cf-2024-retiro-popular-quaresmal\" target=\"_blank\" rel=\"noopener\">\u201cRetiro Popular Quaresmal\u201d<\/a>, material que conta com sugest\u00f5es de ora\u00e7\u00f5es e a\u00e7\u00f5es pessoais di\u00e1rias, bem como encontros comunit\u00e1rios semanais de ora\u00e7\u00e3o e reflex\u00e3o, com medita\u00e7\u00f5es guiadas pelo tema e lema da CF: \u201cFraternidade e amizade social\u201d e \u201cV\u00f3s sois todos irm\u00e3os e irm\u00e3s\u201d (cf. Mt 23,8).<\/p>\n<p style=\"text-align: justify;\">Participa da live o\u00a0assessor do Setor de Campanhas da CNBB, padre Jean Poul Hansen.\u00a0O social media da CNBB, Paulo Augusto Cruz, conduz a live, transmitida pelo canal da CNBB no\u00a0<a title=\"\" href=\"http:\/\/youtube.com\/cnbbnacional\" target=\"_blank\" rel=\"noopener\" data-rel=\"lightbox-video-0\">Youtube<\/a>, \u00e0s 10h, na quarta-feira, 22 de novembro. As lives sobre a CF 2024 s\u00e3o momentos para apresentar aos padres, religiosos e fi\u00e9is da Igreja no Brasil o\u00a0<a href=\"https:\/\/www.cnbb.org.br\/edicoes-cnbb-materiais-campanha-da-fraternidade-2024-amizade-social\/\">conjunto de materiais oferecidos pela Edi\u00e7\u00f5es CNBB para a Quaresma.<\/a><\/p>\n<p style=\"text-align: justify;\">Assista a live:<\/p>\n<div class=\"ast-oembed-container\" style=\"text-align: justify;\"><iframe loading=\"lazy\" title=\"#LivesCF2024 | Subs\u00eddio Retiro Popular Quaresmal\" src=\"https:\/\/www.youtube.com\/embed\/Wp-CpQwx6bw?feature=oembed\" width=\"1200\" height=\"675\" frameborder=\"0\" allowfullscreen=\"allowfullscreen\" data-mce-fragment=\"1\"><\/iframe><\/div>\n<p style=\"text-align: justify;\">\n<blockquote><p>\u201cA CF produz dezenas de subs\u00eddios para dinamizar a viv\u00eancia quaresmal \u00e0 luz da Campanha da Fraternidade. Muitos desses subs\u00eddios s\u00e3o desconhecidos, por isso essas lives visam dar a conhecer esse material de alt\u00edssima qualidade e orientar a sua utiliza\u00e7\u00e3o\u201d, explicou o secret\u00e1rio executivo de Campanhas da CNBB, padre Jean Poul Hansen.<\/p><\/blockquote>\n<p style=\"text-align: justify;\">No pr\u00f3ximo ano, ser\u00e3o celebrados os 60 anos da Campanha da Fraternidade, iniciativa que ilumina a viv\u00eancia da Quaresma no Brasil, \u00e0 luz da caridade crist\u00e3. O tema escolhido pelos bispos \u00e9 \u201cFraternidade e Amizade Social\u201d e o lema \u201cV\u00f3s sois todos irm\u00e3os e irm\u00e3s\u201d (Mt 23, 8).<\/p>\n","protected":false},"excerpt":{"rendered":"<p>O quarto encontro da s\u00e9rie de lives sobre os materiais da Campanha da Fraternidade 2024 apresenta o subs\u00eddio\u00a0\u201cRetiro Popular Quaresmal\u201d, material que conta com sugest\u00f5es de ora\u00e7\u00f5es e a\u00e7\u00f5es pessoais di\u00e1rias, bem como encontros comunit\u00e1rios semanais de ora\u00e7\u00e3o e reflex\u00e3o, com medita\u00e7\u00f5es guiadas pelo tema e lema da CF: \u201cFraternidade e amizade social\u201d e \u201cV\u00f3s [&hellip;]<\/p>\n","protected":false},"author":1,"featured_media":85521,"comment_status":"open","ping_status":"closed","sticky":false,"template":"","format":"standard","meta":{"footnotes":""},"categories":[7,13],"tags":[],"class_list":["post-85520","post","type-post","status-publish","format-standard","has-post-thumbnail","hentry","category-cnbb","category-featured"],"_links":{"self":[{"href":"https:\/\/catolicanet.net\/wp-cnet\/wp-json\/wp\/v2\/posts\/85520","targetHints":{"allow":["GET"]}}],"collection":[{"href":"https:\/\/catolicanet.net\/wp-cnet\/wp-json\/wp\/v2\/posts"}],"about":[{"href":"https:\/\/catolicanet.net\/wp-cnet\/wp-json\/wp\/v2\/types\/post"}],"author":[{"embeddable":true,"href":"https:\/\/catolicanet.net\/wp-cnet\/wp-json\/wp\/v2\/users\/1"}],"replies":[{"embeddable":true,"href":"https:\/\/catolicanet.net\/wp-cnet\/wp-json\/wp\/v2\/comments?post=85520"}],"version-history":[{"count":1,"href":"https:\/\/catolicanet.net\/wp-cnet\/wp-json\/wp\/v2\/posts\/85520\/revisions"}],"predecessor-version":[{"id":85523,"href":"https:\/\/catolicanet.net\/wp-cnet\/wp-json\/wp\/v2\/posts\/85520\/revisions\/85523"}],"wp:featuredmedia":[{"embeddable":true,"href":"https:\/\/catolicanet.net\/wp-cnet\/wp-json\/wp\/v2\/media\/85521"}],"wp:attachment":[{"href":"https:\/\/catolicanet.net\/wp-cnet\/wp-json\/wp\/v2\/media?parent=85520"}],"wp:term":[{"taxonomy":"category","embeddable":true,"href":"https:\/\/catolicanet.net\/wp-cnet\/wp-json\/wp\/v2\/categories?post=85520"},{"taxonomy":"post_tag","embeddable":true,"href":"https:\/\/catolicanet.net\/wp-cnet\/wp-json\/wp\/v2\/tags?post=85520"}],"curies":[{"name":"wp","href":"https:\/\/api.w.org\/{rel}","templated":true}]}}