{"id":85516,"date":"2023-11-21T09:40:03","date_gmt":"2023-11-21T12:40:03","guid":{"rendered":"https:\/\/catolicanet.net\/wp-cnet\/?p=85516"},"modified":"2023-11-21T12:42:21","modified_gmt":"2023-11-21T15:42:21","slug":"o-papa-nenhuma-guerra-vale-as-lagrimas-das-criancas","status":"publish","type":"post","link":"https:\/\/catolicanet.net\/wp-cnet\/o-papa-nenhuma-guerra-vale-as-lagrimas-das-criancas\/","title":{"rendered":"O Papa: &#8220;Nenhuma guerra vale as l\u00e1grimas das crian\u00e7as&#8221;"},"content":{"rendered":"<div class=\"mediaContent__inner \">\n<figure class=\"article__image\"><span class=\"didascalia_img\">Uma crian\u00e7a em l\u00e1grimas em Gaza<\/span><\/figure>\n<\/div>\n<article class=\"article \">\n<div class=\"article__meta audioInside\" data-mediatype=\"foto\">\n<div class=\"article__subTitle\" style=\"text-align: justify;\">Postagem de Francisco no X no Dia Mundial dos Direitos da Crian\u00e7a, institu\u00eddo no dia da aprova\u00e7\u00e3o, em 1989, da Conven\u00e7\u00e3o da ONU sobre os Direitos da Inf\u00e2ncia da Adolesc\u00eancia: &#8220;Quantas crian\u00e7as privadas do direito fundamental \u00e0 vida e \u00e0 integridade f\u00edsica e mental, por causa dos conflitos?&#8221;, pergunta o Pont\u00edfice, &#8220;quantas crian\u00e7as s\u00e3o for\u00e7adas a participar ou testemunhar combates?&#8221;<\/div>\n<div class=\"title__separator\" style=\"text-align: justify;\"><\/div>\n<div class=\"article__text\" style=\"text-align: justify;\">\n<p><b>Salvatore Cernuzio \u2013 Vatican News<\/b><\/p>\n<div>\n<div class=\"article__embed article__embed--unwrap article__embed--dark\">\n<div class=\"article__innerTitle\">Ou\u00e7a e compartilhe<\/div>\n<div>\n<!--[if lt IE 9]><script>document.createElement('audio');<\/script><![endif]-->\n<audio class=\"wp-audio-shortcode\" id=\"audio-85516-1\" preload=\"none\" style=\"width: 100%;\" controls=\"controls\"><source type=\"audio\/mpeg\" src=\"https:\/\/media.vaticannews.va\/media\/audio\/s1\/2023\/11\/20\/18\/137477979_F137477979.mp3?_=1\" \/><a href=\"https:\/\/media.vaticannews.va\/media\/audio\/s1\/2023\/11\/20\/18\/137477979_F137477979.mp3\">https:\/\/media.vaticannews.va\/media\/audio\/s1\/2023\/11\/20\/18\/137477979_F137477979.mp3<\/a><\/audio>\n<\/div>\n<\/div>\n<\/div>\n<div>\n<div class=\"article__embed article__embed--border embed_style\">\n<blockquote><p>\u201cNenhuma guerra vale as l\u00e1grimas das crian\u00e7as\u201d<\/p><\/blockquote>\n<\/div>\n<\/div>\n<p>As imagens divulgadas pela m\u00eddia em Gaza nestas horas mostram fotogramas no limite da suporta\u00e7\u00e3o. Crian\u00e7as, mesmo as muito pequenas, cujas l\u00e1grimas sulcam seus rostos acizentados pela fuma\u00e7a ou sujos pela poeira dos pr\u00e9dios que desabaram sob as bombas. Crian\u00e7as nos bra\u00e7os de pais e parentes com a boca aberta, gritando de dor por uma perda. De um familiar ou de um membro. Al\u00e9m dessas, fotografias de menores desesperados em frente aos caix\u00f5es de seus pais na Ucr\u00e2nia ou de meninos na \u00c1frica com menos de 10 anos de idade segurando um Kalashnikov, sentados em um tanque, j\u00e1 treinados para os conflitos. Crian\u00e7as mortas (como os sete beb\u00eas prematuros que morreram em incubadoras no hospital de Gaza), crian\u00e7as feridas, crian\u00e7as migrantes, crian\u00e7as-soldados, crian\u00e7as exploradas: \u00e9 toler\u00e1vel tudo isso? Quanto tempo mais deve durar o sofrimento dos pequeninos? Aquele sofrimento diante do qual o Papa disse mais de uma vez que n\u00e3o h\u00e1 resposta, apenas l\u00e1grimas.<\/p>\n<div>\n<div class=\"article__embed article__embed--unwrap article__embed--photo\">\n<figure><picture><img decoding=\"async\" class=\"loaded\" src=\"https:\/\/www.vaticannews.va\/content\/dam\/vaticannews\/agenzie\/images\/ansa\/2022\/03\/14\/12\/1647255823330.jpg\/_jcr_content\/renditions\/cq5dam.thumbnail.cropped.750.422.jpeg\" alt=\"Uma crian\u00e7a ucraniana\" data-original=\"\/content\/dam\/vaticannews\/agenzie\/images\/ansa\/2022\/03\/14\/12\/1647255823330.jpg\/_jcr_content\/renditions\/cq5dam.thumbnail.cropped.750.422.jpeg\" data-was-processed=\"true\" \/><\/picture><\/figure>\n<div class=\"photo_embed--Title\">Uma crian\u00e7a ucraniana<\/div>\n<\/div>\n<\/div>\n<h2>O apelo do Papa<\/h2>\n<p>E \u00e9 justamente o Papa que mais uma vez chama a aten\u00e7\u00e3o para os menores nesta ocasi\u00e3o que relembra seus direitos inalien\u00e1veis, o Dia Mundial dos Direitos da Crian\u00e7a, institu\u00eddo no dia em que se comemora o anivers\u00e1rio da aprova\u00e7\u00e3o, em 1989, pela Assembleia das Na\u00e7\u00f5es Unidas, da Conven\u00e7\u00e3o da ONU sobre os Direitos da Inf\u00e2ncia e do Adolescente. Talvez o tratado sobre os direitos humanos mais ratificado do mundo.<\/p>\n<p>Enquanto ocorrem as iniciativas da campanha Crian\u00e7as em meio a guerras e emerg\u00eancias esquecidas, do Unicef, que quer lembrar as muitas crian\u00e7as no mundo que vivem em contextos de emerg\u00eancia, com foco especial em seis pa\u00edses afetados pela viol\u00eancia, Francisco marca presen\u00e7a no X (antigo Twitter) e, por meio da conta em nove idiomas e com milh\u00f5es de seguidores @Pontifex, divulga sua mensagem que tem o prop\u00f3sito de um alerta e a forma de uma pergunta &#8211; ou melhor, duas &#8211; como pontos para a reflex\u00e3o.<\/p>\n<p><i>&#8220;Quantas crian\u00e7as s\u00e3o privadas do direito fundamental \u00e0 vida e \u00e0 integridade f\u00edsica e mental por causa de conflitos? Quantas crian\u00e7as s\u00e3o for\u00e7adas a participar ou testemunhar combates e a ter que carregar suas cicatrizes? Nenhuma guerra vale as l\u00e1grimas das crian\u00e7as&#8221;.<\/i><\/p>\n<div>\n<div class=\"article__embed article__embed--unwrap article__embed--photo\">\n<figure><picture><img decoding=\"async\" class=\"loaded\" src=\"https:\/\/www.vaticannews.va\/content\/dam\/vaticannews\/multimedia\/2022\/02\/12\/IMG-20220212-WA0020aem.jpg\/_jcr_content\/renditions\/cq5dam.thumbnail.cropped.750.422.jpeg\" alt=\"Menino-soldado\" data-original=\"\/content\/dam\/vaticannews\/multimedia\/2022\/02\/12\/IMG-20220212-WA0020aem.jpg\/_jcr_content\/renditions\/cq5dam.thumbnail.cropped.750.422.jpeg\" data-was-processed=\"true\" \/><\/picture><\/figure>\n<div class=\"photo_embed--Title\">\u00a0 \u00a0 \u00a0 \u00a0 \u00a0 \u00a0 \u00a0 \u00a0 \u00a0 \u00a0 \u00a0 \u00a0 \u00a0 \u00a0 \u00a0 \u00a0 \u00a0 \u00a0 \u00a0 \u00a0 \u00a0 \u00a0 \u00a0 \u00a0 \u00a0 \u00a0 \u00a0 \u00a0 \u00a0Menino-soldado<\/div>\n<\/div>\n<\/div>\n<p>Uma frase que, idealmente, d\u00e1 continuidade ao apelo lan\u00e7ado h\u00e1 exatamente dez dias, em 10 de novembro, pelo pr\u00f3prio Pont\u00edfice na mensagem enviada aos participantes do VI F\u00f3rum de Paris sobre a Paz. &#8220;Nenhuma guerra vale as l\u00e1grimas de uma m\u00e3e que v\u00ea seu filho mutilado ou morto&#8221;, denunciou Francisco. E acrescentou: &#8220;Nenhuma guerra vale a perda da vida de sequer uma pessoa humana, que \u00e9 um ser sagrado, criado \u00e0 imagem e semelhan\u00e7a do Criador; nenhuma guerra vale o envenenamento de nossa casa comum; nenhuma guerra vale o desespero daqueles que s\u00e3o for\u00e7ados a deixar sua p\u00e1tria e s\u00e3o privados, de um momento para o outro, de seus lares e de todos os la\u00e7os familiares, de amizade, sociais e culturais que constru\u00edram, \u00e0s vezes por gera\u00e7\u00f5es&#8221;.<\/p>\n<p>Nenhuma guerra &#8211; &#8220;sempre, sempre uma derrota para a humanidade&#8221;, como o Papa reiterou no Angelus deste domingo &#8211; vale a pena ver essas imagens. Um soco no est\u00f4mago; um pecado pelo qual, como j\u00e1 disse o Papa durante as celebra\u00e7\u00f5es na Casa Santa Marta nos primeiros anos de seu pontificado, &#8220;Deus nos pedir\u00e1 contas&#8221;.<\/p>\n<\/div>\n<div id=\"banner-donazioni\" class=\"article_banner\" style=\"text-align: justify;\"><\/div>\n<\/div>\n<\/article>\n","protected":false},"excerpt":{"rendered":"<p>Uma crian\u00e7a em l\u00e1grimas em Gaza Postagem de Francisco no X no Dia Mundial dos Direitos da Crian\u00e7a, institu\u00eddo no dia da aprova\u00e7\u00e3o, em 1989, da Conven\u00e7\u00e3o da ONU sobre os Direitos da Inf\u00e2ncia da Adolesc\u00eancia: &#8220;Quantas crian\u00e7as privadas do direito fundamental \u00e0 vida e \u00e0 integridade f\u00edsica e mental, por causa dos conflitos?&#8221;, pergunta [&hellip;]<\/p>\n","protected":false},"author":1,"featured_media":85517,"comment_status":"open","ping_status":"closed","sticky":false,"template":"","format":"standard","meta":{"footnotes":""},"categories":[3],"tags":[],"class_list":["post-85516","post","type-post","status-publish","format-standard","has-post-thumbnail","hentry","category-vaticano"],"_links":{"self":[{"href":"https:\/\/catolicanet.net\/wp-cnet\/wp-json\/wp\/v2\/posts\/85516","targetHints":{"allow":["GET"]}}],"collection":[{"href":"https:\/\/catolicanet.net\/wp-cnet\/wp-json\/wp\/v2\/posts"}],"about":[{"href":"https:\/\/catolicanet.net\/wp-cnet\/wp-json\/wp\/v2\/types\/post"}],"author":[{"embeddable":true,"href":"https:\/\/catolicanet.net\/wp-cnet\/wp-json\/wp\/v2\/users\/1"}],"replies":[{"embeddable":true,"href":"https:\/\/catolicanet.net\/wp-cnet\/wp-json\/wp\/v2\/comments?post=85516"}],"version-history":[{"count":1,"href":"https:\/\/catolicanet.net\/wp-cnet\/wp-json\/wp\/v2\/posts\/85516\/revisions"}],"predecessor-version":[{"id":85519,"href":"https:\/\/catolicanet.net\/wp-cnet\/wp-json\/wp\/v2\/posts\/85516\/revisions\/85519"}],"wp:featuredmedia":[{"embeddable":true,"href":"https:\/\/catolicanet.net\/wp-cnet\/wp-json\/wp\/v2\/media\/85517"}],"wp:attachment":[{"href":"https:\/\/catolicanet.net\/wp-cnet\/wp-json\/wp\/v2\/media?parent=85516"}],"wp:term":[{"taxonomy":"category","embeddable":true,"href":"https:\/\/catolicanet.net\/wp-cnet\/wp-json\/wp\/v2\/categories?post=85516"},{"taxonomy":"post_tag","embeddable":true,"href":"https:\/\/catolicanet.net\/wp-cnet\/wp-json\/wp\/v2\/tags?post=85516"}],"curies":[{"name":"wp","href":"https:\/\/api.w.org\/{rel}","templated":true}]}}