{"id":85495,"date":"2023-11-17T10:37:33","date_gmt":"2023-11-17T13:37:33","guid":{"rendered":"https:\/\/catolicanet.net\/wp-cnet\/?p=85495"},"modified":"2023-11-17T10:37:33","modified_gmt":"2023-11-17T13:37:33","slug":"uma-prancha-de-surf-na-igreja","status":"publish","type":"post","link":"https:\/\/catolicanet.net\/wp-cnet\/uma-prancha-de-surf-na-igreja\/","title":{"rendered":"Uma prancha de surf na igreja?"},"content":{"rendered":"<p style=\"text-align: justify;\"><span class=\"subtitle\">A proposta foi bem recebida pelos fi\u00e9is de uma regi\u00e3o conhecida por suas praias perfeitas para a pr\u00e1tica de surf<\/span><\/p>\n<p style=\"text-align: justify;\">Este, definitivamente, n\u00e3o \u00e9 um objeto que os fi\u00e9is est\u00e3o acostumados a ver numa igreja.\u00a0Na praia sim, mas numa igreja? In\u00e9dito, n\u00e9?<\/p>\n<p style=\"text-align: justify;\">O fato \u00e9 que no domingo, 12 de novembro de 2023, uma prancha de surf pintada com o rosto de Cristo e inspirada no\u00a0<a title=\"\" href=\"https:\/\/pt.aleteia.org\/2015\/06\/21\/quem-e-o-homem-do-sudario\/\" target=\"_blank\" rel=\"noopener\">Santo Sud\u00e1rio de Turim<\/a>\u00a0foi inaugurada durante a missa na Igreja da Trindade, em Hossegor \u2013 cidade da costa sudoeste da Fran\u00e7a e amplamente conhecida pelas praias perfeitas para a pr\u00e1tica do surf.<\/p>\n<p style=\"text-align: justify;\">A ideia foi do Padre Jean-Bernard Labeyrie, p\u00e1roco de Hossegor, que quis fazer a liga\u00e7\u00e3o entre a Igreja e a vida na regi\u00e3o, onde o surf tem um lugar preponderante.\u00a0A obra foi criada por Christophe Mabillon, pintor, surfista e cat\u00f3lico, que ficou imediatamente entusiasmado com este projeto.<\/p>\n<p style=\"text-align: justify;\">A iniciativa de colocar a prancha de surf com a pintura de Jesus foi bem recebida pelos fi\u00e9is da par\u00f3quia.\u00a0Resta saber se a Igreja da Trindade se tornar\u00e1 agora a de todos os surfistas da costa de Landes\u2026<\/p>\n<div class=\"block-image-copyrigth-wrap\">\n<figure class=\"wp-block-image size-large\"><img loading=\"lazy\" decoding=\"async\" class=\"wp-image-515187\" src=\"https:\/\/wp.pt.aleteia.org\/wp-content\/uploads\/sites\/5\/2023\/11\/surf-church-france-hossegor-Jeff-Ruiz.jpg?w=1024\" sizes=\"auto, (max-width: 1200px) 100vw, 1200px\" srcset=\"https:\/\/wp.pt.aleteia.org\/wp-content\/uploads\/sites\/5\/2023\/11\/surf-church-france-hossegor-Jeff-Ruiz.jpg 1200w, https:\/\/wp.pt.aleteia.org\/wp-content\/uploads\/sites\/5\/2023\/11\/surf-church-france-hossegor-Jeff-Ruiz.jpg?resize=150,98 150w, https:\/\/wp.pt.aleteia.org\/wp-content\/uploads\/sites\/5\/2023\/11\/surf-church-france-hossegor-Jeff-Ruiz.jpg?resize=300,196 300w, https:\/\/wp.pt.aleteia.org\/wp-content\/uploads\/sites\/5\/2023\/11\/surf-church-france-hossegor-Jeff-Ruiz.jpg?resize=768,502 768w, https:\/\/wp.pt.aleteia.org\/wp-content\/uploads\/sites\/5\/2023\/11\/surf-church-france-hossegor-Jeff-Ruiz.jpg?resize=1024,669 1024w, https:\/\/wp.pt.aleteia.org\/wp-content\/uploads\/sites\/5\/2023\/11\/surf-church-france-hossegor-Jeff-Ruiz.jpg?resize=620,405 620w, https:\/\/wp.pt.aleteia.org\/wp-content\/uploads\/sites\/5\/2023\/11\/surf-church-france-hossegor-Jeff-Ruiz.jpg?resize=1140,745 1140w, https:\/\/wp.pt.aleteia.org\/wp-content\/uploads\/sites\/5\/2023\/11\/surf-church-france-hossegor-Jeff-Ruiz.jpg?resize=375,245 375w, https:\/\/wp.pt.aleteia.org\/wp-content\/uploads\/sites\/5\/2023\/11\/surf-church-france-hossegor-Jeff-Ruiz.jpg?resize=630,412 630w\" alt=\"planche de surf Hossegor\" width=\"1200\" height=\"784\" \/><\/figure>\n<div class=\"copyright-text\" style=\"text-align: center;\">\u00a9 Jeff Ruiz<\/div>\n<\/div>\n","protected":false},"excerpt":{"rendered":"<p>A proposta foi bem recebida pelos fi\u00e9is de uma regi\u00e3o conhecida por suas praias perfeitas para a pr\u00e1tica de surf Este, definitivamente, n\u00e3o \u00e9 um objeto que os fi\u00e9is est\u00e3o acostumados a ver numa igreja.\u00a0Na praia sim, mas numa igreja? In\u00e9dito, n\u00e9? O fato \u00e9 que no domingo, 12 de novembro de 2023, uma prancha [&hellip;]<\/p>\n","protected":false},"author":1,"featured_media":85496,"comment_status":"open","ping_status":"closed","sticky":false,"template":"","format":"standard","meta":{"footnotes":""},"categories":[4],"tags":[],"class_list":["post-85495","post","type-post","status-publish","format-standard","has-post-thumbnail","hentry","category-cotidiano"],"_links":{"self":[{"href":"https:\/\/catolicanet.net\/wp-cnet\/wp-json\/wp\/v2\/posts\/85495","targetHints":{"allow":["GET"]}}],"collection":[{"href":"https:\/\/catolicanet.net\/wp-cnet\/wp-json\/wp\/v2\/posts"}],"about":[{"href":"https:\/\/catolicanet.net\/wp-cnet\/wp-json\/wp\/v2\/types\/post"}],"author":[{"embeddable":true,"href":"https:\/\/catolicanet.net\/wp-cnet\/wp-json\/wp\/v2\/users\/1"}],"replies":[{"embeddable":true,"href":"https:\/\/catolicanet.net\/wp-cnet\/wp-json\/wp\/v2\/comments?post=85495"}],"version-history":[{"count":1,"href":"https:\/\/catolicanet.net\/wp-cnet\/wp-json\/wp\/v2\/posts\/85495\/revisions"}],"predecessor-version":[{"id":85498,"href":"https:\/\/catolicanet.net\/wp-cnet\/wp-json\/wp\/v2\/posts\/85495\/revisions\/85498"}],"wp:featuredmedia":[{"embeddable":true,"href":"https:\/\/catolicanet.net\/wp-cnet\/wp-json\/wp\/v2\/media\/85496"}],"wp:attachment":[{"href":"https:\/\/catolicanet.net\/wp-cnet\/wp-json\/wp\/v2\/media?parent=85495"}],"wp:term":[{"taxonomy":"category","embeddable":true,"href":"https:\/\/catolicanet.net\/wp-cnet\/wp-json\/wp\/v2\/categories?post=85495"},{"taxonomy":"post_tag","embeddable":true,"href":"https:\/\/catolicanet.net\/wp-cnet\/wp-json\/wp\/v2\/tags?post=85495"}],"curies":[{"name":"wp","href":"https:\/\/api.w.org\/{rel}","templated":true}]}}