{"id":85491,"date":"2023-11-17T10:34:47","date_gmt":"2023-11-17T13:34:47","guid":{"rendered":"https:\/\/catolicanet.net\/wp-cnet\/?p=85491"},"modified":"2023-11-17T10:34:47","modified_gmt":"2023-11-17T13:34:47","slug":"como-santa-teresinha-pode-inspirar-nossas-acoes-no-dia-a-dia","status":"publish","type":"post","link":"https:\/\/catolicanet.net\/wp-cnet\/como-santa-teresinha-pode-inspirar-nossas-acoes-no-dia-a-dia\/","title":{"rendered":"Como Santa Teresinha pode inspirar nossas a\u00e7\u00f5es no dia a dia"},"content":{"rendered":"<p style=\"text-align: justify;\"><span class=\"subtitle\">Pessoas chatas em nosso caminho? Sempre teremos. Dificuldades, d\u00favidas, tribula\u00e7\u00f5es? Tamb\u00e9m. Mas o exemplo de Santa Teresinha \u00e9 t\u00e3o claro que ela se tornou doutora da Igreja<\/span><\/p>\n<p style=\"text-align: justify;\">Se f\u00f4ssemos capazes de resumir a vida e espiritualidade de Santa Teresinha do Menino Jesus e da Sagrada Face, certamente dir\u00edamos que ela foi a santa da pequena via, al\u00e9m de viver a inf\u00e2ncia espiritual.<\/p>\n<p style=\"text-align: justify;\">Mas, o que significa exatamente isto?<\/p>\n<p style=\"text-align: justify;\">A curta vida desta pequena santa que viveu no Carmelo dos 15 aos 24 anos fez dela a padroeira dos mission\u00e1rios. Parece contradit\u00f3rio, mas n\u00e3o \u00e9. Seu exemplo de vida se deu, sobretudo, no servi\u00e7o, na ajudar a todos, sem exce\u00e7\u00e3o, em obedi\u00eancia \u00e0quilo que S\u00e3o Paulo exortou:\u00a0<em>\u201cSuportai-vos uns aos outros e perdoai-vos mutuamente, toda vez que tiverdes queixa contra outrem. Como o Senhor vos perdoou, assim perdoai tamb\u00e9m v\u00f3s\u201d<\/em>\u00a0(Col 3,13). Sabe-se que ela sofreu algumas penas no Carmelo. H\u00e1, por exemplo, a hist\u00f3ria da irm\u00e3 chata, retratada em\u00a0<strong>Hist\u00f3ria de uma alma<\/strong>, autobiografia da Pequena de Lisieux.<\/p>\n<p style=\"text-align: justify;\">Havia uma Irm\u00e3 no Carmelo que era muito chata. Chata mesmo. Na capela, ficava batendo o ter\u00e7o no banco para irritar as colegas com o barulho. Teresinha sentia dificuldade at\u00e9 em olhar para o rosto dessa Irm\u00e3, mas procurava disfar\u00e7ar. Quando a via no corredor, sua vontade era de entrar numa sala, evitando o encontro. Mas se dominava, olhava para ela e sorria. Na lavanderia, aquela Irm\u00e3 era estabanada e espirrava \u00e1gua nas colegas que lavavam roupas ao seu lado. Teresinha n\u00e3o enxugava os pingos, para n\u00e3o mostrar descontentamento. \u201cQue sejam como \u00e1gua benta\u201d, pensava ela. Aos poucos inverteu seus sentimentos por aquela Irm\u00e3. O barulhinho do ter\u00e7o na capela j\u00e1 lhe parecia uma m\u00fasica que a ajudava a rezar e a louvar a Deus. Um dia, para surpresa sua, a irm\u00e3 lhe disse: \u201cIrm\u00e3 Teresinha, por que \u00e9 que voc\u00ea gosta tanto de mim?\u201d<\/p>\n<p style=\"text-align: justify;\">O que ela fazia pra amar uma irm\u00e3 t\u00e3o chata? Vivia a inf\u00e2ncia espiritual, como ela mesma relata: \u201cTodo o tempo que a comunidade foi desta forma provada, eu pude ter a inef\u00e1vel consola\u00e7\u00e3o de fazer todos os dias a Santa Comunh\u00e3o\u2026. Ah! Como era doce! Jesus me mimou muito tempo, muito mais tempo que suas fi\u00e9is esposas, pois ele permitiu que me dessem-No sem que os outros tivessem a felicidade de receb\u00ea-Lo\u201d.<\/p>\n<div id=\"aleteia-welcome\" style=\"text-align: justify;\"><\/div>\n<div id=\"article-native-inread\" class=\"adslot ay css-p8k4vw\" style=\"text-align: justify;\" data-google-query-id=\"CJC5veuSy4IDFV-NlQIdPpoAzA\">\n<div id=\"google_ads_iframe_64500793\/PT_NATIVE_ARTICLE_0__container__\"><\/div>\n<\/div>\n<p style=\"text-align: justify;\">Como se baseia a inf\u00e2ncia espiritual de Santa Teresinha? Do ensinamento de Jesus:\u00a0<em>\u201cEm verdade eu vos declaro: se n\u00e3o vos transformardes e vos tornardes como criancinhas, n\u00e3o entrareis no Reino dos C\u00e9us\u201d<\/em>. (Mt 18,3)<\/p>\n<p style=\"text-align: justify;\">A compara\u00e7\u00e3o dada por Nosso Senhor \u00e9 magn\u00edfica. Ser criancinha \u00e9 ser dependente. Observe as crian\u00e7as no colo de suas m\u00e3es. S\u00e3o dependentes em quase tudo: no alimento, na medica\u00e7\u00e3o, na higiene, e por a\u00ed se vai. E \u00e9 exatamente esta a depend\u00eancia que Jesus espera de n\u00f3s. Que tudo venha de Deus. Em toda hist\u00f3ria da Igreja esta verdade s\u00f3 atingiu o cume com Teresa de Lisieux, no s\u00e9culo XIX. Por esta pequena via \u2013 como ela mesma chamava \u2013 est\u00e1 o chamado de Deus:\u00a0<em>\u201ca vossa santifica\u00e7\u00e3o\u201d<\/em>\u00a0(1 Ts 4,3; Ef 1,4). Afinal, \u201cDeus chama \u00e0 santidade n\u00e3o somente as grandes almas, mas tamb\u00e9m \u201cune l\u00e9gion de petites \u00e2mes \u2013 uma legi\u00e3o de pequenas almas\u201d, escreveu a Santa de Lisieux. Em confid\u00eancia com sua irm\u00e3 In\u00eas ela declara o que entendia como permanecer crian\u00e7a nas m\u00e3os de Deus: \u201c\u00e9 reconhecer o seu nada, \u00e9 esperar tudo do bom Deus, assim como uma pequena crian\u00e7a espera tudo do pai\u201d. Era o desejo dela: \u201cn\u00e3o quero ser santa pela metade. Escolho tudo\u201d.<\/p>\n<div id=\"article-desk-content-p6-ad\" class=\"adslot ay css-p8k4vw\" style=\"text-align: justify;\" data-google-query-id=\"CJ7CweuSy4IDFX1NuAQdLj4DTA\">\n<div id=\"google_ads_iframe_64500793\/PT_DESK_ARTICLE_WELCOME_1X1_0__container__\"><\/div>\n<\/div>\n<figure class=\"wp-block-embed is-type-video is-provider-dailymotion wp-block-embed-dailymotion\" style=\"text-align: justify;\" data-original=\"false\">\n<div class=\"wp-block-embed__wrapper\"><span class=\"css-2gzxip\"><iframe loading=\"lazy\" class=\"frontity-lazy-iframe\" title=\"Voc\u00c3\u00aa sabia que Santa Teresinha do Menino Jesus fez um pacto com os anjos?\" src=\"https:\/\/geo.dailymotion.com\/player.html?video=x8o3nv4&amp;\" width=\"1000\" height=\"1000\" frameborder=\"0\" allowfullscreen=\"allowfullscreen\" data-mce-fragment=\"1\"><\/iframe><\/span><\/div>\n<\/figure>\n<p style=\"text-align: justify;\">Ora, o crescimento espiritual \u00e9 contr\u00e1rio ao f\u00edsico, uma vez que, quanto mais santo, mais dependente de Deus se torna. O caminho \u00e9 \u00e1rduo e di\u00e1rio. Muitas vezes veem as tribula\u00e7\u00f5es, os sofrimentos, tais quais as dores de uma crian\u00e7a quando cai, \u201cpois as crian\u00e7as caem com frequ\u00eancia, por\u00e9m s\u00e3o pequenas demais para se machucar muito!\u201d, dizia. Diante das nuvens da indecis\u00e3o, da inseguran\u00e7a, ela nos recorda que \u201cal\u00e9m das nuvens, o Sol continua brilhando, que seu brilho n\u00e3o cessar\u00e1. \u00c0s vezes, o cora\u00e7\u00e3o do passarinho (da criancinha, grifo meu) \u00e9 v\u00edtima de tempestade, parece n\u00e3o acreditar que existem outras coisas al\u00e9m das nuvens que o envolvem. Este \u00e9 o momento de felicidade perfeita para o pobre serzinho fr\u00e1gil. Que felicidade ficar a\u00ed, assim mesmo; fixar a luz invis\u00edvel que escapa \u00e0 sua f\u00e9\u201d.<\/p>\n<p style=\"text-align: justify;\">Diante das nuvens, ela nos ensina como orar: \u201cmeu Deus, eu n\u00e3o vos compreendo, mas eu vos amo\u201d.<\/p>\n<p style=\"text-align: justify;\">A\u00ed est\u00e3o passos concretos que podem ser dados por todos os que desejam, como ela, alcan\u00e7ar a santidade. Pessoas chatas em nosso caminho? Sempre teremos. Dificuldades, d\u00favidas, tribula\u00e7\u00f5es? Tamb\u00e9m. Mas, o exemplo dela \u00e9 t\u00e3o claro que ela se tornou doutora da Igreja. Assim, Santa Teresinha do Menino Jesus e da Sagrada Face nos convida a nos tornarmos como crian\u00e7as, pois\u00a0<em>\u201co Reino dos C\u00e9us \u00e9 para aqueles que se lhes assemelham\u201d<\/em>\u00a0(Mt 19,14)<\/p>\n<p style=\"text-align: justify;\">Que tal vivenciarmos 100 dias com Santa Teresinha aprendendo com ela, de forma simples e pr\u00e1tica, como santificar o nosso cotidiano? Participe do retiro online, Santificando o meu cotidiano com Santa Teresinha e receba diariamente: um pensamento de Santa Teresinha, um exerc\u00edcio espiritual e a ora\u00e7\u00e3o da pequena via (<a href=\"https:\/\/hozana.org\/pt\/comunidade\/11617-santificando-o-meu-cotidiano-com-santa-teresinha\/landing?&amp;utm_source=aleteia_pt&amp;utm_medium=free_display&amp;utm_content=article&amp;utm_campaign=11617-santificando-o-meu-cotidiano-com-santa-teresinha\" target=\"_blank\" rel=\"noopener\">clique aqui para participar<\/a>).<\/p>\n<p style=\"text-align: justify;\"><em>Wellington de Almeida Alkmin, pelo Hozana<\/em><\/p>\n","protected":false},"excerpt":{"rendered":"<p>Pessoas chatas em nosso caminho? Sempre teremos. Dificuldades, d\u00favidas, tribula\u00e7\u00f5es? Tamb\u00e9m. Mas o exemplo de Santa Teresinha \u00e9 t\u00e3o claro que ela se tornou doutora da Igreja Se f\u00f4ssemos capazes de resumir a vida e espiritualidade de Santa Teresinha do Menino Jesus e da Sagrada Face, certamente dir\u00edamos que ela foi a santa da pequena [&hellip;]<\/p>\n","protected":false},"author":1,"featured_media":85492,"comment_status":"open","ping_status":"closed","sticky":false,"template":"","format":"standard","meta":{"footnotes":""},"categories":[4],"tags":[],"class_list":["post-85491","post","type-post","status-publish","format-standard","has-post-thumbnail","hentry","category-cotidiano"],"_links":{"self":[{"href":"https:\/\/catolicanet.net\/wp-cnet\/wp-json\/wp\/v2\/posts\/85491","targetHints":{"allow":["GET"]}}],"collection":[{"href":"https:\/\/catolicanet.net\/wp-cnet\/wp-json\/wp\/v2\/posts"}],"about":[{"href":"https:\/\/catolicanet.net\/wp-cnet\/wp-json\/wp\/v2\/types\/post"}],"author":[{"embeddable":true,"href":"https:\/\/catolicanet.net\/wp-cnet\/wp-json\/wp\/v2\/users\/1"}],"replies":[{"embeddable":true,"href":"https:\/\/catolicanet.net\/wp-cnet\/wp-json\/wp\/v2\/comments?post=85491"}],"version-history":[{"count":1,"href":"https:\/\/catolicanet.net\/wp-cnet\/wp-json\/wp\/v2\/posts\/85491\/revisions"}],"predecessor-version":[{"id":85494,"href":"https:\/\/catolicanet.net\/wp-cnet\/wp-json\/wp\/v2\/posts\/85491\/revisions\/85494"}],"wp:featuredmedia":[{"embeddable":true,"href":"https:\/\/catolicanet.net\/wp-cnet\/wp-json\/wp\/v2\/media\/85492"}],"wp:attachment":[{"href":"https:\/\/catolicanet.net\/wp-cnet\/wp-json\/wp\/v2\/media?parent=85491"}],"wp:term":[{"taxonomy":"category","embeddable":true,"href":"https:\/\/catolicanet.net\/wp-cnet\/wp-json\/wp\/v2\/categories?post=85491"},{"taxonomy":"post_tag","embeddable":true,"href":"https:\/\/catolicanet.net\/wp-cnet\/wp-json\/wp\/v2\/tags?post=85491"}],"curies":[{"name":"wp","href":"https:\/\/api.w.org\/{rel}","templated":true}]}}