{"id":85486,"date":"2023-11-17T09:54:36","date_gmt":"2023-11-17T12:54:36","guid":{"rendered":"https:\/\/catolicanet.net\/wp-cnet\/?p=85486"},"modified":"2023-11-17T09:54:36","modified_gmt":"2023-11-17T12:54:36","slug":"advento-da-inicio-ao-novo-ano-liturgico","status":"publish","type":"post","link":"https:\/\/catolicanet.net\/wp-cnet\/advento-da-inicio-ao-novo-ano-liturgico\/","title":{"rendered":"Advento d\u00e1 in\u00edcio ao novo ano lit\u00fargico"},"content":{"rendered":"<p style=\"text-align: justify;\">Com o primeiro domingo do Advento come\u00e7a um novo Ano Lit\u00fargico na Igreja Cat\u00f3lica.<\/p>\n<p style=\"text-align: justify;\">O novo calend\u00e1rio lit\u00fargico come\u00e7ar\u00e1 com o primeiro domingo do Advento, que este ano ser\u00e1 no domingo, 3 de dezembro de 2023, e terminar\u00e1 na Solenidade de Cristo Rei do Universo, que ser\u00e1 em 24 de novembro de 2024.<\/p>\n<p style=\"text-align: justify;\">Nesse calend\u00e1rio, est\u00e3o distribu\u00eddas as principais festas e tempos, como Advento, Natal, Quaresma, P\u00e1scoa e Tempo Comum.<\/p>\n<p style=\"text-align: justify;\">As leituras do Evangelho para a celebra\u00e7\u00e3o da missa de domingo est\u00e3o divididas em tr\u00eas ciclos anuais: A, com leituras tiradas do Evangelho segundo s\u00e3o Mateus; B, segundo s\u00e3o Marcos; e C, segundo s\u00e3o Lucas.<\/p>\n<p style=\"text-align: justify;\">O ano lit\u00fargico que come\u00e7a em 3 de dezembro \u00e9 do ciclo B.<\/p>\n","protected":false},"excerpt":{"rendered":"<p>Com o primeiro domingo do Advento come\u00e7a um novo Ano Lit\u00fargico na Igreja Cat\u00f3lica. O novo calend\u00e1rio lit\u00fargico come\u00e7ar\u00e1 com o primeiro domingo do Advento, que este ano ser\u00e1 no domingo, 3 de dezembro de 2023, e terminar\u00e1 na Solenidade de Cristo Rei do Universo, que ser\u00e1 em 24 de novembro de 2024. Nesse calend\u00e1rio, [&hellip;]<\/p>\n","protected":false},"author":1,"featured_media":85487,"comment_status":"open","ping_status":"closed","sticky":false,"template":"","format":"standard","meta":{"footnotes":""},"categories":[4,13],"tags":[],"class_list":["post-85486","post","type-post","status-publish","format-standard","has-post-thumbnail","hentry","category-cotidiano","category-featured"],"_links":{"self":[{"href":"https:\/\/catolicanet.net\/wp-cnet\/wp-json\/wp\/v2\/posts\/85486","targetHints":{"allow":["GET"]}}],"collection":[{"href":"https:\/\/catolicanet.net\/wp-cnet\/wp-json\/wp\/v2\/posts"}],"about":[{"href":"https:\/\/catolicanet.net\/wp-cnet\/wp-json\/wp\/v2\/types\/post"}],"author":[{"embeddable":true,"href":"https:\/\/catolicanet.net\/wp-cnet\/wp-json\/wp\/v2\/users\/1"}],"replies":[{"embeddable":true,"href":"https:\/\/catolicanet.net\/wp-cnet\/wp-json\/wp\/v2\/comments?post=85486"}],"version-history":[{"count":2,"href":"https:\/\/catolicanet.net\/wp-cnet\/wp-json\/wp\/v2\/posts\/85486\/revisions"}],"predecessor-version":[{"id":85490,"href":"https:\/\/catolicanet.net\/wp-cnet\/wp-json\/wp\/v2\/posts\/85486\/revisions\/85490"}],"wp:featuredmedia":[{"embeddable":true,"href":"https:\/\/catolicanet.net\/wp-cnet\/wp-json\/wp\/v2\/media\/85487"}],"wp:attachment":[{"href":"https:\/\/catolicanet.net\/wp-cnet\/wp-json\/wp\/v2\/media?parent=85486"}],"wp:term":[{"taxonomy":"category","embeddable":true,"href":"https:\/\/catolicanet.net\/wp-cnet\/wp-json\/wp\/v2\/categories?post=85486"},{"taxonomy":"post_tag","embeddable":true,"href":"https:\/\/catolicanet.net\/wp-cnet\/wp-json\/wp\/v2\/tags?post=85486"}],"curies":[{"name":"wp","href":"https:\/\/api.w.org\/{rel}","templated":true}]}}