{"id":85432,"date":"2023-11-14T09:08:53","date_gmt":"2023-11-14T12:08:53","guid":{"rendered":"https:\/\/catolicanet.net\/wp-cnet\/?p=85432"},"modified":"2023-11-14T16:10:50","modified_gmt":"2023-11-14T19:10:50","slug":"santidade-nao-perfeicao-moral-mas-dinamica-de-relacao","status":"publish","type":"post","link":"https:\/\/catolicanet.net\/wp-cnet\/santidade-nao-perfeicao-moral-mas-dinamica-de-relacao\/","title":{"rendered":"Santidade, n\u00e3o perfei\u00e7\u00e3o moral, mas din\u00e2mica de rela\u00e7\u00e3o"},"content":{"rendered":"<figure class=\"article__image\"><span class=\"didascalia_img\">Confer\u00eancia de estudo \u201cDimens\u00e3o comunit\u00e1ria da santidade\u201d\u00a0<\/span><\/figure>\n<div class=\"article__meta audioInside\" data-mediatype=\"\">\n<div class=\"article__subTitle\" style=\"text-align: justify;\">Est\u00e1 em andamento no Instituto Augustinianum de Roma o congresso de estudo intitulado &#8220;Dimens\u00e3o comunit\u00e1ria da santidade&#8221;, promovido pelo Dicast\u00e9rio das Causas dos Santos. Cardeal Semeraro: olhar para a Igreja como habitat onde floresce a santidade. Cardeal de Mendon\u00e7a: &#8220;A santidade de Deus nos pede amor, compreens\u00e3o, reconcilia\u00e7\u00e3o e paz. A guerra \u00e9 exatamente o contr\u00e1rio&#8221;.<\/div>\n<div class=\"title__separator\" style=\"text-align: justify;\"><\/div>\n<div class=\"article__text\">\n<p style=\"text-align: justify;\"><b>Antonella Palermo \u2013 Vatican News<\/b><\/p>\n<p style=\"text-align: justify;\">A santidade n\u00e3o s\u00f3 como ades\u00e3o est\u00e1tica a uma perfei\u00e7\u00e3o de vida moral, mas como din\u00e2mica de rela\u00e7\u00e3o, experi\u00eancia &#8216;t\u00e1til&#8217; da pr\u00f3pria vida de Deus. Este \u00e9 o cerne do discurso do\u00a0<b>cardeal Jos\u00e9 Tolentino de Mendon\u00e7a<\/b>, prefeito da Dicast\u00e9rio para a Cultura e a Educa\u00e7\u00e3o, que inaugurou na segunda-feira, 13 de novembro, em Roma, no Instituto Patr\u00edstico Augustinianum, a confer\u00eancia de estudo de tr\u00eas dias intitulada &#8220;Dimens\u00e3o comunit\u00e1ria da santidade&#8221; promovida pelo Dicast\u00e9rio das Causas dos Santos.<\/p>\n<div style=\"text-align: justify;\">\n<div class=\"article__embed article__embed--unwrap article__embed--dark\">\n<div class=\"article__innerTitle\">Ou\u00e7a e compartilhe<\/div>\n<div>\n<!--[if lt IE 9]><script>document.createElement('audio');<\/script><![endif]-->\n<audio class=\"wp-audio-shortcode\" id=\"audio-85432-1\" preload=\"none\" style=\"width: 100%;\" controls=\"controls\"><source type=\"audio\/mpeg\" src=\"https:\/\/media.vaticannews.va\/media\/audio\/s1\/2023\/11\/14\/16\/137463272_F137463272.mp3?_=1\" \/><a href=\"https:\/\/media.vaticannews.va\/media\/audio\/s1\/2023\/11\/14\/16\/137463272_F137463272.mp3\">https:\/\/media.vaticannews.va\/media\/audio\/s1\/2023\/11\/14\/16\/137463272_F137463272.mp3<\/a><\/audio>\n<\/div>\n<\/div>\n<\/div>\n<h2 style=\"text-align: justify;\">Semeraro: a santidade cria amizade<\/h2>\n<p style=\"text-align: justify;\">Moderada por Alessandro Gisotti, vice-diretor editorial do Dicast\u00e9rio para a Comunica\u00e7\u00e3o, a sess\u00e3o foi apresentada pelo\u00a0<b>cardeal Marcello Semeraro<\/b>, prefeito do Dicast\u00e9rio das Causas dos Santos, que explicou o esp\u00edrito da perspectiva adotada pelo encontro, este ano: olhar para a Igreja como habitat onde floresce a santidade. &#8220;H\u00e1 uma frase de um autor medieval, Fulg\u00eancio de Ruspe, que dizia que na Igreja estamos unidos uns aos outros e se nos distanciamos uns dos outros n\u00e3o somos nada. Isto tamb\u00e9m se aplica \u00e0 santidade&#8221;, disse o cardeal Semeraro ao Vatican News.<\/p>\n<p style=\"text-align: justify;\">Uma perspectiva que remonta bem \u00e0quela resultante do S\u00ednodo. Com efeito, sublinhou o cardeal, &#8216;s\u00ednodo&#8217; significa convergir, estar juntos no mesmo limiar e encontrar-se em uni\u00e3o esponsal com Cristo. Semeraro insistiu na fam\u00edlia como lugar privilegiado onde a santidade pode crescer. A este respeito, recordou a recente beatifica\u00e7\u00e3o de toda a fam\u00edlia Ulma na Pol\u00f4nia: &#8220;Ali se pode ver como realmente funcionou a gra\u00e7a do matrim\u00f4nio. A B\u00edblia deles est\u00e1 conservada, eu a vi, onde ainda est\u00e3o preservadas as anota\u00e7\u00f5es&#8221;. Ele recordou a agrad\u00e1vel surpresa que teve na Espanha, ao visitar a casa de S\u00e3o Jo\u00e3o de \u00c1vila, Doutor da Igreja: &#8220;Fiquei impressionado ao ver as imagens de tantos outros santos: Santo In\u00e1cio de Loyola, S\u00e3o Francisco B\u00f3rgia&#8230; Eram sete, oito. Eram todos amigos. Eis que a santidade cria amizade.&#8221;<\/p>\n<h2 style=\"text-align: justify;\">De Mendon\u00e7a: santidade n\u00e3o \u00e9 perfei\u00e7\u00e3o moral est\u00e1tica<\/h2>\n<p style=\"text-align: justify;\">Em seu discurso, o\u00a0<b>cardeal portugu\u00eas Tolentino de Mendon\u00e7a<\/b> concentrou-se na an\u00e1lise do cap\u00edtulo 19 do livro de Lev\u00edtico, considerado a &#8220;pedra angular de toda a Tor\u00e1&#8221;. O prefeito do Dicast\u00e9rio para a Cultura e a Educa\u00e7\u00e3o examinou o vers\u00edculo 2: &#8220;Sede santos, porque eu, o Senhor vosso Deus, sou santo&#8221;, destacando o car\u00e1ter universal da santidade. Ele tamb\u00e9m observou como a santidade se manifesta no comportamento \u00e9tico, mas n\u00e3o \u00e9 exaustiva, n\u00e3o pode ser restrita a um n\u00edvel exclusivamente &#8220;ritual&#8221;. &#8220;O que Deus nos pede para fazer&#8221;, disse o cardeal, &#8220;ilumina o mist\u00e9rio do pr\u00f3prio Deus, numa misteriosa circularidade&#8221;. E aqui, portanto, est\u00e1 o ponto crucial da santidade: &#8220;A santidade n\u00e3o \u00e9 uma perfei\u00e7\u00e3o moral est\u00e1tica, mas uma din\u00e2mica livre de rela\u00e7\u00e3o. N\u00e3o se trata apenas de &#8216;ser bom&#8217;. Ela tem a ver com um rev\u00e9rbero global do chamado de Deus \u00e0 santidade&#8221;. Na f\u00f3rmula de Lev\u00edtico, &#8220;eu&#8221; vem depois de &#8220;tu&#8221;.<\/p>\n<p style=\"text-align: justify;\">Isto \u00e9 significativo, explicou ainda o cardeal, se considerarmos que a santidade de Deus n\u00e3o \u00e9 indiferen\u00e7a, inacessibilidade. &#8220;A santidade se expressa atrav\u00e9s da categoria da alteridade e da rela\u00e7\u00e3o. O conceito de santo \u00e9 uma extens\u00e3o do divino ao humano. A santidade \u00e9 expansiva&#8221;. &#8220;A santidade n\u00e3o \u00e9 uma ideologia&#8221;, disse ele, &#8220;mas uma experi\u00eancia &#8216;t\u00e1til&#8217; na pr\u00f3pria vida de Deus, que inclui a dimens\u00e3o da intimidade, do sil\u00eancio, at\u00e9 do absurdo que habita a exist\u00eancia humana&#8221;. &#8220;Santidade significa correr o risco de experimentar a transforma\u00e7\u00e3o operada em n\u00f3s por Cristo, caso contr\u00e1rio a f\u00e9 \u00e9 uma paix\u00e3o in\u00fatil&#8221;.<\/p>\n<h2 style=\"text-align: justify;\">A guerra \u00e9 o oposto da santidade<\/h2>\n<p style=\"text-align: justify;\">\u00c0 margem do evento, houve tamb\u00e9m uma reflex\u00e3o do cardeal de Mendon\u00e7a com o Vatican News sobre como falar de santidade num cen\u00e1rio dolorosamente ferido pela guerra.<\/p>\n<p style=\"text-align: justify;\">&#8220;A santidade \u00e9 uma proposta de Deus para que possamos colocar em pr\u00e1tica o que Deus \u00e9. A santidade n\u00e3o \u00e9 algo diferente da natureza de Deus. \u00c9 o mist\u00e9rio do pr\u00f3prio Deus que Ele compartilha. \u00c9 muito bom ver, por exemplo, em Lev\u00edtico, como esse chamado \u00e0 santidade \u00e9 feito n\u00e3o apenas aos sacerdotes, mas a toda a comunidade: pequenos, grandes, homens, mulheres&#8230; N\u00e3o apenas uma ades\u00e3o a um mist\u00e9rio de transcend\u00eancia que nos esfor\u00e7amos para compreender plenamente, n\u00e3o. \u00c9 algo que conhecemos porque \u00e9 o bem que podemos fazer, aquela alian\u00e7a concreta com o amor, com a justi\u00e7a, com a solidariedade, com a amizade social que podemos ativar na vida cotidiana&#8221;, explicou o cardeal.<\/p>\n<p style=\"text-align: justify;\">\u00c0 luz disso, &#8220;a guerra \u00e9 o contr\u00e1rio da santidade. A santidade de Deus nos pede amor, compreens\u00e3o, reconcilia\u00e7\u00e3o e paz&#8221;. De Mendon\u00e7a convidou ent\u00e3o: &#8220;Todos devemos rezar neste contexto porque n\u00e3o \u00e9 uma situa\u00e7\u00e3o f\u00e1cil para ningu\u00e9m. Devemos insistir, como faz o Santo Padre, e dizer basta \u00e0 viol\u00eancia e ser capazes, atrav\u00e9s dos caminhos do encontro e do di\u00e1logo, de revelar-nos realmente \u00e0 imagem e semelhan\u00e7a de Deus&#8221;.<\/p>\n<h2 style=\"text-align: justify;\">A poesia prepara a alma<\/h2>\n<p style=\"text-align: justify;\">A poesia, j\u00e1 que falamos com um poeta, pode ser um caminho, um m\u00e9todo para agu\u00e7ar os sentidos a fim de descobrir a santidade ao nosso redor e crescer no caminho da santidade? &#8220;Os m\u00edsticos nos ensinam. N\u00e3o \u00e9 por acaso&#8221; \u2013 concluiu o cardeal \u2013 &#8220;que os m\u00edsticos se expressem em linguagem po\u00e9tica. A poesia prepara a nossa alma para a revela\u00e7\u00e3o de Deus e para acolher profundamente essa revela\u00e7\u00e3o&#8221;.<\/p>\n<\/div>\n<\/div>\n","protected":false},"excerpt":{"rendered":"<p>Confer\u00eancia de estudo \u201cDimens\u00e3o comunit\u00e1ria da santidade\u201d\u00a0 Est\u00e1 em andamento no Instituto Augustinianum de Roma o congresso de estudo intitulado &#8220;Dimens\u00e3o comunit\u00e1ria da santidade&#8221;, promovido pelo Dicast\u00e9rio das Causas dos Santos. Cardeal Semeraro: olhar para a Igreja como habitat onde floresce a santidade. Cardeal de Mendon\u00e7a: &#8220;A santidade de Deus nos pede amor, compreens\u00e3o, reconcilia\u00e7\u00e3o [&hellip;]<\/p>\n","protected":false},"author":1,"featured_media":85433,"comment_status":"open","ping_status":"closed","sticky":false,"template":"","format":"standard","meta":{"footnotes":""},"categories":[3],"tags":[],"class_list":["post-85432","post","type-post","status-publish","format-standard","has-post-thumbnail","hentry","category-vaticano"],"_links":{"self":[{"href":"https:\/\/catolicanet.net\/wp-cnet\/wp-json\/wp\/v2\/posts\/85432","targetHints":{"allow":["GET"]}}],"collection":[{"href":"https:\/\/catolicanet.net\/wp-cnet\/wp-json\/wp\/v2\/posts"}],"about":[{"href":"https:\/\/catolicanet.net\/wp-cnet\/wp-json\/wp\/v2\/types\/post"}],"author":[{"embeddable":true,"href":"https:\/\/catolicanet.net\/wp-cnet\/wp-json\/wp\/v2\/users\/1"}],"replies":[{"embeddable":true,"href":"https:\/\/catolicanet.net\/wp-cnet\/wp-json\/wp\/v2\/comments?post=85432"}],"version-history":[{"count":1,"href":"https:\/\/catolicanet.net\/wp-cnet\/wp-json\/wp\/v2\/posts\/85432\/revisions"}],"predecessor-version":[{"id":85435,"href":"https:\/\/catolicanet.net\/wp-cnet\/wp-json\/wp\/v2\/posts\/85432\/revisions\/85435"}],"wp:featuredmedia":[{"embeddable":true,"href":"https:\/\/catolicanet.net\/wp-cnet\/wp-json\/wp\/v2\/media\/85433"}],"wp:attachment":[{"href":"https:\/\/catolicanet.net\/wp-cnet\/wp-json\/wp\/v2\/media?parent=85432"}],"wp:term":[{"taxonomy":"category","embeddable":true,"href":"https:\/\/catolicanet.net\/wp-cnet\/wp-json\/wp\/v2\/categories?post=85432"},{"taxonomy":"post_tag","embeddable":true,"href":"https:\/\/catolicanet.net\/wp-cnet\/wp-json\/wp\/v2\/tags?post=85432"}],"curies":[{"name":"wp","href":"https:\/\/api.w.org\/{rel}","templated":true}]}}