{"id":85415,"date":"2023-11-14T08:59:04","date_gmt":"2023-11-14T11:59:04","guid":{"rendered":"https:\/\/catolicanet.net\/wp-cnet\/?p=85415"},"modified":"2023-11-14T16:00:59","modified_gmt":"2023-11-14T19:00:59","slug":"papa-aos-jovens-usem-as-redes-sociais-para-dividir-uma-palavra-de-esperanca-todos-os-dias","status":"publish","type":"post","link":"https:\/\/catolicanet.net\/wp-cnet\/papa-aos-jovens-usem-as-redes-sociais-para-dividir-uma-palavra-de-esperanca-todos-os-dias\/","title":{"rendered":"Papa aos jovens: usem as redes sociais para dividir uma palavra de esperan\u00e7a todos os dias"},"content":{"rendered":"<figure class=\"article__image\"><span class=\"didascalia_img\">Francisco ao encontrar os volunt\u00e1rios da JMJ de Lisboa, em agosto deste ano\u00a0 (Vatican Media)<\/span><\/figure>\n<div class=\"article__meta \" data-mediatype=\"\">\n<div class=\"article__subTitle\" style=\"text-align: justify;\">A XXXVIII Jornada Mundial da Juventude deste ano ser\u00e1 celebrada nas Igrejas particulares em 26 de novembro, Solenidade de Cristo Rei, e Francisco divulgou a mensagem que aprofunda o tema \u00abAlegres na esperan\u00e7a\u00bb (Rm 12, 12). O convite aos jovens \u00e9 n\u00e3o ter medo de testemunhar Cristo alegremente, alimentando a esperan\u00e7a com ora\u00e7\u00e3o e atitudes quotidianas: nas redes sociais, &#8220;tentem compartilhar cada dia uma palavra de esperan\u00e7a&#8221;, tornando-se semeadores de esperan\u00e7a na vida dos amigos.<\/div>\n<div class=\"title__separator\" style=\"text-align: justify;\"><\/div>\n<div class=\"article__text\">\n<p style=\"text-align: justify;\"><b>Andressa Collet &#8211; Vatican News<\/b><\/p>\n<p style=\"text-align: justify;\">A express\u00e3o paulina\u00a0<b>\u00abAlegres na esperan\u00e7a\u00bb<\/b>\u00a0(Rm 12, 12)\u00a0ganhou um aprofundamento do Papa Francisco na mensagem da XXXVIII Jornada Mundial da Juventude deste ano que ser\u00e1 celebrada nas Igrejas particulares em 26 de novembro, Solenidade de Cristo Rei. Junto com o tema j\u00e1 escolhido pelo Pont\u00edfice para 2024,\u00a0<b>\u00abAqueles que esperam no Senhor caminham sem se cansar\u00bb<\/b>\u00a0(cf.\u00a0<i>Is<\/i>\u00a040, 31), ser\u00e1 preparado o caminho para o Jubileu dos Jovens de 2025, em Roma. Esse \u00e9 o convite do Papa ap\u00f3s &#8220;a real experi\u00eancia da transfigura\u00e7\u00e3o&#8221;, da &#8220;explos\u00e3o de luz e alegria&#8221; da JMJ de Lisboa de agosto, e antes da pr\u00f3xima etapa do encontro intercontinental de Seul, na Coreia, em 2027.<\/p>\n<h2 style=\"text-align: justify;\">A alegria deriva da f\u00e9<\/h2>\n<p style=\"text-align: justify;\">A\u00a0<a href=\"https:\/\/press.vatican.va\/content\/salastampa\/it\/bollettino\/pubblico\/2023\/11\/14\/0794\/01732.html#pt\" target=\"_blank\" rel=\"external noopener\">Sala de Imprensa da Santa<\/a>\u00a0divulgou nesta ter\u00e7a-feira (14) a mensagem do Papa Francisco para a JMJ deste ano, atrav\u00e9s da qual\u00a0convida os jovens a aprofundar o significado da esperan\u00e7a crist\u00e3 e a testemunhar alegremente que Cristo est\u00e1 vivo.<\/p>\n<p style=\"text-align: justify;\">A \u00abalegria na esperan\u00e7a\u00bb (Rm 12, 12) \u00e9 uma exorta\u00e7\u00e3o de S\u00e3o Paulo \u00e0 comunidade de Roma que &#8220;deriva do encontro com Cristo&#8221;. Para os jovens, \u00e9 um tempo prop\u00edcio do acolhimento de Deus, j\u00e1 que \u00e9 alimentado pelas rela\u00e7\u00f5es com amigos, experi\u00eancias culturais, conhecimentos cient\u00edficos e iniciativas fraternas, escreveu o Pont\u00edfice, ao alertar, por\u00e9m, para os &#8220;dramas da humanidade, sobretudo do sofrimento dos inocentes&#8221; vividos atualmente:<\/p>\n<p style=\"text-align: justify;\"><i>&#8220;Contudo vivemos num tempo em que para muitos, mesmo jovens, a esperan\u00e7a parece ser a grande ausente. Infelizmente muitos dos vossos coet\u00e2neos, que vivem experi\u00eancias de guerra, viol\u00eancia, bulling e v\u00e1rias formas de mal-estar, veem-se afligidos pelo desespero, o medo e a depress\u00e3o. Sentem-se como que encerrados numa pris\u00e3o escura, incapazes de ver os raios do sol. Demonstra-o dramaticamente a elevada taxa de suic\u00eddio entre os jovens de v\u00e1rios pa\u00edses. Em semelhante contexto, como se pode experimentar a alegria e a esperan\u00e7a, de que fala S\u00e3o Paulo?&#8221;<\/i><\/p>\n<p style=\"text-align: justify;\">&#8220;Uma parte da resposta de Deus&#8221;, antecipou o Papa, podemos ser n\u00f3s, fazendo\u00a0<b>&#8220;nascer a alegria e a esperan\u00e7a, mesmo onde parece imposs\u00edvel&#8221;<\/b>. Foi ent\u00e3o que Francisco buscou a imagem do filme &#8220;A vida \u00e9 bela&#8221;, de\u00a0<i>Roberto Benigni<\/i>, que retrata como\u00a0um jovem pai consegue, &#8220;com delicadeza e imagina\u00e7\u00e3o, transformar a dura realidade&#8221; dos horrores da Segunda Guerra Mundial e do tr\u00e1gico cen\u00e1rio dos campos de concentra\u00e7\u00e3o, ao proteger o filho com \u00abolhos de esperan\u00e7a\u00bb. Como acontece\u00a0na vida de muitos Santos, continuou Francisco, ao citar alguns santos que foram &#8220;testemunhas de esperan\u00e7a mesmo no meio da maldade humana mais cruel&#8221;, como\u00a0<i>S\u00e3o Maximiliano Maria Kolbe<\/i>\u00a0e\u00a0<i>Santa Josefina Bakhita<\/i>.<\/p>\n<p style=\"text-align: justify;\">O Pont\u00edfice tamb\u00e9m trouxe o poema do poeta franc\u00eas\u00a0<i>Charles P\u00e9guy<\/i>\u00a0para ilustrar &#8220;o car\u00e1ter humilde&#8221;, mas fundalmental da esperan\u00e7a, ao descrever &#8220;as tr\u00eas virtudes teologais \u2013 f\u00e9, esperan\u00e7a e caridade \u2013 como se fossem tr\u00eas irm\u00e3s que caminham juntas: \u00abA pequena esperan\u00e7a avan\u00e7a no meio de suas duas irm\u00e3s grandes\u00bb (O p\u00f3rtico do mist\u00e9rio da segunda virtude, Mil\u00e3o 1978, 17-19)&#8221;.<\/p>\n<p style=\"text-align: justify;\">Outra imagem vem atrav\u00e9s do pr\u00f3prio testemunho crist\u00e3o ao recordar do Tr\u00edduo Pascal: &#8220;o\u00a0S\u00e1bado Santo \u00e9 o dia da esperan\u00e7a. Situado entre a Sexta-Feira Santa e o Domingo de P\u00e1scoa, \u00e9 como um meio-termo entre o desespero dos disc\u00edpulos e a sua alegria pascal&#8221;. A pr\u00f3pria\u00a0Virgem Maria, escreveu o Papa, \u00e9 a esperan\u00e7a crist\u00e3 radicada no amor e na f\u00e9 ao permanecer\u00a0&#8220;forte aos p\u00e9s da cruz de Jesus, certa de que estava pr\u00f3ximo o \u00abbom \u00eaxito\u00bb&#8221;: &#8220;Maria \u00e9 a mulher da esperan\u00e7a, a M\u00e3e da esperan\u00e7a&#8221;, pois &#8220;preenche o sil\u00eancio do S\u00e1bado Santo com uma amorosa expectativa cheia de esperan\u00e7a, incutindo nos disc\u00edpulos a certeza de que Jesus venceria a morte e que o mal n\u00e3o seria a \u00faltima palavra&#8221;.<\/p>\n<div style=\"text-align: justify;\">\n<div class=\"article__embed article__embed--border embed_style\">\n<blockquote><p>\u201cA esperan\u00e7a crist\u00e3 n\u00e3o \u00e9 nega\u00e7\u00e3o da dor nem da morte, mas celebra\u00e7\u00e3o do amor de Cristo Ressuscitado que est\u00e1 sempre connosco, mesmo quando parece distante.\u201d<\/p><\/blockquote>\n<\/div>\n<\/div>\n<h2 style=\"text-align: justify;\">Como alimentar a esperan\u00e7a?<\/h2>\n<p style=\"text-align: justify;\">Para alimentar essa esperan\u00e7a, o Papa Francisco indicou percursos pr\u00e1ticos: o primeiro,\u00a0<b>a ora\u00e7\u00e3o<\/b>. Rezando, escreveu ele, &#8220;mantemos acesa a centelha da esperan\u00e7a&#8221;, mesmo quando tudo se apresenta cinzento:<\/p>\n<p style=\"text-align: justify;\"><i>&#8220;Queridos jovens, quando o nevoeiro espesso do medo, da d\u00favida e da opress\u00e3o vos envolve e j\u00e1 n\u00e3o conseguis ver o sol, embocai o caminho da ora\u00e7\u00e3o. Pois, \u00abquando j\u00e1 ningu\u00e9m me escuta, Deus ainda me ouve\u00bb (BENTO XVI, Carta enc. Spe salvi, 32). Reservemos diariamente o tempo para descansar em Deus, face \u00e0s ansiedades que nos assaltam: \u00abS\u00f3 em Deus descansa a minha alma; d\u2019Ele vem a minha esperan\u00e7a\u00bb (Sal 62, 6).&#8221;<\/i><\/p>\n<p style=\"text-align: justify;\">A esperan\u00e7a tamb\u00e9m \u00e9 alimentada pelas\u00a0<b>op\u00e7\u00f5es quotidianas<\/b>, acrescentou o Papa, convidando os jovens a escolher atitudes &#8220;muito concretas na vida de cada dia&#8221;:<\/p>\n<p style=\"text-align: justify;\"><i>&#8220;Exorto-vos a escolher um estilo de vida baseado na esperan\u00e7a. Dou um exemplo: nas redes sociais, parece mais f\u00e1cil compartilhar not\u00edcias m\u00e1s do que not\u00edcias de esperan\u00e7a. Assim deixo-vos uma proposta concreta: tentai compartilhar cada dia uma palavra de esperan\u00e7a. Tornai-vos semeadores de esperan\u00e7a na vida dos vossos amigos e de quantos vos rodeiam. Com efeito, \u00aba esperan\u00e7a \u00e9 humilde e \u00e9 uma virtude que se trabalha \u2013 por assim dizer \u2013 todos os dias (\u2026). Todos os dias \u00e9 preciso lembrar-nos que temos o penhor, que \u00e9 o Esp\u00edrito e que trabalha em n\u00f3s atrav\u00e9s de pequenas coisas\u00bb (Francisco, Medita\u00e7\u00e3o matutina, 29\/X\/2019).&#8221;<\/i><\/p>\n<p style=\"text-align: justify;\">Essa esperan\u00e7a, que \u00e9 Cristo e ilumina a nossa vida, disse Francisco, tamb\u00e9m pode se tornar\u00a0&#8220;uma pequena lanterna para os outros&#8221;, assim como foram os\u00a0disc\u00edpulos de Jesus, partilhando a gra\u00e7a recebida. O Papa finalizou a mensagem convidando os jovens a n\u00e3o ter medo de &#8220;partilhar com todos a esperan\u00e7a e a alegria de Cristo Ressuscitado&#8221;.<\/p>\n<div>\n<div class=\"article__embed article__embed--border embed_style\">\n<blockquote><p>\u201cA esperan\u00e7a crist\u00e3, n\u00e3o a podemos guardar para n\u00f3s, como um belo sentimento, visto que se destina a todos. Aproximai-vos em particular dos vossos amigos que talvez aparentemente sorriam, mas por dentro choram, carentes de esperan\u00e7a. N\u00e3o vos deixeis contagiar pela indiferen\u00e7a e pelo individualismo: permanecei abertos como canais por onde a esperan\u00e7a de Jesus possa fluir e difundir-se nos ambientes onde viveis.\u201d<\/p><\/blockquote>\n<\/div>\n<\/div>\n<\/div>\n<\/div>\n","protected":false},"excerpt":{"rendered":"<p>Francisco ao encontrar os volunt\u00e1rios da JMJ de Lisboa, em agosto deste ano\u00a0 (Vatican Media) A XXXVIII Jornada Mundial da Juventude deste ano ser\u00e1 celebrada nas Igrejas particulares em 26 de novembro, Solenidade de Cristo Rei, e Francisco divulgou a mensagem que aprofunda o tema \u00abAlegres na esperan\u00e7a\u00bb (Rm 12, 12). O convite aos jovens [&hellip;]<\/p>\n","protected":false},"author":1,"featured_media":85416,"comment_status":"open","ping_status":"closed","sticky":false,"template":"","format":"standard","meta":{"footnotes":""},"categories":[13,3],"tags":[],"class_list":["post-85415","post","type-post","status-publish","format-standard","has-post-thumbnail","hentry","category-featured","category-vaticano"],"_links":{"self":[{"href":"https:\/\/catolicanet.net\/wp-cnet\/wp-json\/wp\/v2\/posts\/85415","targetHints":{"allow":["GET"]}}],"collection":[{"href":"https:\/\/catolicanet.net\/wp-cnet\/wp-json\/wp\/v2\/posts"}],"about":[{"href":"https:\/\/catolicanet.net\/wp-cnet\/wp-json\/wp\/v2\/types\/post"}],"author":[{"embeddable":true,"href":"https:\/\/catolicanet.net\/wp-cnet\/wp-json\/wp\/v2\/users\/1"}],"replies":[{"embeddable":true,"href":"https:\/\/catolicanet.net\/wp-cnet\/wp-json\/wp\/v2\/comments?post=85415"}],"version-history":[{"count":1,"href":"https:\/\/catolicanet.net\/wp-cnet\/wp-json\/wp\/v2\/posts\/85415\/revisions"}],"predecessor-version":[{"id":85418,"href":"https:\/\/catolicanet.net\/wp-cnet\/wp-json\/wp\/v2\/posts\/85415\/revisions\/85418"}],"wp:featuredmedia":[{"embeddable":true,"href":"https:\/\/catolicanet.net\/wp-cnet\/wp-json\/wp\/v2\/media\/85416"}],"wp:attachment":[{"href":"https:\/\/catolicanet.net\/wp-cnet\/wp-json\/wp\/v2\/media?parent=85415"}],"wp:term":[{"taxonomy":"category","embeddable":true,"href":"https:\/\/catolicanet.net\/wp-cnet\/wp-json\/wp\/v2\/categories?post=85415"},{"taxonomy":"post_tag","embeddable":true,"href":"https:\/\/catolicanet.net\/wp-cnet\/wp-json\/wp\/v2\/tags?post=85415"}],"curies":[{"name":"wp","href":"https:\/\/api.w.org\/{rel}","templated":true}]}}