{"id":85296,"date":"2023-11-09T11:19:26","date_gmt":"2023-11-09T14:19:26","guid":{"rendered":"https:\/\/catolicanet.net\/wp-cnet\/?p=85296"},"modified":"2023-11-09T11:19:26","modified_gmt":"2023-11-09T14:19:26","slug":"campanha-10-milhoes-de-estrelas-da-caritas-brasileira-neste-ano-sera-realizada-presencialmente-com-transmissao-ao-vivo","status":"publish","type":"post","link":"https:\/\/catolicanet.net\/wp-cnet\/campanha-10-milhoes-de-estrelas-da-caritas-brasileira-neste-ano-sera-realizada-presencialmente-com-transmissao-ao-vivo\/","title":{"rendered":"CAMPANHA 10 MILH\u00d5ES DE ESTRELAS, DA C\u00c1RITAS BRASILEIRA, NESTE ANO SER\u00c1 REALIZADA PRESENCIALMENTE COM TRANSMISS\u00c3O AO VIVO"},"content":{"rendered":"<p style=\"text-align: justify;\">Em 2023, a Campanha 10 Milh\u00f5es de Estrelas, iniciativa permanente de solidariedade da C\u00e1ritas Brasileira, organismo da CNBB, ser\u00e1 celebrada presencialmente. Desde 2020, com o in\u00edcio da pandemia, o evento vinha sendo realizado de modo virtual.<\/p>\n<p style=\"text-align: justify;\">A celebra\u00e7\u00e3o acontecer\u00e1 no dia 18 de novembro, s\u00e1bado, a partir das 18h, na Bas\u00edlica Santu\u00e1rio S\u00e3o Francisco de Assis, em Bras\u00edlia\/DF. Para quem n\u00e3o est\u00e1 na capital, ser\u00e1 poss\u00edvel acompanhar nos canais da C\u00e1ritas Brasileira no\u00a0<a href=\"https:\/\/www.youtube.com\/c\/CaritasBrasileiraCB\" target=\"_blank\" rel=\"noopener\">YouTube<\/a>\u00a0e no\u00a0<a href=\"https:\/\/www.facebook.com\/caritasbrasileira\" target=\"_blank\" rel=\"noopener\">Facebook<\/a>.<\/p>\n<blockquote><p>\u201cEm 2023, a Campanha 10 Milh\u00f5es de Estrelas completa nove anos no Brasil e nos lembra da sua fundamental import\u00e2ncia para a Rede C\u00e1ritas e toda a sociedade, porque ela busca animar as pessoas, fam\u00edlias, grupos, comunidades, a acender, por meio da simbologia da vela, a chama da solidariedade ao vivenciar o esp\u00edrito do Natal e praticar gestos concretos de transforma\u00e7\u00e3o social\u201d, reflete Carlos Humberto Campos, diretor executivo da C\u00e1ritas Brasileira.<\/p>\n<p>\u201cTem como perspectiva iluminar pensamentos e assim construir uma sociedade de paz, uma sociedade em que as pessoas cuidam umas das outras e, sobretudo, uma sociedade que pratica a justi\u00e7a social, o respeito \u00e0 diversidade, a defesa dos direitos humanos e da natureza\u201d, finalizou Carlos Humberto.<\/p><\/blockquote>\n<p style=\"text-align: justify;\">A Campanha 10 Milh\u00f5es de Estrelas \u00e9 uma iniciativa permanente de sustentabilidade e de fortalecimento da identidade da C\u00e1ritas. Atrav\u00e9s de velinhas em formato de estrela, apoia as a\u00e7\u00f5es e a miss\u00e3o da Rede, de \u201ctestemunhar e anunciar o Evangelho de Jesus Cristo, defendendo e promovendo toda forma de vida e participando da constru\u00e7\u00e3o solid\u00e1ria da sociedade do Bem Viver, sinal do Reino de Deus, junto com as pessoas em situa\u00e7\u00e3o de vulnerabilidade e exclus\u00e3o social\u201d.<\/p>\n<p style=\"text-align: justify;\">Este ano, \u00e9 poss\u00edvel contribuir adquirindo a vela na entidade participante mais pr\u00f3xima. As contribui\u00e7\u00f5es que chegam anualmente de todo o pa\u00eds fortalecem as a\u00e7\u00f5es e os projetos sociais da Rede C\u00e1ritas e alimentam esta corrente de luz e solidariedade. Procure os regionais, articula\u00e7\u00f5es e entidades membro da C\u00e1ritas Brasileira atuantes no pa\u00eds:<a href=\"https:\/\/caritas.org.br\/regionais\" target=\"_blank\" rel=\"noopener\">\u00a0https:\/\/caritas.org.br\/regionais<\/a>.<\/p>\n<h3 style=\"text-align: justify;\"><strong>Tema e lema da campanha 2023<\/strong><\/h3>\n<p style=\"text-align: justify;\">A jornada 2023 da campanha d\u00e1 continuidade \u00e0 tem\u00e1tica sobre o combate \u00e0 fome, iniciada na edi\u00e7\u00e3o anterior, e refor\u00e7a a proposi\u00e7\u00e3o da Campanha da Fraternidade deste ano. Inspirada na A\u00e7\u00e3o da Cidadania, a nossa mobiliza\u00e7\u00e3o tem como tema: Quem tem fome, tem pressa. Vamos logo socorrer! \u2013 e lema: \u201cTive fome e me destes de comer\u201d (Mt 25,35)<\/p>\n","protected":false},"excerpt":{"rendered":"<p>Em 2023, a Campanha 10 Milh\u00f5es de Estrelas, iniciativa permanente de solidariedade da C\u00e1ritas Brasileira, organismo da CNBB, ser\u00e1 celebrada presencialmente. Desde 2020, com o in\u00edcio da pandemia, o evento vinha sendo realizado de modo virtual. A celebra\u00e7\u00e3o acontecer\u00e1 no dia 18 de novembro, s\u00e1bado, a partir das 18h, na Bas\u00edlica Santu\u00e1rio S\u00e3o Francisco de [&hellip;]<\/p>\n","protected":false},"author":1,"featured_media":85297,"comment_status":"open","ping_status":"closed","sticky":false,"template":"","format":"standard","meta":{"footnotes":""},"categories":[7],"tags":[],"class_list":["post-85296","post","type-post","status-publish","format-standard","has-post-thumbnail","hentry","category-cnbb"],"_links":{"self":[{"href":"https:\/\/catolicanet.net\/wp-cnet\/wp-json\/wp\/v2\/posts\/85296","targetHints":{"allow":["GET"]}}],"collection":[{"href":"https:\/\/catolicanet.net\/wp-cnet\/wp-json\/wp\/v2\/posts"}],"about":[{"href":"https:\/\/catolicanet.net\/wp-cnet\/wp-json\/wp\/v2\/types\/post"}],"author":[{"embeddable":true,"href":"https:\/\/catolicanet.net\/wp-cnet\/wp-json\/wp\/v2\/users\/1"}],"replies":[{"embeddable":true,"href":"https:\/\/catolicanet.net\/wp-cnet\/wp-json\/wp\/v2\/comments?post=85296"}],"version-history":[{"count":1,"href":"https:\/\/catolicanet.net\/wp-cnet\/wp-json\/wp\/v2\/posts\/85296\/revisions"}],"predecessor-version":[{"id":85298,"href":"https:\/\/catolicanet.net\/wp-cnet\/wp-json\/wp\/v2\/posts\/85296\/revisions\/85298"}],"wp:featuredmedia":[{"embeddable":true,"href":"https:\/\/catolicanet.net\/wp-cnet\/wp-json\/wp\/v2\/media\/85297"}],"wp:attachment":[{"href":"https:\/\/catolicanet.net\/wp-cnet\/wp-json\/wp\/v2\/media?parent=85296"}],"wp:term":[{"taxonomy":"category","embeddable":true,"href":"https:\/\/catolicanet.net\/wp-cnet\/wp-json\/wp\/v2\/categories?post=85296"},{"taxonomy":"post_tag","embeddable":true,"href":"https:\/\/catolicanet.net\/wp-cnet\/wp-json\/wp\/v2\/tags?post=85296"}],"curies":[{"name":"wp","href":"https:\/\/api.w.org\/{rel}","templated":true}]}}