{"id":85266,"date":"2023-11-08T09:04:01","date_gmt":"2023-11-08T12:04:01","guid":{"rendered":"https:\/\/catolicanet.net\/wp-cnet\/?p=85266"},"modified":"2023-11-09T11:05:24","modified_gmt":"2023-11-09T14:05:24","slug":"papa-francisco-nomeia-dom-edivalter-andrade-como-novo-bispo-da-diocese-de-parnaiba-no-piaui","status":"publish","type":"post","link":"https:\/\/catolicanet.net\/wp-cnet\/papa-francisco-nomeia-dom-edivalter-andrade-como-novo-bispo-da-diocese-de-parnaiba-no-piaui\/","title":{"rendered":"PAPA FRANCISCO NOMEIA DOM EDIVALTER ANDRADE COMO NOVO BISPO DA DIOCESE DE PARNA\u00cdBA, NO PIAU\u00cd"},"content":{"rendered":"<p style=\"text-align: justify;\">A Nunciatura Apost\u00f3lica no Brasil comunicou na manh\u00e3 desta quarta-feira, 8 de novembro, a decis\u00e3o do Papa Francisco em nomear para a vacante diocese de Parna\u00edba, no Piau\u00ed, dom Edivalter Andrade, transferindo-o da diocese de Floriano, no mesmo estado. A diocese de Parna\u00edba estava vacante desde a transfer\u00eancia de dom Juarez de Souza da Silva para a arquidiocese de Teresina, em janeiro deste ano.<\/p>\n<p style=\"text-align: justify;\">A presid\u00eancia da CNBB enviou sauda\u00e7\u00e3o a dom Edivalter. Confira o texto, abaixo, na \u00edntegra:<\/p>\n<h3 style=\"text-align: justify;\"><strong>Sauda\u00e7\u00e3o da CNBB a dom Edivalter<\/strong><\/h3>\n<blockquote><p><em>Estimado irm\u00e3o, dom Edivalter Andrade<\/em><\/p>\n<p><em>Recebemos com muita alegria a not\u00edcia de sua nomea\u00e7\u00e3o, feita pelo Papa Francisco, como bispo de Parna\u00edba, nesta quarta-feira, 8 de novembro.<\/em><\/p>\n<p><em>Estamos certos de que essa Igreja Particular o receber\u00e1 de bra\u00e7os abertos e com muito carinho, pois \u00e9 formada por um povo muito acolhedor.<\/em><\/p>\n<p><em>Desejamos que agarre mais essa oportunidade para promulgar o an\u00fancio do Evangelho da paz. E para isso, assim como exortou o Papa Francisco em uma de suas Audi\u00eancias Gerais, pedimos para que seja um evangelizador que \u201cse move, sem temor, que vai em frente, para levar a beleza de Jesus, para levar a novidade de Jesus que muda tudo\u201d.<\/em><\/p>\n<p><em>Que Nossa Senhora, a\u00a0<\/em><em>Virgem Maria, o ajude a tornar-se testemunha cred\u00edvel do Evangelho.<\/em><\/p>\n<p><em>Em Cristo,<\/em><\/p><\/blockquote>\n<p style=\"text-align: justify;\"><strong><em>Dom Jaime Spengler<\/em><\/strong><br \/>\n<strong><em>Arcebispo de Porto Alegre (RS)<\/em><\/strong><br \/>\n<strong><em>Presidente da CNBB<\/em><\/strong><\/p>\n<p style=\"text-align: justify;\"><strong><em>Dom Jo\u00e3o Justino de Medeiros Silva<\/em><\/strong><br \/>\n<strong><em>Arcebispo de Goi\u00e2nia (GO)<\/em><\/strong><br \/>\n<strong><em>Primeiro Vice-presidente da CNBB<\/em><\/strong><\/p>\n<p style=\"text-align: justify;\"><strong><em>Dom Paulo Jackson N\u00f3brega de Sousa<\/em><\/strong><br \/>\n<strong><em>Arcebispo de Olinda e Recife (PE)<\/em><\/strong><br \/>\n<strong><em>Segundo Vice-presidente da CNBB<\/em><\/strong><\/p>\n<p style=\"text-align: justify;\"><strong><em>Dom Ricardo Hoepers<\/em><\/strong><br \/>\n<strong><em>Bispo Auxiliar de Bras\u00edlia (DF)<\/em><\/strong><br \/>\n<strong><em>Secret\u00e1rio-geral da CNBB<\/em><\/strong><\/p>\n<p style=\"text-align: justify;\"><strong><em>\u00a0<\/em><\/strong><\/p>\n<h3 style=\"text-align: justify;\"><strong>Biografia<\/strong><\/h3>\n<p style=\"text-align: justify;\">Dom Edivalter Andrade nasceu em 17 de abril de 1962 em Barra de S\u00e3o Francisco, diocese de S\u00e3o Mateus, no estado do Esp\u00edrito Santo. Estudou Filosofia (1982-1984) e Teologia (1985-1989) no Instituto de Filosofia e Teologia da Arquidiocese de Vit\u00f3ria. Frequentou cursos para formadores de Semin\u00e1rios, um em Viam\u00e3o (1990-1991) e outro em Roma (1997).\u00c9 formado em Servi\u00e7o Social pela Universidade Federal do Esp\u00edrito Santo (1993-1997).<\/p>\n<p style=\"text-align: justify;\">Recebeu a ordena\u00e7\u00e3o sacerdotal em 8 de outubro de 1989 e foi incardinado na diocese de S\u00e3o Mateus, onde desempenhou os seguintes cargos: Vig\u00e1rio paroquial em \u00c1gua Doce (1990-1992); Reitor do Semin\u00e1rio Maior (1990-1998); Administrador paroquial em Barra de S\u00e3o Francisco (1995); P\u00e1roco em Jaguar\u00e9 (1998-2001); P\u00e1roco da Catedral (2002-2014); Coordenador Diocesano de Pastoral (2002-2014); Diretor da Caritas diocesana; Ec\u00f4nomo; Diretor da R\u00e1dio Kair\u00f3s; Membro do Conselho Presbiteral; P\u00e1roco de S\u00e3o Francisco de Assis, em Barra de S\u00e3o Francisco, e Vig\u00e1rio for\u00e2neo.<\/p>\n<p style=\"text-align: justify;\">Foi nomeado pelo Papa Francisco como bispo de Floriano, no Piau\u00ed, em mar\u00e7o de 2017, ocupando o posto de terceiro bispo da diocese.<\/p>\n","protected":false},"excerpt":{"rendered":"<p>A Nunciatura Apost\u00f3lica no Brasil comunicou na manh\u00e3 desta quarta-feira, 8 de novembro, a decis\u00e3o do Papa Francisco em nomear para a vacante diocese de Parna\u00edba, no Piau\u00ed, dom Edivalter Andrade, transferindo-o da diocese de Floriano, no mesmo estado. A diocese de Parna\u00edba estava vacante desde a transfer\u00eancia de dom Juarez de Souza da Silva [&hellip;]<\/p>\n","protected":false},"author":1,"featured_media":85267,"comment_status":"open","ping_status":"closed","sticky":false,"template":"","format":"standard","meta":{"footnotes":""},"categories":[7],"tags":[],"class_list":["post-85266","post","type-post","status-publish","format-standard","has-post-thumbnail","hentry","category-cnbb"],"_links":{"self":[{"href":"https:\/\/catolicanet.net\/wp-cnet\/wp-json\/wp\/v2\/posts\/85266","targetHints":{"allow":["GET"]}}],"collection":[{"href":"https:\/\/catolicanet.net\/wp-cnet\/wp-json\/wp\/v2\/posts"}],"about":[{"href":"https:\/\/catolicanet.net\/wp-cnet\/wp-json\/wp\/v2\/types\/post"}],"author":[{"embeddable":true,"href":"https:\/\/catolicanet.net\/wp-cnet\/wp-json\/wp\/v2\/users\/1"}],"replies":[{"embeddable":true,"href":"https:\/\/catolicanet.net\/wp-cnet\/wp-json\/wp\/v2\/comments?post=85266"}],"version-history":[{"count":2,"href":"https:\/\/catolicanet.net\/wp-cnet\/wp-json\/wp\/v2\/posts\/85266\/revisions"}],"predecessor-version":[{"id":85270,"href":"https:\/\/catolicanet.net\/wp-cnet\/wp-json\/wp\/v2\/posts\/85266\/revisions\/85270"}],"wp:featuredmedia":[{"embeddable":true,"href":"https:\/\/catolicanet.net\/wp-cnet\/wp-json\/wp\/v2\/media\/85267"}],"wp:attachment":[{"href":"https:\/\/catolicanet.net\/wp-cnet\/wp-json\/wp\/v2\/media?parent=85266"}],"wp:term":[{"taxonomy":"category","embeddable":true,"href":"https:\/\/catolicanet.net\/wp-cnet\/wp-json\/wp\/v2\/categories?post=85266"},{"taxonomy":"post_tag","embeddable":true,"href":"https:\/\/catolicanet.net\/wp-cnet\/wp-json\/wp\/v2\/tags?post=85266"}],"curies":[{"name":"wp","href":"https:\/\/api.w.org\/{rel}","templated":true}]}}