{"id":85258,"date":"2023-11-09T09:51:52","date_gmt":"2023-11-09T12:51:52","guid":{"rendered":"https:\/\/catolicanet.net\/wp-cnet\/?p=85258"},"modified":"2023-11-09T10:57:50","modified_gmt":"2023-11-09T13:57:50","slug":"o-papa-a-terra-de-jesus-dilacerada-por-terriveis-sofrimentos-imploramos-a-paz","status":"publish","type":"post","link":"https:\/\/catolicanet.net\/wp-cnet\/o-papa-a-terra-de-jesus-dilacerada-por-terriveis-sofrimentos-imploramos-a-paz\/","title":{"rendered":"O Papa: a terra de Jesus dilacerada por terr\u00edveis sofrimentos, imploramos a paz"},"content":{"rendered":"<figure class=\"article__image\"><span class=\"didascalia_img\">Uma mulher palestina entre os escombros\u00a0<\/span><\/figure>\n<div class=\"article__meta \" data-mediatype=\"\">\n<div class=\"article__subTitle\" style=\"text-align: justify;\">Francisco recebeu os membros da Ordem Equestre do Santo Sepulcro de Jerusal\u00e9m e dirigiu um pensamento \u00e0 Terra Santa: \u201cMuitos inocentes mortos. Somos testemunhas de uma trag\u00e9dia nos lugares onde o Senhor viveu, onde viveu nos ensinou a amar e a perdoar&#8221;. O convite aos membros da Ordem para formar e se formar \u201cna caridade universal e inclusiva\u201d.<\/div>\n<div class=\"title__separator\" style=\"text-align: justify;\"><\/div>\n<div class=\"article__text\">\n<p style=\"text-align: justify;\"><b>Salvatore Cernuzio \u2013 Vatican News<\/b><\/p>\n<p style=\"text-align: justify;\">O Papa Francisco recebeu, nesta quinta-feira (09\/11), no Vaticano, os membros da Ordem Equestre do Santo Sepulcro de Jerusal\u00e9m. \u00a0O Pont\u00edfice recordou a Terra Santa, dilacerada pela viol\u00eancia e por um conflito que j\u00e1 causou milhares de mortes. As palavras do Papa soam quase como um choro: \u201cInfelizmente, somos testemunhas de uma trag\u00e9dia que se realiza nos lugares onde o Senhor viveu, onde nos ensinou atrav\u00e9s da sua humanidade a amar, a perdoar e a fazer o bem a todos. Os vemos dilacerados por um sofrimento terr\u00edvel que afeta sobretudo muitas pessoas inocentes, muitos inocentes mortos\u201d.<\/p>\n<p style=\"text-align: justify;\">Francisco expressou sua tristeza pela situa\u00e7\u00e3o na Terra Santa durante a audi\u00eancia com os participantes da Consulta da Ordem Equestre do Santo Sepulcro de Jerusal\u00e9m, que reuniu, em Roma, cavaleiros, damas, lugar-tenentes, delegados magistrados e este ano tamb\u00e9m bispos gr\u00e3o-priores.<\/p>\n<p style=\"text-align: justify;\"><i>Estou espiritualmente unido a voc\u00eas, que certamente vivem este encontro da Consulta, compartilhando a grande dor da Igreja M\u00e3e de Jerusal\u00e9m e implorando o dom da paz.<\/i><\/p>\n<h2 style=\"text-align: justify;\">Forma\u00e7\u00e3o espiritual e organizacional<\/h2>\n<p style=\"text-align: justify;\">O discurso de Francisco centrou-se no tema da Consulta, a forma\u00e7\u00e3o. A forma\u00e7\u00e3o para os aspirantes a ingressar na Ordem; forma\u00e7\u00e3o permanente para quem j\u00e1 participa da sua vida e miss\u00e3o; a forma\u00e7\u00e3o de quem ocupa cargos de responsabilidade do ponto de vista espiritual, \u201cna consci\u00eancia do elevado compromisso moral assumido perante o Altar\u201d, e o relativo \u00e0 organiza\u00e7\u00e3o das atividades e administra\u00e7\u00e3o dos recursos, \u201cpara satisfazer de maneira continuativa e adequada \u00e0s necessidades da Terra Santa\u201d.<\/p>\n<div style=\"text-align: justify;\">\n<div class=\"article__embed article__embed--unwrap article__embed--photo\">\n<figure><picture><img decoding=\"async\" class=\"loaded\" src=\"https:\/\/www.vaticannews.va\/content\/dam\/vaticannews\/agenzie\/images\/srv\/2023\/11\/09\/2023-11-09-partecipanti-alla-consulta-dell-ordine-equestre-del-s\/1699526234263.JPG\/_jcr_content\/renditions\/cq5dam.thumbnail.cropped.750.422.jpeg\" alt=\"O Papa com o Cardeal Filoni, Gr\u00e3o-Mestre da Ordem Equestre do Santo Sepulcro de Jerusal\u00e9m\" data-original=\"\/content\/dam\/vaticannews\/agenzie\/images\/srv\/2023\/11\/09\/2023-11-09-partecipanti-alla-consulta-dell-ordine-equestre-del-s\/1699526234263.JPG\/_jcr_content\/renditions\/cq5dam.thumbnail.cropped.750.422.jpeg\" data-was-processed=\"true\" \/><\/picture><\/figure>\n<div class=\"photo_embed--Title\">O Papa com o Cardeal Filoni, Gr\u00e3o-Mestre da Ordem Equestre do Santo Sepulcro de Jerusal\u00e9m<\/div>\n<\/div>\n<\/div>\n<h2 style=\"text-align: justify;\">O s\u00edmbolo da Cruz<\/h2>\n<p style=\"text-align: justify;\">S\u00e3o quatro as orienta\u00e7\u00f5es indicadas pelo Papa: \u201cForma\u00e7\u00e3o inicial e permanente, pr\u00e1tica e espiritual\u201d. Quatro linhas representadas no sinal da Cruz, que se destaca claramente nos mantos dos membros da Ordem. A cruz, diz ele, com o seu bra\u00e7o horizontal \u201crecorda o compromisso de fazer com que a dedica\u00e7\u00e3o a Cristo crucificado e ressuscitado abrace toda a sua vida, e na caridade os torne pr\u00f3ximos de cada irm\u00e3o e irm\u00e3\u201d. J\u00e1 na vertical, \u201clembra a complementaridade indispens\u00e1vel, no seu caminho, entre vida de ora\u00e7\u00e3o e de servi\u00e7o aos irm\u00e3os, atenta, qualificada, bem enraizada nas realidades em que trabalha, visando o bem total da pessoa&#8221;.<\/p>\n<h2 style=\"text-align: justify;\">Compromisso com os necessitados<\/h2>\n<p style=\"text-align: justify;\">Neste sentido, recordando os Estatutos que \u201cconstituem o caminho principal\u201d para caminhar como Ordem laical, Francisco exortou a \u201cassociar homens e mulheres comprometidos com uma participa\u00e7\u00e3o mais plena na vida da Igreja\u201d, a partir do \u201cIgreja M\u00e3e\u201d de Jerusal\u00e9m e abrindo-se ao mundo inteiro.<\/p>\n<p style=\"text-align: justify;\"><i>Com essa vis\u00e3o universal, voc\u00eas s\u00e3o chamados a ser uma Ordem que, forte em sua pr\u00f3pria identidade, participa do mist\u00e9rio da caridade da maneira mais bonita, aberta e dispon\u00edvel, pronta para assumir os servi\u00e7os que o Senhor pede atrav\u00e9s das necessidades dos irm\u00e3os: desde a educa\u00e7\u00e3o das crian\u00e7as nas escolas at\u00e9 a solidariedade concreta com as categorias mais fr\u00e1geis, como os idosos, os doentes e os refugiados.<\/i><\/p>\n<div style=\"text-align: justify;\">\n<div class=\"article__embed article__embed--unwrap article__embed--photo\">\n<figure><picture><img decoding=\"async\" class=\"loaded\" src=\"https:\/\/www.vaticannews.va\/content\/dam\/vaticannews\/agenzie\/images\/srv\/2023\/11\/09\/2023-11-09-partecipanti-alla-consulta-dell-ordine-equestre-del-s\/1699526245531.JPG\/_jcr_content\/renditions\/cq5dam.thumbnail.cropped.750.422.jpeg\" alt=\"Audi\u00eancia de hoje com o Papa Francisco\" data-original=\"\/content\/dam\/vaticannews\/agenzie\/images\/srv\/2023\/11\/09\/2023-11-09-partecipanti-alla-consulta-dell-ordine-equestre-del-s\/1699526245531.JPG\/_jcr_content\/renditions\/cq5dam.thumbnail.cropped.750.422.jpeg\" data-was-processed=\"true\" \/><\/picture><\/figure>\n<div class=\"photo_embed--Title\">Audi\u00eancia de hoje com o Papa Francisco<\/div>\n<\/div>\n<\/div>\n<h2 style=\"text-align: justify;\">Uma caridade praticada com intelig\u00eancia e imagina\u00e7\u00e3o<\/h2>\n<p style=\"text-align: justify;\">\u201cFormar e formar-se\u201d, portanto, \u201cnuma caridade universal e inclusiva\u201d, afirmou o Papa. Nesta perspectiva, disse ele, \u00e9 necess\u00e1rio estudar a hist\u00f3ria da Ordem e, \u201cnum contexto de escuta e de ora\u00e7\u00e3o\u201d, esfor\u00e7ar-se para adquirir compet\u00eancias para responder \u00e0s necessidades do pr\u00f3ximo: \u201cEste \u00e9 um grande servi\u00e7o que voc\u00eas podem prestar hoje \u00e0 Igreja e ao mundo\u201d, sublinhou o Pont\u00edfice.<\/p>\n<p style=\"text-align: justify;\"><i>Em todas as \u00e9pocas, mesmo na nossa marcada pelo paradigma tecnocr\u00e1tico, h\u00e1 grande necessidade de pessoas que pratiquem a caridade com intelig\u00eancia e imagina\u00e7\u00e3o.<\/i><\/p>\n<\/div>\n<div id=\"banner-donazioni\" class=\"article_banner\"><\/div>\n<\/div>\n","protected":false},"excerpt":{"rendered":"<p>Uma mulher palestina entre os escombros\u00a0 Francisco recebeu os membros da Ordem Equestre do Santo Sepulcro de Jerusal\u00e9m e dirigiu um pensamento \u00e0 Terra Santa: \u201cMuitos inocentes mortos. Somos testemunhas de uma trag\u00e9dia nos lugares onde o Senhor viveu, onde viveu nos ensinou a amar e a perdoar&#8221;. O convite aos membros da Ordem para [&hellip;]<\/p>\n","protected":false},"author":1,"featured_media":85259,"comment_status":"open","ping_status":"closed","sticky":false,"template":"","format":"standard","meta":{"footnotes":""},"categories":[3],"tags":[],"class_list":["post-85258","post","type-post","status-publish","format-standard","has-post-thumbnail","hentry","category-vaticano"],"_links":{"self":[{"href":"https:\/\/catolicanet.net\/wp-cnet\/wp-json\/wp\/v2\/posts\/85258","targetHints":{"allow":["GET"]}}],"collection":[{"href":"https:\/\/catolicanet.net\/wp-cnet\/wp-json\/wp\/v2\/posts"}],"about":[{"href":"https:\/\/catolicanet.net\/wp-cnet\/wp-json\/wp\/v2\/types\/post"}],"author":[{"embeddable":true,"href":"https:\/\/catolicanet.net\/wp-cnet\/wp-json\/wp\/v2\/users\/1"}],"replies":[{"embeddable":true,"href":"https:\/\/catolicanet.net\/wp-cnet\/wp-json\/wp\/v2\/comments?post=85258"}],"version-history":[{"count":1,"href":"https:\/\/catolicanet.net\/wp-cnet\/wp-json\/wp\/v2\/posts\/85258\/revisions"}],"predecessor-version":[{"id":85260,"href":"https:\/\/catolicanet.net\/wp-cnet\/wp-json\/wp\/v2\/posts\/85258\/revisions\/85260"}],"wp:featuredmedia":[{"embeddable":true,"href":"https:\/\/catolicanet.net\/wp-cnet\/wp-json\/wp\/v2\/media\/85259"}],"wp:attachment":[{"href":"https:\/\/catolicanet.net\/wp-cnet\/wp-json\/wp\/v2\/media?parent=85258"}],"wp:term":[{"taxonomy":"category","embeddable":true,"href":"https:\/\/catolicanet.net\/wp-cnet\/wp-json\/wp\/v2\/categories?post=85258"},{"taxonomy":"post_tag","embeddable":true,"href":"https:\/\/catolicanet.net\/wp-cnet\/wp-json\/wp\/v2\/tags?post=85258"}],"curies":[{"name":"wp","href":"https:\/\/api.w.org\/{rel}","templated":true}]}}