{"id":85192,"date":"2023-11-07T09:15:21","date_gmt":"2023-11-07T12:15:21","guid":{"rendered":"https:\/\/catolicanet.net\/wp-cnet\/?p=85192"},"modified":"2023-11-07T11:16:05","modified_gmt":"2023-11-07T14:16:05","slug":"diocese-de-picos-realiza-a-47a-assembleia-diocesana-de-pastoral","status":"publish","type":"post","link":"https:\/\/catolicanet.net\/wp-cnet\/diocese-de-picos-realiza-a-47a-assembleia-diocesana-de-pastoral\/","title":{"rendered":"DIOCESE DE PICOS REALIZA A 47\u00aa ASSEMBLEIA DIOCESANA DE PASTORAL"},"content":{"rendered":"<p style=\"text-align: justify;\">A diocese de Picos (PI) realizou sua 47\u00aa Assembleia Diocesana de Pastoral, nos dias 4 e 5 de novembro. O evento teve como finalidade avaliar a caminhada pastoral e eleger os novos coordenadores das Comiss\u00f5es Diocesanas de Pastoral. O evento aconteceu no Centro de Treinamento Diocesano (CTD), na cidade de Picos, e contou com a participa\u00e7\u00e3o do bispo diocesano, padres, religiosas, seminaristas e leigos.<\/p>\n<p style=\"text-align: justify;\">No in\u00edcio do encontro, o bispo diocesano, dom Pl\u00ednio Jos\u00e9 Luz da Silva, fez a abertura da Campanha promovida Polo F\u00f3rum das Pastorais Sociais do Regional Nordeste 4 \u201c\u00c9 tempo de cuidar, \u00c9 Tempo de agir\u201d, com a equipe C\u00e1ritas Diocesana de Picos. A iniciativa busca a arrecada\u00e7\u00e3o de alimentos para doa\u00e7\u00e3o e a efetiva\u00e7\u00e3o de pol\u00edticas p\u00fablicas para garantir a seguran\u00e7a alimentar.<\/p>\n<p style=\"text-align: justify;\"><a href=\"https:\/\/cnbbne4.org.br\/diocese-de-picos-realiza-a-47a-assembleia-diocesana-de-pastoral\/\" target=\"_blank\" rel=\"noopener\">Confira a not\u00edcia na \u00edntegra.<\/a><\/p>\n","protected":false},"excerpt":{"rendered":"<p>A diocese de Picos (PI) realizou sua 47\u00aa Assembleia Diocesana de Pastoral, nos dias 4 e 5 de novembro. O evento teve como finalidade avaliar a caminhada pastoral e eleger os novos coordenadores das Comiss\u00f5es Diocesanas de Pastoral. O evento aconteceu no Centro de Treinamento Diocesano (CTD), na cidade de Picos, e contou com a [&hellip;]<\/p>\n","protected":false},"author":1,"featured_media":85193,"comment_status":"open","ping_status":"closed","sticky":false,"template":"","format":"standard","meta":{"footnotes":""},"categories":[7],"tags":[],"class_list":["post-85192","post","type-post","status-publish","format-standard","has-post-thumbnail","hentry","category-cnbb"],"_links":{"self":[{"href":"https:\/\/catolicanet.net\/wp-cnet\/wp-json\/wp\/v2\/posts\/85192","targetHints":{"allow":["GET"]}}],"collection":[{"href":"https:\/\/catolicanet.net\/wp-cnet\/wp-json\/wp\/v2\/posts"}],"about":[{"href":"https:\/\/catolicanet.net\/wp-cnet\/wp-json\/wp\/v2\/types\/post"}],"author":[{"embeddable":true,"href":"https:\/\/catolicanet.net\/wp-cnet\/wp-json\/wp\/v2\/users\/1"}],"replies":[{"embeddable":true,"href":"https:\/\/catolicanet.net\/wp-cnet\/wp-json\/wp\/v2\/comments?post=85192"}],"version-history":[{"count":1,"href":"https:\/\/catolicanet.net\/wp-cnet\/wp-json\/wp\/v2\/posts\/85192\/revisions"}],"predecessor-version":[{"id":85194,"href":"https:\/\/catolicanet.net\/wp-cnet\/wp-json\/wp\/v2\/posts\/85192\/revisions\/85194"}],"wp:featuredmedia":[{"embeddable":true,"href":"https:\/\/catolicanet.net\/wp-cnet\/wp-json\/wp\/v2\/media\/85193"}],"wp:attachment":[{"href":"https:\/\/catolicanet.net\/wp-cnet\/wp-json\/wp\/v2\/media?parent=85192"}],"wp:term":[{"taxonomy":"category","embeddable":true,"href":"https:\/\/catolicanet.net\/wp-cnet\/wp-json\/wp\/v2\/categories?post=85192"},{"taxonomy":"post_tag","embeddable":true,"href":"https:\/\/catolicanet.net\/wp-cnet\/wp-json\/wp\/v2\/tags?post=85192"}],"curies":[{"name":"wp","href":"https:\/\/api.w.org\/{rel}","templated":true}]}}