{"id":85188,"date":"2023-11-07T09:13:30","date_gmt":"2023-11-07T12:13:30","guid":{"rendered":"https:\/\/catolicanet.net\/wp-cnet\/?p=85188"},"modified":"2023-11-07T11:15:06","modified_gmt":"2023-11-07T14:15:06","slug":"semana-missionaria-na-arquidiocese-de-manaus-antecede-o-5o-congresso-missionario-nacional","status":"publish","type":"post","link":"https:\/\/catolicanet.net\/wp-cnet\/semana-missionaria-na-arquidiocese-de-manaus-antecede-o-5o-congresso-missionario-nacional\/","title":{"rendered":"SEMANA MISSION\u00c1RIA NA ARQUIDIOCESE DE MANAUS ANTECEDE O 5\u00ba CONGRESSO MISSION\u00c1RIO NACIONAL"},"content":{"rendered":"<p style=\"text-align: justify;\">Faltam poucos dias para o in\u00edcio do 5\u00ba Congresso Mission\u00e1rio Nacional, marcado para o per\u00edodo de 10 a 15 de novembro, na arquidiocese de Manaus (AM). E congressistas de todas as regi\u00f5es do Brasil j\u00e1 est\u00e3o no Amazonas, onde participam at\u00e9 o dia 9 da Semana Mission\u00e1ria. S\u00e3o cerca de 90 mission\u00e1rios e mission\u00e1rias, entre leigos, padres e freiras, que participam de uma experi\u00eancia de imers\u00e3o na realidade eclesial da Amaz\u00f4nia.<\/p>\n<p style=\"text-align: justify;\">Na perspectiva do tema \u201cIde da Igreja Local aos confins do mundo\u201d e o lema \u201cCora\u00e7\u00f5es ardentes, p\u00e9s a caminho\u201d, a semana \u00e9 oportunidade de vivenciar o modo de ser Igreja na Amaz\u00f4nia e de mostrar os caminhos pelos quais se realiza uma evangeliza\u00e7\u00e3o de maneira sinodal, de acordo com o padre Matheus Marques, que est\u00e1 \u00e0 frente da organiza\u00e7\u00e3o da Semana Mission\u00e1ria.<\/p>\n<blockquote><p>\u201c\u00c9 uma experi\u00eancia para que possam ser inseridos dentro dessa eclesiologia, desse modo de ser igreja da gente, da igreja que est\u00e1 na Amaz\u00f4nia, para que aquilo que vai ser refletido durante o Congresso Mission\u00e1rio possa ressoar no cora\u00e7\u00e3o de algu\u00e9m que vive ou viveu essa experi\u00eancia como igreja e na igreja que est\u00e1 na Amaz\u00f4nia\u201d, comentou.<\/p><\/blockquote>\n<p style=\"text-align: justify;\"><img decoding=\"async\" class=\"aligncenter\" src=\"https:\/\/arquidiocesedemanaus.org.br\/wp-content\/uploads\/2023\/11\/acolhida_experien-missionaria-_-4nov2023-26.jpg\" \/><\/p>\n<p style=\"text-align: justify;\">Na manh\u00e3 de s\u00e1bado, 4, os mission\u00e1rios participaram do momento de acolhida, no Centro de Forma\u00e7\u00e3o Maromba, em Manaus. Na oportunidade, o coordenador de pastoral da arquidiocese de Manaus, padre Geraldo Bendaham, apresentou a realidade eclesial para os participantes, citando os desafios de evangelizar em locais de periferia e de dif\u00edcil acesso como as comunidades ribeirinhas. O envio foi conduzido por monsenhor Zenildo Lima, bispo auxiliar eleito da arquidiocese de Manaus.<\/p>\n<p style=\"text-align: justify;\">Os mission\u00e1rios seguiram para os munic\u00edpios de Autazes (Diocese de Coari), Itacoatiara (Prelazia de Itacoatiara) e Careiro da V\u00e1rzea (Arquidiocese de Manaus). Outros mission\u00e1rios estar\u00e3o na periferia de Manaus, acompanhando e participando das atividades nas \u00e1reas mission\u00e1rias S\u00e3o Pedro, S\u00e3o Jo\u00e3o XXIII, Santa Helena e Par\u00f3quia Nossa Senhora das Gra\u00e7as \u2013 Aleixo.<\/p>\n<h3 style=\"text-align: justify;\">Congresso Mission\u00e1rio<\/h3>\n<p style=\"text-align: justify;\">O 5\u00ba Congresso Mission\u00e1ria Nacional (5CMN) acontece de 10 a 15 de novembro, na arquidiocese de Manaus (AM), com o tema \u201cIde! Da Igreja local aos confins do mundo\u201d e o lema \u201cCora\u00e7\u00f5es ardentes, p\u00e9s a caminho\u201d. Ser\u00e3o esperadas mais de 1.200 pessoas de todo o Brasil, contando com um grande n\u00famero de participantes da arquidiocese de Manaus e equipes de trabalho. O 5\u00ba Congresso Mission\u00e1ria Nacional \u00e9 coordenado pelas Pontif\u00edcias Obras Mission\u00e1rias, juntamente com o Conselho Mission\u00e1rio Nacional e a CNBB, com o apoio da arquidiocese de Manaus e de diversos organismos e institui\u00e7\u00f5es.<\/p>\n<p style=\"text-align: justify;\"><img decoding=\"async\" class=\"aligncenter\" src=\"https:\/\/pom.org.br\/wp-content\/uploads\/2023\/11\/Wallpaper-Video-5CMN-1536x864.jpg\" \/><\/p>\n<p style=\"text-align: justify;\"><img decoding=\"async\" class=\"alignleft\" src=\"https:\/\/pom.org.br\/wp-content\/uploads\/2023\/11\/WhatsApp-Image-2023-10-27-at-18.52.54-300x212.jpeg\" \/><\/p>\n<p style=\"text-align: justify;\">Tamb\u00e9m durante esta semana, as equipes de trabalho preparam os kits com os materiais oficiais do evento, como a ecobag personalizada, camiseta, bon\u00e9, moleskine, manual do congresso e outros subs\u00eddios para a forma\u00e7\u00e3o.<\/p>\n<p style=\"text-align: justify;\">Para motivar as reflex\u00f5es do 5CMN, ser\u00e3o realizadas cinco confer\u00eancias ao longo dos dias, buscando aprofundar o tema sobre a responsabilidade das Igrejas locais com a miss\u00e3o al\u00e9m-fronteiras.<\/p>\n<p style=\"text-align: justify;\">Mais informa\u00e7\u00f5es sobre o 5CMN no site\u00a0<a href=\"http:\/\/www.pom.org.br\/5cmn?_gl=1*1qkcz9u*_ga*OTEwNTg1Mi4xNjQ5MTgxODc2*_ga_F8RKLX0Q4Z*MTY5OTI3NTUwMS43LjAuMTY5OTI3NTUwMS4wLjAuMA..&amp;_ga=2.175266466.1611106890.1699275501-9105852.1649181876\" target=\"_blank\" rel=\"noopener\">www.pom.org.br\/5cmn<\/a><\/p>\n<p style=\"text-align: justify;\">\n<pre>Com informa\u00e7\u00f5es e fotos das Pontif\u00edcias Obras Mission\u00e1rias e Arquidiocese de Manaus<\/pre>\n","protected":false},"excerpt":{"rendered":"<p>Faltam poucos dias para o in\u00edcio do 5\u00ba Congresso Mission\u00e1rio Nacional, marcado para o per\u00edodo de 10 a 15 de novembro, na arquidiocese de Manaus (AM). E congressistas de todas as regi\u00f5es do Brasil j\u00e1 est\u00e3o no Amazonas, onde participam at\u00e9 o dia 9 da Semana Mission\u00e1ria. S\u00e3o cerca de 90 mission\u00e1rios e mission\u00e1rias, entre [&hellip;]<\/p>\n","protected":false},"author":1,"featured_media":85189,"comment_status":"open","ping_status":"closed","sticky":false,"template":"","format":"standard","meta":{"footnotes":""},"categories":[7],"tags":[],"class_list":["post-85188","post","type-post","status-publish","format-standard","has-post-thumbnail","hentry","category-cnbb"],"_links":{"self":[{"href":"https:\/\/catolicanet.net\/wp-cnet\/wp-json\/wp\/v2\/posts\/85188","targetHints":{"allow":["GET"]}}],"collection":[{"href":"https:\/\/catolicanet.net\/wp-cnet\/wp-json\/wp\/v2\/posts"}],"about":[{"href":"https:\/\/catolicanet.net\/wp-cnet\/wp-json\/wp\/v2\/types\/post"}],"author":[{"embeddable":true,"href":"https:\/\/catolicanet.net\/wp-cnet\/wp-json\/wp\/v2\/users\/1"}],"replies":[{"embeddable":true,"href":"https:\/\/catolicanet.net\/wp-cnet\/wp-json\/wp\/v2\/comments?post=85188"}],"version-history":[{"count":1,"href":"https:\/\/catolicanet.net\/wp-cnet\/wp-json\/wp\/v2\/posts\/85188\/revisions"}],"predecessor-version":[{"id":85190,"href":"https:\/\/catolicanet.net\/wp-cnet\/wp-json\/wp\/v2\/posts\/85188\/revisions\/85190"}],"wp:featuredmedia":[{"embeddable":true,"href":"https:\/\/catolicanet.net\/wp-cnet\/wp-json\/wp\/v2\/media\/85189"}],"wp:attachment":[{"href":"https:\/\/catolicanet.net\/wp-cnet\/wp-json\/wp\/v2\/media?parent=85188"}],"wp:term":[{"taxonomy":"category","embeddable":true,"href":"https:\/\/catolicanet.net\/wp-cnet\/wp-json\/wp\/v2\/categories?post=85188"},{"taxonomy":"post_tag","embeddable":true,"href":"https:\/\/catolicanet.net\/wp-cnet\/wp-json\/wp\/v2\/tags?post=85188"}],"curies":[{"name":"wp","href":"https:\/\/api.w.org\/{rel}","templated":true}]}}